{"id":9888,"date":"2023-06-01T19:20:52","date_gmt":"2023-06-01T19:20:52","guid":{"rendered":"https:\/\/sindicomdf.com.br\/portal\/?p=9888"},"modified":"2023-06-01T19:24:26","modified_gmt":"2023-06-01T19:24:26","slug":"superintendente-regional-do-trabalho-e-sindicom-df-participam-de-seminario-internacional-sobre-trabalho-decente-em-plataformas-digitais","status":"publish","type":"post","link":"https:\/\/sindicomdf.com.br\/portal\/superintendente-regional-do-trabalho-e-sindicom-df-participam-de-seminario-internacional-sobre-trabalho-decente-em-plataformas-digitais\/","title":{"rendered":"Superintendente Regional do Trabalho e Sindicom-DF participam de Semin\u00e1rio Internacional sobre Trabalho Decente em Plataformas Digitais"},"content":{"rendered":"<p>O superintendente regional do Trabalho no Distrito Federal, Jackson Azara, juntamente com diretores do Sindicato dos Comerci\u00e1rios do DF (Sindicom-DF), marcaram presen\u00e7a no Semin\u00e1rio Internacional: Promo\u00e7\u00e3o do trabalho decente nas plataformas digitais. O evento, promovido pelo Governo Federal e a Organiza\u00e7\u00e3o Internacional do Trabalho (OIT), ocorreu nos dias 30 e 31 de maio, com o objetivo de discutir a garantia de trabalho decente para os trabalhadores de aplicativos.<\/p>\n<p><a href=\"https:\/\/sindicomdf.com.br\/portal\/wp-content\/uploads\/2023\/06\/img95.jpg\"><img loading=\"lazy\" decoding=\"async\" class=\" wp-image-9889 alignright\" src=\"https:\/\/sindicomdf.com.br\/portal\/wp-content\/uploads\/2023\/06\/img95.jpg\" alt=\"\" width=\"317\" height=\"420\" srcset=\"https:\/\/sindicomdf.com.br\/portal\/wp-content\/uploads\/2023\/06\/img95.jpg 700w, https:\/\/sindicomdf.com.br\/portal\/wp-content\/uploads\/2023\/06\/img95-227x300.jpg 227w\" sizes=\"auto, (max-width: 317px) 100vw, 317px\" \/><\/a>O semin\u00e1rio reuniu autoridades, especialistas, representantes de sindicatos e trabalhadores de diversos estados brasileiros, al\u00e9m da participa\u00e7\u00e3o do ministro do Trabalho e Emprego, Luiz Marinho, e do secret\u00e1rio de Economia Solid\u00e1ria do MTE, Gilberto Carvalho. Durante o evento, foram levantados importantes problemas e debatidos temas cruciais para a regulamenta\u00e7\u00e3o e melhoria das condi\u00e7\u00f5es de trabalho dos profissionais que atuam por interm\u00e9dio das plataformas digitais.<\/p>\n<p>Dentre os t\u00f3picos abordados, destacou-se a necessidade urgente de regulariza\u00e7\u00e3o da profiss\u00e3o, uma vez que esses profissionais enfrentam a falta de reconhecimento e de direitos trabalhistas b\u00e1sicos. A inexist\u00eancia de garantias, como jornada de trabalho definida, remunera\u00e7\u00e3o justa e acesso \u00e0 prote\u00e7\u00e3o social, foi amplamente discutida durante todo o debate.<\/p>\n<p>Para o superintendente regional do Trabalho no DF, Jackson Azara, \u00e9 preciso sair do debate e partir para a promo\u00e7\u00e3o de a\u00e7\u00f5es que assegurem o trabalho decente para os trabalhadores de aplicativo. Ele ressaltou a necessidade de se estabelecer uma regula\u00e7\u00e3o efetiva, que garanta direitos e promova uma rela\u00e7\u00e3o justa entre esses profissionais e as plataformas digitais.<\/p>\n<p>&#8220;\u00c9 fundamental que avancemos na cria\u00e7\u00e3o de leis e pol\u00edticas p\u00fablicas que reconhe\u00e7am a natureza do trabalho realizado por interm\u00e9dio das plataformas digitais e assegurem a prote\u00e7\u00e3o social e laboral adequada. A negocia\u00e7\u00e3o coletiva e a participa\u00e7\u00e3o dos trabalhadores nesse processo s\u00e3o fundamentais para alcan\u00e7ar solu\u00e7\u00f5es justas e equilibradas&#8221;, afirmou Azara.<\/p>\n<p>O evento tamb\u00e9m proporcionou um espa\u00e7o para a troca de experi\u00eancias entre os participantes, permitindo a amplia\u00e7\u00e3o do di\u00e1logo e o compartilhamento de boas pr\u00e1ticas adotadas em diferentes localidades do pa\u00eds. O objetivo foi buscar solu\u00e7\u00f5es conjuntas que possam fortalecer a defesa dos direitos dos trabalhadores de aplicativo em \u00e2mbito nacional.<\/p>\n<p><a href=\"https:\/\/sindicomdf.com.br\/portal\/wp-content\/uploads\/2023\/06\/img93.jpg\"><img loading=\"lazy\" decoding=\"async\" class=\"size-full wp-image-9890 aligncenter\" src=\"https:\/\/sindicomdf.com.br\/portal\/wp-content\/uploads\/2023\/06\/img93.jpg\" alt=\"\" width=\"700\" height=\"460\" srcset=\"https:\/\/sindicomdf.com.br\/portal\/wp-content\/uploads\/2023\/06\/img93.jpg 700w, https:\/\/sindicomdf.com.br\/portal\/wp-content\/uploads\/2023\/06\/img93-300x197.jpg 300w, https:\/\/sindicomdf.com.br\/portal\/wp-content\/uploads\/2023\/06\/img93-90x60.jpg 90w\" sizes=\"auto, (max-width: 700px) 100vw, 700px\" \/><\/a><\/p>\n<p>Para o diretor de Base do Sindicom-DF, Luiz Saraiva, o Semin\u00e1rio Internacional sobre Trabalho Decente em Plataformas Digitais se mostrou um importante espa\u00e7o de discuss\u00e3o e engajamento para a busca de solu\u00e7\u00f5es efetivas.<\/p>\n<p>\u201cO debate foi muito rico. Agora, cabe aos participantes e \u00e0s institui\u00e7\u00f5es envolvidas transformar as ideias discutidas em a\u00e7\u00f5es concretas, visando \u00e0 regulamenta\u00e7\u00e3o da profiss\u00e3o, \u00e0 melhoria das condi\u00e7\u00f5es de trabalho e \u00e0 garantia dos direitos dos trabalhadores de aplicativos. Somente por meio do di\u00e1logo cont\u00ednuo, da colabora\u00e7\u00e3o entre os atores envolvidos e da implementa\u00e7\u00e3o de pol\u00edticas adequadas, ser\u00e1 poss\u00edvel avan\u00e7ar rumo a um ambiente laboral mais justo e digno para todos os trabalhadores e trabalhadoras\u201d.<\/p>\n<p><a href=\"https:\/\/sindicomdf.com.br\/portal\/wp-content\/uploads\/2023\/06\/img94.jpg\"><img loading=\"lazy\" decoding=\"async\" class=\"size-full wp-image-9891 aligncenter\" src=\"https:\/\/sindicomdf.com.br\/portal\/wp-content\/uploads\/2023\/06\/img94.jpg\" alt=\"\" width=\"700\" height=\"447\" srcset=\"https:\/\/sindicomdf.com.br\/portal\/wp-content\/uploads\/2023\/06\/img94.jpg 700w, https:\/\/sindicomdf.com.br\/portal\/wp-content\/uploads\/2023\/06\/img94-300x192.jpg 300w, https:\/\/sindicomdf.com.br\/portal\/wp-content\/uploads\/2023\/06\/img94-190x122.jpg 190w, https:\/\/sindicomdf.com.br\/portal\/wp-content\/uploads\/2023\/06\/img94-120x76.jpg 120w, https:\/\/sindicomdf.com.br\/portal\/wp-content\/uploads\/2023\/06\/img94-265x168.jpg 265w, https:\/\/sindicomdf.com.br\/portal\/wp-content\/uploads\/2023\/06\/img94-284x180.jpg 284w, https:\/\/sindicomdf.com.br\/portal\/wp-content\/uploads\/2023\/06\/img94-220x140.jpg 220w\" sizes=\"auto, (max-width: 700px) 100vw, 700px\" \/><\/a><\/p>\n<p>Ao final do semin\u00e1rio, ficou evidente a import\u00e2ncia de se estabelecer uma agenda de trabalho que contemple a\u00e7\u00f5es concretas para enfrentar os desafios impostos pelas novas formas de trabalho proporcionadas pelas plataformas digitais. A garantia do trabalho decente \u00e9 um passo fundamental para assegurar a dignidade e os direitos desses trabalhadores, promovendo uma sociedade mais justa e inclusiva.<\/p>\n","protected":false},"excerpt":{"rendered":"<p>O superintendente regional do Trabalho no Distrito Federal, Jackson Azara, juntamente com diretores do Sindicato dos Comerci\u00e1rios do DF (Sindicom-DF), marcaram presen\u00e7a no Semin\u00e1rio Internacional: Promo\u00e7\u00e3o do trabalho decente nas plataformas digitais. O evento, promovido pelo Governo Federal e a Organiza\u00e7\u00e3o Internacional do Trabalho (OIT), ocorreu nos dias 30 e 31 de maio, com o [&hellip;]<\/p>\n","protected":false},"author":3,"featured_media":9892,"comment_status":"open","ping_status":"open","sticky":false,"template":"","format":"standard","meta":{"_bbp_topic_count":0,"_bbp_reply_count":0,"_bbp_total_topic_count":0,"_bbp_total_reply_count":0,"_bbp_voice_count":0,"_bbp_anonymous_reply_count":0,"_bbp_topic_count_hidden":0,"_bbp_reply_count_hidden":0,"_bbp_forum_subforum_count":0,"footnotes":""},"categories":[2],"tags":[],"class_list":{"0":"post-9888","1":"post","2":"type-post","3":"status-publish","4":"format-standard","5":"has-post-thumbnail","7":"category-destaque"},"yoast_head":"<!-- This site is optimized with the Yoast SEO plugin v23.7 - https:\/\/yoast.com\/wordpress\/plugins\/seo\/ -->\n<title>Superintendente Regional do Trabalho e Sindicom-DF participam de Semin\u00e1rio Internacional sobre Trabalho Decente em Plataformas Digitais - SINDICOM<\/title>\n<meta name=\"robots\" content=\"index, follow, max-snippet:-1, max-image-preview:large, max-video-preview:-1\" \/>\n<link rel=\"canonical\" href=\"https:\/\/sindicomdf.com.br\/portal\/superintendente-regional-do-trabalho-e-sindicom-df-participam-de-seminario-internacional-sobre-trabalho-decente-em-plataformas-digitais\/\" \/>\n<meta property=\"og:locale\" content=\"pt_BR\" \/>\n<meta property=\"og:type\" content=\"article\" \/>\n<meta property=\"og:title\" content=\"Superintendente Regional do Trabalho e Sindicom-DF participam de Semin\u00e1rio Internacional sobre Trabalho Decente em Plataformas Digitais - SINDICOM\" \/>\n<meta property=\"og:description\" content=\"O superintendente regional do Trabalho no Distrito Federal, Jackson Azara, juntamente com diretores do Sindicato dos Comerci\u00e1rios do DF (Sindicom-DF), marcaram presen\u00e7a no Semin\u00e1rio Internacional: Promo\u00e7\u00e3o do trabalho decente nas plataformas digitais. O evento, promovido pelo Governo Federal e a Organiza\u00e7\u00e3o Internacional do Trabalho (OIT), ocorreu nos dias 30 e 31 de maio, com o [&hellip;]\" \/>\n<meta property=\"og:url\" content=\"https:\/\/sindicomdf.com.br\/portal\/superintendente-regional-do-trabalho-e-sindicom-df-participam-de-seminario-internacional-sobre-trabalho-decente-em-plataformas-digitais\/\" \/>\n<meta property=\"og:site_name\" content=\"SINDICOM\" \/>\n<meta property=\"article:published_time\" content=\"2023-06-01T19:20:52+00:00\" \/>\n<meta property=\"article:modified_time\" content=\"2023-06-01T19:24:26+00:00\" \/>\n<meta property=\"og:image\" content=\"https:\/\/sindicomdf.com.br\/portal\/wp-content\/uploads\/2023\/06\/img92.jpg\" \/>\n\t<meta property=\"og:image:width\" content=\"700\" \/>\n\t<meta property=\"og:image:height\" content=\"474\" \/>\n\t<meta property=\"og:image:type\" content=\"image\/jpeg\" \/>\n<meta name=\"author\" content=\"Imprensa\" \/>\n<meta name=\"twitter:card\" content=\"summary_large_image\" \/>\n<meta name=\"twitter:label1\" content=\"Escrito por\" \/>\n\t<meta name=\"twitter:data1\" content=\"Imprensa\" \/>\n\t<meta name=\"twitter:label2\" content=\"Est. tempo de leitura\" \/>\n\t<meta name=\"twitter:data2\" content=\"4 minutos\" \/>\n<script type=\"application\/ld+json\" class=\"yoast-schema-graph\">{\"@context\":\"https:\/\/schema.org\",\"@graph\":[{\"@type\":\"WebPage\",\"@id\":\"https:\/\/sindicomdf.com.br\/portal\/superintendente-regional-do-trabalho-e-sindicom-df-participam-de-seminario-internacional-sobre-trabalho-decente-em-plataformas-digitais\/\",\"url\":\"https:\/\/sindicomdf.com.br\/portal\/superintendente-regional-do-trabalho-e-sindicom-df-participam-de-seminario-internacional-sobre-trabalho-decente-em-plataformas-digitais\/\",\"name\":\"Superintendente Regional do Trabalho e Sindicom-DF participam de Semin\u00e1rio Internacional sobre Trabalho Decente em Plataformas Digitais - SINDICOM\",\"isPartOf\":{\"@id\":\"https:\/\/sindicomdf.com.br\/portal\/#website\"},\"primaryImageOfPage\":{\"@id\":\"https:\/\/sindicomdf.com.br\/portal\/superintendente-regional-do-trabalho-e-sindicom-df-participam-de-seminario-internacional-sobre-trabalho-decente-em-plataformas-digitais\/#primaryimage\"},\"image\":{\"@id\":\"https:\/\/sindicomdf.com.br\/portal\/superintendente-regional-do-trabalho-e-sindicom-df-participam-de-seminario-internacional-sobre-trabalho-decente-em-plataformas-digitais\/#primaryimage\"},\"thumbnailUrl\":\"https:\/\/sindicomdf.com.br\/portal\/wp-content\/uploads\/2023\/06\/img92.jpg\",\"datePublished\":\"2023-06-01T19:20:52+00:00\",\"dateModified\":\"2023-06-01T19:24:26+00:00\",\"author\":{\"@id\":\"https:\/\/sindicomdf.com.br\/portal\/#\/schema\/person\/09372242e78b757907e33fe5db53d205\"},\"breadcrumb\":{\"@id\":\"https:\/\/sindicomdf.com.br\/portal\/superintendente-regional-do-trabalho-e-sindicom-df-participam-de-seminario-internacional-sobre-trabalho-decente-em-plataformas-digitais\/#breadcrumb\"},\"inLanguage\":\"pt-BR\",\"potentialAction\":[{\"@type\":\"ReadAction\",\"target\":[\"https:\/\/sindicomdf.com.br\/portal\/superintendente-regional-do-trabalho-e-sindicom-df-participam-de-seminario-internacional-sobre-trabalho-decente-em-plataformas-digitais\/\"]}]},{\"@type\":\"ImageObject\",\"inLanguage\":\"pt-BR\",\"@id\":\"https:\/\/sindicomdf.com.br\/portal\/superintendente-regional-do-trabalho-e-sindicom-df-participam-de-seminario-internacional-sobre-trabalho-decente-em-plataformas-digitais\/#primaryimage\",\"url\":\"https:\/\/sindicomdf.com.br\/portal\/wp-content\/uploads\/2023\/06\/img92.jpg\",\"contentUrl\":\"https:\/\/sindicomdf.com.br\/portal\/wp-content\/uploads\/2023\/06\/img92.jpg\",\"width\":700,\"height\":474},{\"@type\":\"BreadcrumbList\",\"@id\":\"https:\/\/sindicomdf.com.br\/portal\/superintendente-regional-do-trabalho-e-sindicom-df-participam-de-seminario-internacional-sobre-trabalho-decente-em-plataformas-digitais\/#breadcrumb\",\"itemListElement\":[{\"@type\":\"ListItem\",\"position\":1,\"name\":\"In\u00edcio\",\"item\":\"https:\/\/sindicomdf.com.br\/portal\/\"},{\"@type\":\"ListItem\",\"position\":2,\"name\":\"Superintendente Regional do Trabalho e Sindicom-DF participam de Semin\u00e1rio Internacional sobre Trabalho Decente em Plataformas Digitais\"}]},{\"@type\":\"WebSite\",\"@id\":\"https:\/\/sindicomdf.com.br\/portal\/#website\",\"url\":\"https:\/\/sindicomdf.com.br\/portal\/\",\"name\":\"SINDICOM\",\"description\":\"Sindicato dos Empregados no Com\u00e9rcio do DF\",\"potentialAction\":[{\"@type\":\"SearchAction\",\"target\":{\"@type\":\"EntryPoint\",\"urlTemplate\":\"https:\/\/sindicomdf.com.br\/portal\/?s={search_term_string}\"},\"query-input\":{\"@type\":\"PropertyValueSpecification\",\"valueRequired\":true,\"valueName\":\"search_term_string\"}}],\"inLanguage\":\"pt-BR\"},{\"@type\":\"Person\",\"@id\":\"https:\/\/sindicomdf.com.br\/portal\/#\/schema\/person\/09372242e78b757907e33fe5db53d205\",\"name\":\"Imprensa\",\"image\":{\"@type\":\"ImageObject\",\"inLanguage\":\"pt-BR\",\"@id\":\"https:\/\/sindicomdf.com.br\/portal\/#\/schema\/person\/image\/\",\"url\":\"https:\/\/secure.gravatar.com\/avatar\/060ac8086a7131ef4b79f847ca8f7acd57811aa2a477aca1d2a09b88754dd9de?s=96&d=mm&r=g\",\"contentUrl\":\"https:\/\/secure.gravatar.com\/avatar\/060ac8086a7131ef4b79f847ca8f7acd57811aa2a477aca1d2a09b88754dd9de?s=96&d=mm&r=g\",\"caption\":\"Imprensa\"},\"url\":\"https:\/\/sindicomdf.com.br\/portal\/author\/imprensa\/\"}]}<\/script>\n<!-- \/ Yoast SEO plugin. -->","yoast_head_json":{"title":"Superintendente Regional do Trabalho e Sindicom-DF participam de Semin\u00e1rio Internacional sobre Trabalho Decente em Plataformas Digitais - SINDICOM","robots":{"index":"index","follow":"follow","max-snippet":"max-snippet:-1","max-image-preview":"max-image-preview:large","max-video-preview":"max-video-preview:-1"},"canonical":"https:\/\/sindicomdf.com.br\/portal\/superintendente-regional-do-trabalho-e-sindicom-df-participam-de-seminario-internacional-sobre-trabalho-decente-em-plataformas-digitais\/","og_locale":"pt_BR","og_type":"article","og_title":"Superintendente Regional do Trabalho e Sindicom-DF participam de Semin\u00e1rio Internacional sobre Trabalho Decente em Plataformas Digitais - SINDICOM","og_description":"O superintendente regional do Trabalho no Distrito Federal, Jackson Azara, juntamente com diretores do Sindicato dos Comerci\u00e1rios do DF (Sindicom-DF), marcaram presen\u00e7a no Semin\u00e1rio Internacional: Promo\u00e7\u00e3o do trabalho decente nas plataformas digitais. O evento, promovido pelo Governo Federal e a Organiza\u00e7\u00e3o Internacional do Trabalho (OIT), ocorreu nos dias 30 e 31 de maio, com o [&hellip;]","og_url":"https:\/\/sindicomdf.com.br\/portal\/superintendente-regional-do-trabalho-e-sindicom-df-participam-de-seminario-internacional-sobre-trabalho-decente-em-plataformas-digitais\/","og_site_name":"SINDICOM","article_published_time":"2023-06-01T19:20:52+00:00","article_modified_time":"2023-06-01T19:24:26+00:00","og_image":[{"width":700,"height":474,"url":"https:\/\/sindicomdf.com.br\/portal\/wp-content\/uploads\/2023\/06\/img92.jpg","type":"image\/jpeg"}],"author":"Imprensa","twitter_card":"summary_large_image","twitter_misc":{"Escrito por":"Imprensa","Est. tempo de leitura":"4 minutos"},"schema":{"@context":"https:\/\/schema.org","@graph":[{"@type":"WebPage","@id":"https:\/\/sindicomdf.com.br\/portal\/superintendente-regional-do-trabalho-e-sindicom-df-participam-de-seminario-internacional-sobre-trabalho-decente-em-plataformas-digitais\/","url":"https:\/\/sindicomdf.com.br\/portal\/superintendente-regional-do-trabalho-e-sindicom-df-participam-de-seminario-internacional-sobre-trabalho-decente-em-plataformas-digitais\/","name":"Superintendente Regional do Trabalho e Sindicom-DF participam de Semin\u00e1rio Internacional sobre Trabalho Decente em Plataformas Digitais - SINDICOM","isPartOf":{"@id":"https:\/\/sindicomdf.com.br\/portal\/#website"},"primaryImageOfPage":{"@id":"https:\/\/sindicomdf.com.br\/portal\/superintendente-regional-do-trabalho-e-sindicom-df-participam-de-seminario-internacional-sobre-trabalho-decente-em-plataformas-digitais\/#primaryimage"},"image":{"@id":"https:\/\/sindicomdf.com.br\/portal\/superintendente-regional-do-trabalho-e-sindicom-df-participam-de-seminario-internacional-sobre-trabalho-decente-em-plataformas-digitais\/#primaryimage"},"thumbnailUrl":"https:\/\/sindicomdf.com.br\/portal\/wp-content\/uploads\/2023\/06\/img92.jpg","datePublished":"2023-06-01T19:20:52+00:00","dateModified":"2023-06-01T19:24:26+00:00","author":{"@id":"https:\/\/sindicomdf.com.br\/portal\/#\/schema\/person\/09372242e78b757907e33fe5db53d205"},"breadcrumb":{"@id":"https:\/\/sindicomdf.com.br\/portal\/superintendente-regional-do-trabalho-e-sindicom-df-participam-de-seminario-internacional-sobre-trabalho-decente-em-plataformas-digitais\/#breadcrumb"},"inLanguage":"pt-BR","potentialAction":[{"@type":"ReadAction","target":["https:\/\/sindicomdf.com.br\/portal\/superintendente-regional-do-trabalho-e-sindicom-df-participam-de-seminario-internacional-sobre-trabalho-decente-em-plataformas-digitais\/"]}]},{"@type":"ImageObject","inLanguage":"pt-BR","@id":"https:\/\/sindicomdf.com.br\/portal\/superintendente-regional-do-trabalho-e-sindicom-df-participam-de-seminario-internacional-sobre-trabalho-decente-em-plataformas-digitais\/#primaryimage","url":"https:\/\/sindicomdf.com.br\/portal\/wp-content\/uploads\/2023\/06\/img92.jpg","contentUrl":"https:\/\/sindicomdf.com.br\/portal\/wp-content\/uploads\/2023\/06\/img92.jpg","width":700,"height":474},{"@type":"BreadcrumbList","@id":"https:\/\/sindicomdf.com.br\/portal\/superintendente-regional-do-trabalho-e-sindicom-df-participam-de-seminario-internacional-sobre-trabalho-decente-em-plataformas-digitais\/#breadcrumb","itemListElement":[{"@type":"ListItem","position":1,"name":"In\u00edcio","item":"https:\/\/sindicomdf.com.br\/portal\/"},{"@type":"ListItem","position":2,"name":"Superintendente Regional do Trabalho e Sindicom-DF participam de Semin\u00e1rio Internacional sobre Trabalho Decente em Plataformas Digitais"}]},{"@type":"WebSite","@id":"https:\/\/sindicomdf.com.br\/portal\/#website","url":"https:\/\/sindicomdf.com.br\/portal\/","name":"SINDICOM","description":"Sindicato dos Empregados no Com\u00e9rcio do DF","potentialAction":[{"@type":"SearchAction","target":{"@type":"EntryPoint","urlTemplate":"https:\/\/sindicomdf.com.br\/portal\/?s={search_term_string}"},"query-input":{"@type":"PropertyValueSpecification","valueRequired":true,"valueName":"search_term_string"}}],"inLanguage":"pt-BR"},{"@type":"Person","@id":"https:\/\/sindicomdf.com.br\/portal\/#\/schema\/person\/09372242e78b757907e33fe5db53d205","name":"Imprensa","image":{"@type":"ImageObject","inLanguage":"pt-BR","@id":"https:\/\/sindicomdf.com.br\/portal\/#\/schema\/person\/image\/","url":"https:\/\/secure.gravatar.com\/avatar\/060ac8086a7131ef4b79f847ca8f7acd57811aa2a477aca1d2a09b88754dd9de?s=96&d=mm&r=g","contentUrl":"https:\/\/secure.gravatar.com\/avatar\/060ac8086a7131ef4b79f847ca8f7acd57811aa2a477aca1d2a09b88754dd9de?s=96&d=mm&r=g","caption":"Imprensa"},"url":"https:\/\/sindicomdf.com.br\/portal\/author\/imprensa\/"}]}},"_links":{"self":[{"href":"https:\/\/sindicomdf.com.br\/portal\/wp-json\/wp\/v2\/posts\/9888","targetHints":{"allow":["GET"]}}],"collection":[{"href":"https:\/\/sindicomdf.com.br\/portal\/wp-json\/wp\/v2\/posts"}],"about":[{"href":"https:\/\/sindicomdf.com.br\/portal\/wp-json\/wp\/v2\/types\/post"}],"author":[{"embeddable":true,"href":"https:\/\/sindicomdf.com.br\/portal\/wp-json\/wp\/v2\/users\/3"}],"replies":[{"embeddable":true,"href":"https:\/\/sindicomdf.com.br\/portal\/wp-json\/wp\/v2\/comments?post=9888"}],"version-history":[{"count":2,"href":"https:\/\/sindicomdf.com.br\/portal\/wp-json\/wp\/v2\/posts\/9888\/revisions"}],"predecessor-version":[{"id":9894,"href":"https:\/\/sindicomdf.com.br\/portal\/wp-json\/wp\/v2\/posts\/9888\/revisions\/9894"}],"wp:featuredmedia":[{"embeddable":true,"href":"https:\/\/sindicomdf.com.br\/portal\/wp-json\/wp\/v2\/media\/9892"}],"wp:attachment":[{"href":"https:\/\/sindicomdf.com.br\/portal\/wp-json\/wp\/v2\/media?parent=9888"}],"wp:term":[{"taxonomy":"category","embeddable":true,"href":"https:\/\/sindicomdf.com.br\/portal\/wp-json\/wp\/v2\/categories?post=9888"},{"taxonomy":"post_tag","embeddable":true,"href":"https:\/\/sindicomdf.com.br\/portal\/wp-json\/wp\/v2\/tags?post=9888"}],"curies":[{"name":"wp","href":"https:\/\/api.w.org\/{rel}","templated":true}]}}