{"id":9884,"date":"2023-05-28T19:21:15","date_gmt":"2023-05-28T19:21:15","guid":{"rendered":"https:\/\/sindicomdf.com.br\/portal\/?p=9884"},"modified":"2023-05-31T19:49:19","modified_gmt":"2023-05-31T19:49:19","slug":"taxa-de-desemprego-no-trimestre-e-de-85-a-menor-desde-2015-diz-ibge","status":"publish","type":"post","link":"https:\/\/sindicomdf.com.br\/portal\/taxa-de-desemprego-no-trimestre-e-de-85-a-menor-desde-2015-diz-ibge\/","title":{"rendered":"Taxa de desemprego no trimestre \u00e9 de 8,5%, a menor desde 2015, diz IBGE"},"content":{"rendered":"<p><em><strong>Cai n\u00famero de pessoas sem carteira assinada e renda fica est\u00e1vel. Os dados s\u00e3o da Pesquisa Nacional por Amostra de Domic\u00edlios (PNAD) Cont\u00ednua do Instituto Brasileiro de Geografia e Estat\u00edstica (IBGE)<\/strong><\/em><\/p>\n<p>A taxa de desemprego no Brasil foi de 8,5% no trimestre m\u00f3vel terminado abril. Este \u00edndice \u00e9\u00a0o menor dos \u00faltimos oito anos, para o per\u00edodo analisado. Em 2015 a taxa ficou em 8,1%. Na compara\u00e7\u00e3o com o mesmo per\u00edodo do ano passado o \u00edndice de 2023 tamb\u00e9m recuou em 2% &#8211; antes era de 10,5%.<\/p>\n<p>J\u00e1 em rela\u00e7\u00e3o ao trimestre imediatamente anterior, entre novembro de 2022 e janeiro deste ano, a taxa ficou praticamente est\u00e1vel. Naquele per\u00edodo, o desemprego foi de 8,4%. Esses dados s\u00e3o da Pesquisa Nacional por Amostra de Domic\u00edlios (PNAD) Cont\u00ednua, divulgada nesta quarta-feira (31) pelo Instituto Brasileiro de Geografia e Estat\u00edstica (IBGE). Os dados s\u00e3o da Pesquisa Nacional por Amostra de Domic\u00edlios (PNAD) Cont\u00ednua, divulgada nesta quarta-feira (31), pelo Instituto Brasileiro de Geografia e Estat\u00edstica (IBGE).<\/p>\n<p>A analista da pesquisa do IBGE, Alessandra Brito, afirma que a estabilidade no \u00edndice de desemprego no per\u00edodo analisado \u00e9 diferente do padr\u00e3o, quando normalmente sobe.<\/p>\n<p>\u201cEssa estabilidade \u00e9 diferente do que costumamos ver para este per\u00edodo. O padr\u00e3o sazonal do trimestre m\u00f3vel fevereiro-mar\u00e7o-abril \u00e9 de aumento da taxa de desocupa\u00e7\u00e3o, por meio de uma maior popula\u00e7\u00e3o desocupada, o que n\u00e3o ocorreu desta vez\u201d, explica a analista da pesquisa.<\/p>\n<h3><strong>Popula\u00e7\u00e3o ocupada e desocupada<\/strong><\/h3>\n<p>A popula\u00e7\u00e3o desocupada ficou em 9,1 milh\u00f5es de pessoas contra 9 milh\u00f5es do trimestre, fechado em janeiro deste ano. J\u00e1 o n\u00famero de pessoas ocupadas, de 98 milh\u00f5es, recuou 0,6% (ou menos 605 mil pessoas) na compara\u00e7\u00e3o com os resultados do trimestre anterior.<\/p>\n<p>Na compara\u00e7\u00e3o anual o n\u00famero de pessoas desocupadas diminuiu em 2,3 milh\u00f5es (19,9%).<\/p>\n<p>\u201cEssa redu\u00e7\u00e3o faz parte da tend\u00eancia sazonal observada na s\u00e9rie hist\u00f3rica. Quando se compara abril com janeiro, essa redu\u00e7\u00e3o tem ocorrido, exceto pelo per\u00edodo da pandemia\u201d, lembra Brito.<\/p>\n<h3><strong>Em abril, n\u00famero de empregados sem carteira e de trabalhadores dom\u00e9sticos recua<\/strong><\/h3>\n<p>Os resultados da PNAD Cont\u00ednua para abril tamb\u00e9m mostraram que o n\u00famero de empregados sem carteira assinada no setor privado recuou 2,9% em rela\u00e7\u00e3o ao trimestre terminado em janeiro, ficando em 12,7 milh\u00f5es. Tamb\u00e9m o contingente de trabalhadores dom\u00e9sticos recuou: diminuiu 3,2% e chegou a 5,7 milh\u00f5es de pessoas.<\/p>\n<p>Os contingentes de empregados com carteira de trabalho assinada no setor privado (36,8 milh\u00f5es), de trabalhadores por conta pr\u00f3pria (25,2 milh\u00f5es) e de empregados no setor p\u00fablico (12 milh\u00f5es) ficaram est\u00e1veis em abril.<\/p>\n<h3><strong>Rendimento e taxa de informalidade<\/strong><\/h3>\n<p>O rendimento e a taxa de informalidade ficaram est\u00e1veis. A taxa de informalidade foi estimada em 38,9% da popula\u00e7\u00e3o ocupada, o que significava 38 milh\u00f5es de trabalhadores informais em abril. No trimestre anterior, a taxa era de 39%, enquanto em abril de 2022, de 40,1%.<\/p>\n<p>J\u00e1 o rendimento real habitual ficou em R$ 2.891, estabilidade frente ao trimestre encerrado em janeiro, mas com crescimento de 7,5% na compara\u00e7\u00e3o anual. A massa de rendimento real habitual, de R$ 278,8 bilh\u00f5es, tamb\u00e9m demonstrou estabilidade na compara\u00e7\u00e3o entre trimestres, com crescimento de 9,6% no confronto com abril de 2022.<\/p>\n<p>Com informa\u00e7\u00f5es do IBGE.\u00a0Confira os dados completos da pesquisa\u00a0<strong><a href=\"https:\/\/agenciadenoticias.ibge.gov.br\/agencia-noticias\/2012-agencia-de-noticias\/noticias\/37022-desemprego-fica-estavel-em-8-5-no-trimestre-ate-abril-menor-taxa-para-o-periodo-desde-2015\" target=\"_blank\" rel=\"noopener\">aqui<\/a><\/strong><\/p>\n<p>&nbsp;<\/p>\n<p><em><strong>Fonte: Reda\u00e7\u00e3o CUT<\/strong><\/em><\/p>\n","protected":false},"excerpt":{"rendered":"<p>Cai n\u00famero de pessoas sem carteira assinada e renda fica est\u00e1vel. Os dados s\u00e3o da Pesquisa Nacional por Amostra de Domic\u00edlios (PNAD) Cont\u00ednua do Instituto Brasileiro de Geografia e Estat\u00edstica (IBGE) A taxa de desemprego no Brasil foi de 8,5% no trimestre m\u00f3vel terminado abril. Este \u00edndice \u00e9\u00a0o menor dos \u00faltimos oito anos, para o [&hellip;]<\/p>\n","protected":false},"author":3,"featured_media":9886,"comment_status":"open","ping_status":"open","sticky":false,"template":"","format":"standard","meta":{"_bbp_topic_count":0,"_bbp_reply_count":0,"_bbp_total_topic_count":0,"_bbp_total_reply_count":0,"_bbp_voice_count":0,"_bbp_anonymous_reply_count":0,"_bbp_topic_count_hidden":0,"_bbp_reply_count_hidden":0,"_bbp_forum_subforum_count":0,"footnotes":""},"categories":[2],"tags":[],"class_list":{"0":"post-9884","1":"post","2":"type-post","3":"status-publish","4":"format-standard","5":"has-post-thumbnail","7":"category-destaque"},"yoast_head":"<!-- This site is optimized with the Yoast SEO plugin v23.7 - https:\/\/yoast.com\/wordpress\/plugins\/seo\/ -->\n<title>Taxa de desemprego no trimestre \u00e9 de 8,5%, a menor desde 2015, diz IBGE - SINDICOM<\/title>\n<meta name=\"robots\" content=\"index, follow, max-snippet:-1, max-image-preview:large, max-video-preview:-1\" \/>\n<link rel=\"canonical\" href=\"https:\/\/sindicomdf.com.br\/portal\/taxa-de-desemprego-no-trimestre-e-de-85-a-menor-desde-2015-diz-ibge\/\" \/>\n<meta property=\"og:locale\" content=\"pt_BR\" \/>\n<meta property=\"og:type\" content=\"article\" \/>\n<meta property=\"og:title\" content=\"Taxa de desemprego no trimestre \u00e9 de 8,5%, a menor desde 2015, diz IBGE - SINDICOM\" \/>\n<meta property=\"og:description\" content=\"Cai n\u00famero de pessoas sem carteira assinada e renda fica est\u00e1vel. Os dados s\u00e3o da Pesquisa Nacional por Amostra de Domic\u00edlios (PNAD) Cont\u00ednua do Instituto Brasileiro de Geografia e Estat\u00edstica (IBGE) A taxa de desemprego no Brasil foi de 8,5% no trimestre m\u00f3vel terminado abril. Este \u00edndice \u00e9\u00a0o menor dos \u00faltimos oito anos, para o [&hellip;]\" \/>\n<meta property=\"og:url\" content=\"https:\/\/sindicomdf.com.br\/portal\/taxa-de-desemprego-no-trimestre-e-de-85-a-menor-desde-2015-diz-ibge\/\" \/>\n<meta property=\"og:site_name\" content=\"SINDICOM\" \/>\n<meta property=\"article:published_time\" content=\"2023-05-28T19:21:15+00:00\" \/>\n<meta property=\"article:modified_time\" content=\"2023-05-31T19:49:19+00:00\" \/>\n<meta property=\"og:image\" content=\"https:\/\/sindicomdf.com.br\/portal\/wp-content\/uploads\/2023\/05\/img38.jpg\" \/>\n\t<meta property=\"og:image:width\" content=\"700\" \/>\n\t<meta property=\"og:image:height\" content=\"460\" \/>\n\t<meta property=\"og:image:type\" content=\"image\/jpeg\" \/>\n<meta name=\"author\" content=\"Imprensa\" \/>\n<meta name=\"twitter:card\" content=\"summary_large_image\" \/>\n<meta name=\"twitter:label1\" content=\"Escrito por\" \/>\n\t<meta name=\"twitter:data1\" content=\"Imprensa\" \/>\n\t<meta name=\"twitter:label2\" content=\"Est. tempo de leitura\" \/>\n\t<meta name=\"twitter:data2\" content=\"3 minutos\" \/>\n<script type=\"application\/ld+json\" class=\"yoast-schema-graph\">{\"@context\":\"https:\/\/schema.org\",\"@graph\":[{\"@type\":\"WebPage\",\"@id\":\"https:\/\/sindicomdf.com.br\/portal\/taxa-de-desemprego-no-trimestre-e-de-85-a-menor-desde-2015-diz-ibge\/\",\"url\":\"https:\/\/sindicomdf.com.br\/portal\/taxa-de-desemprego-no-trimestre-e-de-85-a-menor-desde-2015-diz-ibge\/\",\"name\":\"Taxa de desemprego no trimestre \u00e9 de 8,5%, a menor desde 2015, diz IBGE - SINDICOM\",\"isPartOf\":{\"@id\":\"https:\/\/sindicomdf.com.br\/portal\/#website\"},\"primaryImageOfPage\":{\"@id\":\"https:\/\/sindicomdf.com.br\/portal\/taxa-de-desemprego-no-trimestre-e-de-85-a-menor-desde-2015-diz-ibge\/#primaryimage\"},\"image\":{\"@id\":\"https:\/\/sindicomdf.com.br\/portal\/taxa-de-desemprego-no-trimestre-e-de-85-a-menor-desde-2015-diz-ibge\/#primaryimage\"},\"thumbnailUrl\":\"https:\/\/sindicomdf.com.br\/portal\/wp-content\/uploads\/2023\/05\/img38.jpg\",\"datePublished\":\"2023-05-28T19:21:15+00:00\",\"dateModified\":\"2023-05-31T19:49:19+00:00\",\"author\":{\"@id\":\"https:\/\/sindicomdf.com.br\/portal\/#\/schema\/person\/09372242e78b757907e33fe5db53d205\"},\"breadcrumb\":{\"@id\":\"https:\/\/sindicomdf.com.br\/portal\/taxa-de-desemprego-no-trimestre-e-de-85-a-menor-desde-2015-diz-ibge\/#breadcrumb\"},\"inLanguage\":\"pt-BR\",\"potentialAction\":[{\"@type\":\"ReadAction\",\"target\":[\"https:\/\/sindicomdf.com.br\/portal\/taxa-de-desemprego-no-trimestre-e-de-85-a-menor-desde-2015-diz-ibge\/\"]}]},{\"@type\":\"ImageObject\",\"inLanguage\":\"pt-BR\",\"@id\":\"https:\/\/sindicomdf.com.br\/portal\/taxa-de-desemprego-no-trimestre-e-de-85-a-menor-desde-2015-diz-ibge\/#primaryimage\",\"url\":\"https:\/\/sindicomdf.com.br\/portal\/wp-content\/uploads\/2023\/05\/img38.jpg\",\"contentUrl\":\"https:\/\/sindicomdf.com.br\/portal\/wp-content\/uploads\/2023\/05\/img38.jpg\",\"width\":700,\"height\":460},{\"@type\":\"BreadcrumbList\",\"@id\":\"https:\/\/sindicomdf.com.br\/portal\/taxa-de-desemprego-no-trimestre-e-de-85-a-menor-desde-2015-diz-ibge\/#breadcrumb\",\"itemListElement\":[{\"@type\":\"ListItem\",\"position\":1,\"name\":\"In\u00edcio\",\"item\":\"https:\/\/sindicomdf.com.br\/portal\/\"},{\"@type\":\"ListItem\",\"position\":2,\"name\":\"Taxa de desemprego no trimestre \u00e9 de 8,5%, a menor desde 2015, diz IBGE\"}]},{\"@type\":\"WebSite\",\"@id\":\"https:\/\/sindicomdf.com.br\/portal\/#website\",\"url\":\"https:\/\/sindicomdf.com.br\/portal\/\",\"name\":\"SINDICOM\",\"description\":\"Sindicato dos Empregados no Com\u00e9rcio do DF\",\"potentialAction\":[{\"@type\":\"SearchAction\",\"target\":{\"@type\":\"EntryPoint\",\"urlTemplate\":\"https:\/\/sindicomdf.com.br\/portal\/?s={search_term_string}\"},\"query-input\":{\"@type\":\"PropertyValueSpecification\",\"valueRequired\":true,\"valueName\":\"search_term_string\"}}],\"inLanguage\":\"pt-BR\"},{\"@type\":\"Person\",\"@id\":\"https:\/\/sindicomdf.com.br\/portal\/#\/schema\/person\/09372242e78b757907e33fe5db53d205\",\"name\":\"Imprensa\",\"image\":{\"@type\":\"ImageObject\",\"inLanguage\":\"pt-BR\",\"@id\":\"https:\/\/sindicomdf.com.br\/portal\/#\/schema\/person\/image\/\",\"url\":\"https:\/\/secure.gravatar.com\/avatar\/060ac8086a7131ef4b79f847ca8f7acd57811aa2a477aca1d2a09b88754dd9de?s=96&d=mm&r=g\",\"contentUrl\":\"https:\/\/secure.gravatar.com\/avatar\/060ac8086a7131ef4b79f847ca8f7acd57811aa2a477aca1d2a09b88754dd9de?s=96&d=mm&r=g\",\"caption\":\"Imprensa\"},\"url\":\"https:\/\/sindicomdf.com.br\/portal\/author\/imprensa\/\"}]}<\/script>\n<!-- \/ Yoast SEO plugin. -->","yoast_head_json":{"title":"Taxa de desemprego no trimestre \u00e9 de 8,5%, a menor desde 2015, diz IBGE - SINDICOM","robots":{"index":"index","follow":"follow","max-snippet":"max-snippet:-1","max-image-preview":"max-image-preview:large","max-video-preview":"max-video-preview:-1"},"canonical":"https:\/\/sindicomdf.com.br\/portal\/taxa-de-desemprego-no-trimestre-e-de-85-a-menor-desde-2015-diz-ibge\/","og_locale":"pt_BR","og_type":"article","og_title":"Taxa de desemprego no trimestre \u00e9 de 8,5%, a menor desde 2015, diz IBGE - SINDICOM","og_description":"Cai n\u00famero de pessoas sem carteira assinada e renda fica est\u00e1vel. Os dados s\u00e3o da Pesquisa Nacional por Amostra de Domic\u00edlios (PNAD) Cont\u00ednua do Instituto Brasileiro de Geografia e Estat\u00edstica (IBGE) A taxa de desemprego no Brasil foi de 8,5% no trimestre m\u00f3vel terminado abril. Este \u00edndice \u00e9\u00a0o menor dos \u00faltimos oito anos, para o [&hellip;]","og_url":"https:\/\/sindicomdf.com.br\/portal\/taxa-de-desemprego-no-trimestre-e-de-85-a-menor-desde-2015-diz-ibge\/","og_site_name":"SINDICOM","article_published_time":"2023-05-28T19:21:15+00:00","article_modified_time":"2023-05-31T19:49:19+00:00","og_image":[{"width":700,"height":460,"url":"https:\/\/sindicomdf.com.br\/portal\/wp-content\/uploads\/2023\/05\/img38.jpg","type":"image\/jpeg"}],"author":"Imprensa","twitter_card":"summary_large_image","twitter_misc":{"Escrito por":"Imprensa","Est. tempo de leitura":"3 minutos"},"schema":{"@context":"https:\/\/schema.org","@graph":[{"@type":"WebPage","@id":"https:\/\/sindicomdf.com.br\/portal\/taxa-de-desemprego-no-trimestre-e-de-85-a-menor-desde-2015-diz-ibge\/","url":"https:\/\/sindicomdf.com.br\/portal\/taxa-de-desemprego-no-trimestre-e-de-85-a-menor-desde-2015-diz-ibge\/","name":"Taxa de desemprego no trimestre \u00e9 de 8,5%, a menor desde 2015, diz IBGE - SINDICOM","isPartOf":{"@id":"https:\/\/sindicomdf.com.br\/portal\/#website"},"primaryImageOfPage":{"@id":"https:\/\/sindicomdf.com.br\/portal\/taxa-de-desemprego-no-trimestre-e-de-85-a-menor-desde-2015-diz-ibge\/#primaryimage"},"image":{"@id":"https:\/\/sindicomdf.com.br\/portal\/taxa-de-desemprego-no-trimestre-e-de-85-a-menor-desde-2015-diz-ibge\/#primaryimage"},"thumbnailUrl":"https:\/\/sindicomdf.com.br\/portal\/wp-content\/uploads\/2023\/05\/img38.jpg","datePublished":"2023-05-28T19:21:15+00:00","dateModified":"2023-05-31T19:49:19+00:00","author":{"@id":"https:\/\/sindicomdf.com.br\/portal\/#\/schema\/person\/09372242e78b757907e33fe5db53d205"},"breadcrumb":{"@id":"https:\/\/sindicomdf.com.br\/portal\/taxa-de-desemprego-no-trimestre-e-de-85-a-menor-desde-2015-diz-ibge\/#breadcrumb"},"inLanguage":"pt-BR","potentialAction":[{"@type":"ReadAction","target":["https:\/\/sindicomdf.com.br\/portal\/taxa-de-desemprego-no-trimestre-e-de-85-a-menor-desde-2015-diz-ibge\/"]}]},{"@type":"ImageObject","inLanguage":"pt-BR","@id":"https:\/\/sindicomdf.com.br\/portal\/taxa-de-desemprego-no-trimestre-e-de-85-a-menor-desde-2015-diz-ibge\/#primaryimage","url":"https:\/\/sindicomdf.com.br\/portal\/wp-content\/uploads\/2023\/05\/img38.jpg","contentUrl":"https:\/\/sindicomdf.com.br\/portal\/wp-content\/uploads\/2023\/05\/img38.jpg","width":700,"height":460},{"@type":"BreadcrumbList","@id":"https:\/\/sindicomdf.com.br\/portal\/taxa-de-desemprego-no-trimestre-e-de-85-a-menor-desde-2015-diz-ibge\/#breadcrumb","itemListElement":[{"@type":"ListItem","position":1,"name":"In\u00edcio","item":"https:\/\/sindicomdf.com.br\/portal\/"},{"@type":"ListItem","position":2,"name":"Taxa de desemprego no trimestre \u00e9 de 8,5%, a menor desde 2015, diz IBGE"}]},{"@type":"WebSite","@id":"https:\/\/sindicomdf.com.br\/portal\/#website","url":"https:\/\/sindicomdf.com.br\/portal\/","name":"SINDICOM","description":"Sindicato dos Empregados no Com\u00e9rcio do DF","potentialAction":[{"@type":"SearchAction","target":{"@type":"EntryPoint","urlTemplate":"https:\/\/sindicomdf.com.br\/portal\/?s={search_term_string}"},"query-input":{"@type":"PropertyValueSpecification","valueRequired":true,"valueName":"search_term_string"}}],"inLanguage":"pt-BR"},{"@type":"Person","@id":"https:\/\/sindicomdf.com.br\/portal\/#\/schema\/person\/09372242e78b757907e33fe5db53d205","name":"Imprensa","image":{"@type":"ImageObject","inLanguage":"pt-BR","@id":"https:\/\/sindicomdf.com.br\/portal\/#\/schema\/person\/image\/","url":"https:\/\/secure.gravatar.com\/avatar\/060ac8086a7131ef4b79f847ca8f7acd57811aa2a477aca1d2a09b88754dd9de?s=96&d=mm&r=g","contentUrl":"https:\/\/secure.gravatar.com\/avatar\/060ac8086a7131ef4b79f847ca8f7acd57811aa2a477aca1d2a09b88754dd9de?s=96&d=mm&r=g","caption":"Imprensa"},"url":"https:\/\/sindicomdf.com.br\/portal\/author\/imprensa\/"}]}},"_links":{"self":[{"href":"https:\/\/sindicomdf.com.br\/portal\/wp-json\/wp\/v2\/posts\/9884","targetHints":{"allow":["GET"]}}],"collection":[{"href":"https:\/\/sindicomdf.com.br\/portal\/wp-json\/wp\/v2\/posts"}],"about":[{"href":"https:\/\/sindicomdf.com.br\/portal\/wp-json\/wp\/v2\/types\/post"}],"author":[{"embeddable":true,"href":"https:\/\/sindicomdf.com.br\/portal\/wp-json\/wp\/v2\/users\/3"}],"replies":[{"embeddable":true,"href":"https:\/\/sindicomdf.com.br\/portal\/wp-json\/wp\/v2\/comments?post=9884"}],"version-history":[{"count":1,"href":"https:\/\/sindicomdf.com.br\/portal\/wp-json\/wp\/v2\/posts\/9884\/revisions"}],"predecessor-version":[{"id":9887,"href":"https:\/\/sindicomdf.com.br\/portal\/wp-json\/wp\/v2\/posts\/9884\/revisions\/9887"}],"wp:featuredmedia":[{"embeddable":true,"href":"https:\/\/sindicomdf.com.br\/portal\/wp-json\/wp\/v2\/media\/9886"}],"wp:attachment":[{"href":"https:\/\/sindicomdf.com.br\/portal\/wp-json\/wp\/v2\/media?parent=9884"}],"wp:term":[{"taxonomy":"category","embeddable":true,"href":"https:\/\/sindicomdf.com.br\/portal\/wp-json\/wp\/v2\/categories?post=9884"},{"taxonomy":"post_tag","embeddable":true,"href":"https:\/\/sindicomdf.com.br\/portal\/wp-json\/wp\/v2\/tags?post=9884"}],"curies":[{"name":"wp","href":"https:\/\/api.w.org\/{rel}","templated":true}]}}