{"id":9871,"date":"2023-05-24T18:52:40","date_gmt":"2023-05-24T18:52:40","guid":{"rendered":"https:\/\/sindicomdf.com.br\/portal\/?p=9871"},"modified":"2023-05-24T18:52:40","modified_gmt":"2023-05-24T18:52:40","slug":"oferta-de-10-mil-vagas-traz-expectativa-para-os-concurseiros","status":"publish","type":"post","link":"https:\/\/sindicomdf.com.br\/portal\/oferta-de-10-mil-vagas-traz-expectativa-para-os-concurseiros\/","title":{"rendered":"Oferta de 10 mil vagas traz expectativa para os concurseiros"},"content":{"rendered":"<p><em><strong>S\u00f3 no \u00faltimo governo, a defasagem no setor p\u00fablico federal \u00e9 de 131 mil servidores a menos\u201d, informa o secret\u00e1rio-geral da Condsef, S\u00e9rgio Ronaldo<\/strong><\/em><\/p>\n<p>Para quem vem estudando h\u00e1 muito tempo para ingressar na carreira p\u00fablica h\u00e1 muitas oportunidades este ano. O governo federal anunciou novas vagas de concurso\u00a0para recompor o quadro do funcionalismo, defasado nos \u00faltimos anos. Casos como o atraso da an\u00e1lise de processos no Instituto Nacional do Seguro Social (INSS), aumento da fila nos servi\u00e7os de sa\u00fade, desassist\u00eancia a povos ind\u00edgenas com redu\u00e7\u00e3o do quadro da Funda\u00e7\u00e3o Nacional dos Povos Ind\u00edgenas (Funai), mostram essa defasagem.<\/p>\n<p>S\u00f3 do \u00faltimo governo a defasagem no setor p\u00fablico federal \u00e9 de 131 mil servidores a menos\u201d, informa o secret\u00e1rio-geral da Confedera\u00e7\u00e3o dos Trabalhadores no Servi\u00e7o P\u00fablico Federal (Condsef), S\u00e9rgio Ronaldo da Silva. \u201c\u00c9 preciso fazer uma recomposi\u00e7\u00e3o emergencial, porque um servidor do Executivo est\u00e1 fazendo as tarefas de tr\u00eas. Essa urg\u00eancia nos concursos \u00e9 imediata porque os servi\u00e7os p\u00fablicos tiveram uma decad\u00eancia muito grande nos \u00faltimos anos. Ao juntar essa defasagem do governo Bolsonaro com o que j\u00e1 tinha do passado, avaliamos que chega a ser em torno de 200 mil novos servidores para suprir a defasagem do executivo\u201d.<\/p>\n<p>O secret\u00e1rio da Condsef disse que os setores mais cr\u00edticos s\u00e3o a \u00e1rea ambiental, agr\u00e1ria, ind\u00edgena (Funai), INSS, sa\u00fade e educa\u00e7\u00e3o. \u201cOs outros tamb\u00e9m t\u00eam, mas n\u00e3o na mesma necessidade desses setores, que precisam recompor essa for\u00e7a de trabalho, tanto dos que faleceram no per\u00edodo da covid-19, quanto os que se aposentaram e muitos est\u00e3o afastados por conta de uma s\u00e9rie de fatores\u201d.<\/p>\n<p>S\u00e9rgio Ronaldo ressalta o impacto da redu\u00e7\u00e3o dos recursos humanos que promovem esses servi\u00e7os e pol\u00edticas p\u00fablicas. \u201cEssa redu\u00e7\u00e3o da for\u00e7a de trabalho \u00e9 dr\u00e1stica para a popula\u00e7\u00e3o brasileira, que carece dos servi\u00e7os. O INSS est\u00e1 em uma situa\u00e7\u00e3o ca\u00f3tica. O governo se comprometeu a acabar com a fila em um ano, mas o INSS precisa em torno de 20 mil novos concursados. J\u00e1 chegou a ter 42 mil trabalhadores em atividade e hoje tem 18 [mil]. Precisa repor essa for\u00e7a de trabalho e acabar com a fila de INSS que gira em torno de 1 milh\u00e3o de pessoas. Ficam prejudicados quem mais necessita dos servi\u00e7os p\u00fablicos, que \u00e9 povo mais carente e das regi\u00f5es mais in\u00f3spitas do nosso pa\u00eds\u201d, lamenta.<\/p>\n<p>A Ag\u00eancia Brasil entrou em contato com o Minist\u00e9rio da Gest\u00e3o e da Inova\u00e7\u00e3o em Servi\u00e7os P\u00fablicos (MGI) para saber quantas vagas s\u00e3o necess\u00e1rias para recompor o quadro. A pasta informou que est\u00e1 analisando as demandas por concursos p\u00fablicos dos \u00f3rg\u00e3os e entidades da administra\u00e7\u00e3o p\u00fablica federal, mas disse que n\u00e3o comenta solicita\u00e7\u00f5es em an\u00e1lise.<\/p>\n<p>Para este ano, o MGI j\u00e1 autorizou 9.637 vagas. Quem se interessa pelas vagas do servi\u00e7o p\u00fablico federal, j\u00e1 pode se preparar ou aumentar o ritmo de estudos. S\u00f3 no Instituto Brasileiro de Geografia e Estat\u00edstica (IBGE), ser\u00e3o disponibilizadas 8.141 vagas, e no Minist\u00e9rio da Ci\u00eancia, Tecnologia e Inova\u00e7\u00e3o, ser\u00e3o 814 vagas de n\u00edvel superior.<\/p>\n<p>\u201cImportante lembrar que o MGI apenas autoriza o concurso p\u00fablico. A publica\u00e7\u00e3o do edital e realiza\u00e7\u00e3o do certame cabe a cada \u00f3rg\u00e3o autorizado\u201d, lembra a pasta, em nota.<\/p>\n<p>O MGI j\u00e1 autorizou tamb\u00e9m a realiza\u00e7\u00e3o de concurso p\u00fablico para preenchimento de cargos no Minist\u00e9rio do Meio Ambiente e Mudan\u00e7a do Clima e na Funda\u00e7\u00e3o Nacional dos Povos Ind\u00edgenas (Funai).<\/p>\n<p>A ministra da Gest\u00e3o e da Inova\u00e7\u00e3o em Servi\u00e7os P\u00fablicos, Esther Dweck, disse, em abril, que at\u00e9 o fim deste ano devem ser anunciados tr\u00eas blocos de concursos p\u00fablicos para recomposi\u00e7\u00e3o de pessoal.<\/p>\n<p><strong>Modalidades<\/strong><\/p>\n<p>O concurso p\u00fablico tem a finalidade de preencher cargos p\u00fablicos com as pessoas mais preparadas e de maneira justa. Essa modalidade de ingresso no servi\u00e7o p\u00fablico est\u00e1 prevista na Constitui\u00e7\u00e3o Federal (Artigo 37) e em outras leis complementares.<\/p>\n<p>Todo concurso p\u00fablico precisa ter, pelo menos, uma prova escrita, que pode ser objetiva ou dissertativa, ou ambas. Apesar de n\u00e3o serem obrigat\u00f3rias, provas pr\u00e1ticas, avalia\u00e7\u00f5es de t\u00edtulos e testes f\u00edsicos poder\u00e3o ser realizados.<\/p>\n<p>J\u00e1 o processo seletivo visa suprir uma necessidade, na maioria das vezes urgente ou tempor\u00e1ria, em que o n\u00famero de concursados do \u00f3rg\u00e3o n\u00e3o \u00e9 suficiente para realizar todo o servi\u00e7o, como \u00e9 o caso dos processos seletivos do IBGE, em que selecionam agentes e outras fun\u00e7\u00f5es para o Censo. O modelo de contrata\u00e7\u00e3o \u00e9 tempor\u00e1rio.<\/p>\n<p><strong>Interior<\/strong><\/p>\n<p>Al\u00e9m das vagas do governo federal, os estados e os munic\u00edpios realizam concursos para comporem seus quadros de funcion\u00e1rios. Nos munic\u00edpios, a m\u00e9dia \u00e9 de nove vagas para as c\u00e2maras de vereadores e de 200 vagas para as prefeituras.<\/p>\n<p>A Lei Federal 8.666\/93, que vigora at\u00e9 o fim de 2023, e a nova Lei de Licita\u00e7\u00e3o n\u00ba 14133\/21, que j\u00e1 est\u00e1 em vigor e substituir\u00e1 a 8666\/93, estabelecem as formas de contrata\u00e7\u00e3o por meio do processo licitat\u00f3rio em modalidades (preg\u00e3o, tomada de pre\u00e7o, concorr\u00eancia, entre outras), mas abre a possibilidade para dispensa de licita\u00e7\u00e3o, quando a contrata\u00e7\u00e3o for voltada para institui\u00e7\u00f5es privadas de natureza jur\u00eddica sem fins lucrativos, com a pacifica\u00e7\u00e3o do Tribunal de Contas da Uni\u00e3o, por meio da S\u00famula 287.<\/p>\n<p>Atualmente, a dispensa de licita\u00e7\u00e3o \u00e9 a forma mais utilizada para contrata\u00e7\u00e3o na esfera Federal e estadual, que conta com organizadoras de abrang\u00eancia nacional como Funda\u00e7\u00e3o Getulio Vargas (FGV), Funda\u00e7\u00e3o Cesgranrio, Centro de Sele\u00e7\u00e3o e de Promo\u00e7\u00e3o de Eventos (Cespe), Funda\u00e7\u00e3o Carlos Chagas (FCC), Funda\u00e7\u00e3o para o Vestibular da Universidade Estadual Paulista (Vunesp).<\/p>\n<p>\u201cMesmo tendo a possibilidade de dispensa, a maioria das cidades abaixo de 200 mil habitantes ainda est\u00e1 utilizando o preg\u00e3o presencial, que \u00e9 uma modalidade muito fr\u00e1gil para esse tipo de contrata\u00e7\u00e3o, devido \u00e0 baixa exig\u00eancia de qualifica\u00e7\u00e3o das organizadoras\u201d, disse o diretor de Projetos e Opera\u00e7\u00f5es, Marcelo Navarro, do Instituto Assistencial de Desenvolvimento Humano, Educacional e Desportivo (IADHED), organizadora de concursos p\u00fablicos.<\/p>\n<p>Para ele, a concorr\u00eancia ou a tomada de pre\u00e7o s\u00e3o as modalidades mais adequadas para contrata\u00e7\u00e3o do objeto concurso p\u00fablico. \u201cDevido a toda a complexidade e idoneidade exigida na operacionaliza\u00e7\u00e3o desse tipo de servi\u00e7o junto a \u00f3rg\u00e3os p\u00fablicos\u201d.<\/p>\n<p>O diretor da organizadora de concursos explica que nos \u00faltimos anos ocorreu uma evolu\u00e7\u00e3o significativa nos certames, seja no n\u00edvel de exig\u00eancias e de fiscaliza\u00e7\u00e3o dos atos e fases. \u201cOs avan\u00e7os tecnol\u00f3gicos foram fundamentais nesse processo, agilizando toda a execu\u00e7\u00e3o e acompanhamento\u201d, disse.<\/p>\n<p>Na vis\u00e3o dele, todo esse avan\u00e7o proporciona uma melhor sele\u00e7\u00e3o de servidores p\u00fablicos. \u201cOs servidores p\u00fablicos efetivos contribuem para transpar\u00eancia das a\u00e7\u00f5es dos gestores p\u00fablicos. Considerando que um servidor concursado n\u00e3o deve seu cargo ao ente pol\u00edtico, ele pode agir estritamente dentro da legalidade, sem medo de perder seu cargo, por n\u00e3o atender a solicita\u00e7\u00f5es n\u00e3o republicanas de alguns gestores\u201d.<\/p>\n<p><strong>Preparat\u00f3rios<\/strong><\/p>\n<p>O setor de cursos preparat\u00f3rios tamb\u00e9m tem boas expectativas para este ano. \u201cAcreditamos fortemente que teremos mais alguns concursos nas carreiras banc\u00e1rias, inclusive da Caixa Econ\u00f4mica Federal, que ainda depende de decis\u00e3o judicial. Apostamos tamb\u00e9m na continuidade das recomposi\u00e7\u00f5es, como t\u00eam acontecido desde o in\u00edcio do ano, com concursos do Executivo e do Judici\u00e1rio estaduais, principalmente seguran\u00e7a p\u00fablica e fiscais de tributos\u201d, disse M\u00e1rcio Cisco, gerente de Preparat\u00f3rios da Casa do Concurseiro, curso digital preparat\u00f3rio para concursos p\u00fablicos, sediado em Porto Alegre.<\/p>\n<p>Com 17 mil alunos ativos, Cisco diz que a procura tem sido por cursos que preparam para os concursos p\u00fablicos de bancos. \u201cHoje, a maior procura \u00e9 para os concursos na \u00e1rea banc\u00e1ria, considerando a refer\u00eancia dos nossos professores no mercado. Outras \u00e1reas que tamb\u00e9m s\u00e3o bastante requisitadas s\u00e3o as de carreira policial e as carreiras administrativas do Judici\u00e1rio e do INSS\u201d.<\/p>\n<p>O candidato a delegado, Alessandro Gabri, afirmou que \u201cpara passar em um concurso p\u00fablico, n\u00e3o \u00e9 preciso ser inteligente e fora da curva. \u00c9 ser esfor\u00e7ado, ter paci\u00eancia e perseverar. Ver e rever a mat\u00e9ria e esperar o seu momento. S\u00f3 n\u00e3o passa no concurso quem desiste. Alguns passam mais r\u00e1pido, outros demoram mais. Esse tempo \u00e9 um tempo dolorido, de solid\u00e3o, de dedica\u00e7\u00e3o e ter foco. O concurso tem in\u00edcio, meio, e esse meio demora, parece que nunca vai acabar, e tem o fim que \u00e9 a posse. O estudo mudou a minha vida e pode mudar a vida de qualquer um\u201d.<\/p>\n<p>&nbsp;<\/p>\n<p><em>Fonte: Ag\u00eancia Brasil. A vers\u00e3o original pode ser acessada <a href=\"https:\/\/agenciabrasil.ebc.com.br\/geral\/noticia\/2023-05\/oferta-de-10-mil-vagas-traz-expectativa-para-os-concurseiros\" target=\"_blank\" rel=\"noopener\">aqui<\/a>.<\/em><\/p>\n","protected":false},"excerpt":{"rendered":"<p>S\u00f3 no \u00faltimo governo, a defasagem no setor p\u00fablico federal \u00e9 de 131 mil servidores a menos\u201d, informa o secret\u00e1rio-geral da Condsef, S\u00e9rgio Ronaldo Para quem vem estudando h\u00e1 muito tempo para ingressar na carreira p\u00fablica h\u00e1 muitas oportunidades este ano. O governo federal anunciou novas vagas de concurso\u00a0para recompor o quadro do funcionalismo, defasado [&hellip;]<\/p>\n","protected":false},"author":3,"featured_media":9872,"comment_status":"open","ping_status":"open","sticky":false,"template":"","format":"standard","meta":{"_bbp_topic_count":0,"_bbp_reply_count":0,"_bbp_total_topic_count":0,"_bbp_total_reply_count":0,"_bbp_voice_count":0,"_bbp_anonymous_reply_count":0,"_bbp_topic_count_hidden":0,"_bbp_reply_count_hidden":0,"_bbp_forum_subforum_count":0,"footnotes":""},"categories":[2],"tags":[],"class_list":{"0":"post-9871","1":"post","2":"type-post","3":"status-publish","4":"format-standard","5":"has-post-thumbnail","7":"category-destaque"},"yoast_head":"<!-- This site is optimized with the Yoast SEO plugin v23.7 - https:\/\/yoast.com\/wordpress\/plugins\/seo\/ -->\n<title>Oferta de 10 mil vagas traz expectativa para os concurseiros - SINDICOM<\/title>\n<meta name=\"robots\" content=\"index, follow, max-snippet:-1, max-image-preview:large, max-video-preview:-1\" \/>\n<link rel=\"canonical\" href=\"https:\/\/sindicomdf.com.br\/portal\/oferta-de-10-mil-vagas-traz-expectativa-para-os-concurseiros\/\" \/>\n<meta property=\"og:locale\" content=\"pt_BR\" \/>\n<meta property=\"og:type\" content=\"article\" \/>\n<meta property=\"og:title\" content=\"Oferta de 10 mil vagas traz expectativa para os concurseiros - SINDICOM\" \/>\n<meta property=\"og:description\" content=\"S\u00f3 no \u00faltimo governo, a defasagem no setor p\u00fablico federal \u00e9 de 131 mil servidores a menos\u201d, informa o secret\u00e1rio-geral da Condsef, S\u00e9rgio Ronaldo Para quem vem estudando h\u00e1 muito tempo para ingressar na carreira p\u00fablica h\u00e1 muitas oportunidades este ano. O governo federal anunciou novas vagas de concurso\u00a0para recompor o quadro do funcionalismo, defasado [&hellip;]\" \/>\n<meta property=\"og:url\" content=\"https:\/\/sindicomdf.com.br\/portal\/oferta-de-10-mil-vagas-traz-expectativa-para-os-concurseiros\/\" \/>\n<meta property=\"og:site_name\" content=\"SINDICOM\" \/>\n<meta property=\"article:published_time\" content=\"2023-05-24T18:52:40+00:00\" \/>\n<meta property=\"og:image\" content=\"https:\/\/sindicomdf.com.br\/portal\/wp-content\/uploads\/2023\/05\/img4.jpeg\" \/>\n\t<meta property=\"og:image:width\" content=\"700\" \/>\n\t<meta property=\"og:image:height\" content=\"460\" \/>\n\t<meta property=\"og:image:type\" content=\"image\/jpeg\" \/>\n<meta name=\"author\" content=\"Imprensa\" \/>\n<meta name=\"twitter:card\" content=\"summary_large_image\" \/>\n<meta name=\"twitter:label1\" content=\"Escrito por\" \/>\n\t<meta name=\"twitter:data1\" content=\"Imprensa\" \/>\n\t<meta name=\"twitter:label2\" content=\"Est. tempo de leitura\" \/>\n\t<meta name=\"twitter:data2\" content=\"8 minutos\" \/>\n<script type=\"application\/ld+json\" class=\"yoast-schema-graph\">{\"@context\":\"https:\/\/schema.org\",\"@graph\":[{\"@type\":\"WebPage\",\"@id\":\"https:\/\/sindicomdf.com.br\/portal\/oferta-de-10-mil-vagas-traz-expectativa-para-os-concurseiros\/\",\"url\":\"https:\/\/sindicomdf.com.br\/portal\/oferta-de-10-mil-vagas-traz-expectativa-para-os-concurseiros\/\",\"name\":\"Oferta de 10 mil vagas traz expectativa para os concurseiros - SINDICOM\",\"isPartOf\":{\"@id\":\"https:\/\/sindicomdf.com.br\/portal\/#website\"},\"primaryImageOfPage\":{\"@id\":\"https:\/\/sindicomdf.com.br\/portal\/oferta-de-10-mil-vagas-traz-expectativa-para-os-concurseiros\/#primaryimage\"},\"image\":{\"@id\":\"https:\/\/sindicomdf.com.br\/portal\/oferta-de-10-mil-vagas-traz-expectativa-para-os-concurseiros\/#primaryimage\"},\"thumbnailUrl\":\"https:\/\/sindicomdf.com.br\/portal\/wp-content\/uploads\/2023\/05\/img4.jpeg\",\"datePublished\":\"2023-05-24T18:52:40+00:00\",\"dateModified\":\"2023-05-24T18:52:40+00:00\",\"author\":{\"@id\":\"https:\/\/sindicomdf.com.br\/portal\/#\/schema\/person\/09372242e78b757907e33fe5db53d205\"},\"breadcrumb\":{\"@id\":\"https:\/\/sindicomdf.com.br\/portal\/oferta-de-10-mil-vagas-traz-expectativa-para-os-concurseiros\/#breadcrumb\"},\"inLanguage\":\"pt-BR\",\"potentialAction\":[{\"@type\":\"ReadAction\",\"target\":[\"https:\/\/sindicomdf.com.br\/portal\/oferta-de-10-mil-vagas-traz-expectativa-para-os-concurseiros\/\"]}]},{\"@type\":\"ImageObject\",\"inLanguage\":\"pt-BR\",\"@id\":\"https:\/\/sindicomdf.com.br\/portal\/oferta-de-10-mil-vagas-traz-expectativa-para-os-concurseiros\/#primaryimage\",\"url\":\"https:\/\/sindicomdf.com.br\/portal\/wp-content\/uploads\/2023\/05\/img4.jpeg\",\"contentUrl\":\"https:\/\/sindicomdf.com.br\/portal\/wp-content\/uploads\/2023\/05\/img4.jpeg\",\"width\":700,\"height\":460},{\"@type\":\"BreadcrumbList\",\"@id\":\"https:\/\/sindicomdf.com.br\/portal\/oferta-de-10-mil-vagas-traz-expectativa-para-os-concurseiros\/#breadcrumb\",\"itemListElement\":[{\"@type\":\"ListItem\",\"position\":1,\"name\":\"In\u00edcio\",\"item\":\"https:\/\/sindicomdf.com.br\/portal\/\"},{\"@type\":\"ListItem\",\"position\":2,\"name\":\"Oferta de 10 mil vagas traz expectativa para os concurseiros\"}]},{\"@type\":\"WebSite\",\"@id\":\"https:\/\/sindicomdf.com.br\/portal\/#website\",\"url\":\"https:\/\/sindicomdf.com.br\/portal\/\",\"name\":\"SINDICOM\",\"description\":\"Sindicato dos Empregados no Com\u00e9rcio do DF\",\"potentialAction\":[{\"@type\":\"SearchAction\",\"target\":{\"@type\":\"EntryPoint\",\"urlTemplate\":\"https:\/\/sindicomdf.com.br\/portal\/?s={search_term_string}\"},\"query-input\":{\"@type\":\"PropertyValueSpecification\",\"valueRequired\":true,\"valueName\":\"search_term_string\"}}],\"inLanguage\":\"pt-BR\"},{\"@type\":\"Person\",\"@id\":\"https:\/\/sindicomdf.com.br\/portal\/#\/schema\/person\/09372242e78b757907e33fe5db53d205\",\"name\":\"Imprensa\",\"image\":{\"@type\":\"ImageObject\",\"inLanguage\":\"pt-BR\",\"@id\":\"https:\/\/sindicomdf.com.br\/portal\/#\/schema\/person\/image\/\",\"url\":\"https:\/\/secure.gravatar.com\/avatar\/060ac8086a7131ef4b79f847ca8f7acd57811aa2a477aca1d2a09b88754dd9de?s=96&d=mm&r=g\",\"contentUrl\":\"https:\/\/secure.gravatar.com\/avatar\/060ac8086a7131ef4b79f847ca8f7acd57811aa2a477aca1d2a09b88754dd9de?s=96&d=mm&r=g\",\"caption\":\"Imprensa\"},\"url\":\"https:\/\/sindicomdf.com.br\/portal\/author\/imprensa\/\"}]}<\/script>\n<!-- \/ Yoast SEO plugin. -->","yoast_head_json":{"title":"Oferta de 10 mil vagas traz expectativa para os concurseiros - SINDICOM","robots":{"index":"index","follow":"follow","max-snippet":"max-snippet:-1","max-image-preview":"max-image-preview:large","max-video-preview":"max-video-preview:-1"},"canonical":"https:\/\/sindicomdf.com.br\/portal\/oferta-de-10-mil-vagas-traz-expectativa-para-os-concurseiros\/","og_locale":"pt_BR","og_type":"article","og_title":"Oferta de 10 mil vagas traz expectativa para os concurseiros - SINDICOM","og_description":"S\u00f3 no \u00faltimo governo, a defasagem no setor p\u00fablico federal \u00e9 de 131 mil servidores a menos\u201d, informa o secret\u00e1rio-geral da Condsef, S\u00e9rgio Ronaldo Para quem vem estudando h\u00e1 muito tempo para ingressar na carreira p\u00fablica h\u00e1 muitas oportunidades este ano. O governo federal anunciou novas vagas de concurso\u00a0para recompor o quadro do funcionalismo, defasado [&hellip;]","og_url":"https:\/\/sindicomdf.com.br\/portal\/oferta-de-10-mil-vagas-traz-expectativa-para-os-concurseiros\/","og_site_name":"SINDICOM","article_published_time":"2023-05-24T18:52:40+00:00","og_image":[{"width":700,"height":460,"url":"https:\/\/sindicomdf.com.br\/portal\/wp-content\/uploads\/2023\/05\/img4.jpeg","type":"image\/jpeg"}],"author":"Imprensa","twitter_card":"summary_large_image","twitter_misc":{"Escrito por":"Imprensa","Est. tempo de leitura":"8 minutos"},"schema":{"@context":"https:\/\/schema.org","@graph":[{"@type":"WebPage","@id":"https:\/\/sindicomdf.com.br\/portal\/oferta-de-10-mil-vagas-traz-expectativa-para-os-concurseiros\/","url":"https:\/\/sindicomdf.com.br\/portal\/oferta-de-10-mil-vagas-traz-expectativa-para-os-concurseiros\/","name":"Oferta de 10 mil vagas traz expectativa para os concurseiros - SINDICOM","isPartOf":{"@id":"https:\/\/sindicomdf.com.br\/portal\/#website"},"primaryImageOfPage":{"@id":"https:\/\/sindicomdf.com.br\/portal\/oferta-de-10-mil-vagas-traz-expectativa-para-os-concurseiros\/#primaryimage"},"image":{"@id":"https:\/\/sindicomdf.com.br\/portal\/oferta-de-10-mil-vagas-traz-expectativa-para-os-concurseiros\/#primaryimage"},"thumbnailUrl":"https:\/\/sindicomdf.com.br\/portal\/wp-content\/uploads\/2023\/05\/img4.jpeg","datePublished":"2023-05-24T18:52:40+00:00","dateModified":"2023-05-24T18:52:40+00:00","author":{"@id":"https:\/\/sindicomdf.com.br\/portal\/#\/schema\/person\/09372242e78b757907e33fe5db53d205"},"breadcrumb":{"@id":"https:\/\/sindicomdf.com.br\/portal\/oferta-de-10-mil-vagas-traz-expectativa-para-os-concurseiros\/#breadcrumb"},"inLanguage":"pt-BR","potentialAction":[{"@type":"ReadAction","target":["https:\/\/sindicomdf.com.br\/portal\/oferta-de-10-mil-vagas-traz-expectativa-para-os-concurseiros\/"]}]},{"@type":"ImageObject","inLanguage":"pt-BR","@id":"https:\/\/sindicomdf.com.br\/portal\/oferta-de-10-mil-vagas-traz-expectativa-para-os-concurseiros\/#primaryimage","url":"https:\/\/sindicomdf.com.br\/portal\/wp-content\/uploads\/2023\/05\/img4.jpeg","contentUrl":"https:\/\/sindicomdf.com.br\/portal\/wp-content\/uploads\/2023\/05\/img4.jpeg","width":700,"height":460},{"@type":"BreadcrumbList","@id":"https:\/\/sindicomdf.com.br\/portal\/oferta-de-10-mil-vagas-traz-expectativa-para-os-concurseiros\/#breadcrumb","itemListElement":[{"@type":"ListItem","position":1,"name":"In\u00edcio","item":"https:\/\/sindicomdf.com.br\/portal\/"},{"@type":"ListItem","position":2,"name":"Oferta de 10 mil vagas traz expectativa para os concurseiros"}]},{"@type":"WebSite","@id":"https:\/\/sindicomdf.com.br\/portal\/#website","url":"https:\/\/sindicomdf.com.br\/portal\/","name":"SINDICOM","description":"Sindicato dos Empregados no Com\u00e9rcio do DF","potentialAction":[{"@type":"SearchAction","target":{"@type":"EntryPoint","urlTemplate":"https:\/\/sindicomdf.com.br\/portal\/?s={search_term_string}"},"query-input":{"@type":"PropertyValueSpecification","valueRequired":true,"valueName":"search_term_string"}}],"inLanguage":"pt-BR"},{"@type":"Person","@id":"https:\/\/sindicomdf.com.br\/portal\/#\/schema\/person\/09372242e78b757907e33fe5db53d205","name":"Imprensa","image":{"@type":"ImageObject","inLanguage":"pt-BR","@id":"https:\/\/sindicomdf.com.br\/portal\/#\/schema\/person\/image\/","url":"https:\/\/secure.gravatar.com\/avatar\/060ac8086a7131ef4b79f847ca8f7acd57811aa2a477aca1d2a09b88754dd9de?s=96&d=mm&r=g","contentUrl":"https:\/\/secure.gravatar.com\/avatar\/060ac8086a7131ef4b79f847ca8f7acd57811aa2a477aca1d2a09b88754dd9de?s=96&d=mm&r=g","caption":"Imprensa"},"url":"https:\/\/sindicomdf.com.br\/portal\/author\/imprensa\/"}]}},"_links":{"self":[{"href":"https:\/\/sindicomdf.com.br\/portal\/wp-json\/wp\/v2\/posts\/9871","targetHints":{"allow":["GET"]}}],"collection":[{"href":"https:\/\/sindicomdf.com.br\/portal\/wp-json\/wp\/v2\/posts"}],"about":[{"href":"https:\/\/sindicomdf.com.br\/portal\/wp-json\/wp\/v2\/types\/post"}],"author":[{"embeddable":true,"href":"https:\/\/sindicomdf.com.br\/portal\/wp-json\/wp\/v2\/users\/3"}],"replies":[{"embeddable":true,"href":"https:\/\/sindicomdf.com.br\/portal\/wp-json\/wp\/v2\/comments?post=9871"}],"version-history":[{"count":1,"href":"https:\/\/sindicomdf.com.br\/portal\/wp-json\/wp\/v2\/posts\/9871\/revisions"}],"predecessor-version":[{"id":9873,"href":"https:\/\/sindicomdf.com.br\/portal\/wp-json\/wp\/v2\/posts\/9871\/revisions\/9873"}],"wp:featuredmedia":[{"embeddable":true,"href":"https:\/\/sindicomdf.com.br\/portal\/wp-json\/wp\/v2\/media\/9872"}],"wp:attachment":[{"href":"https:\/\/sindicomdf.com.br\/portal\/wp-json\/wp\/v2\/media?parent=9871"}],"wp:term":[{"taxonomy":"category","embeddable":true,"href":"https:\/\/sindicomdf.com.br\/portal\/wp-json\/wp\/v2\/categories?post=9871"},{"taxonomy":"post_tag","embeddable":true,"href":"https:\/\/sindicomdf.com.br\/portal\/wp-json\/wp\/v2\/tags?post=9871"}],"curies":[{"name":"wp","href":"https:\/\/api.w.org\/{rel}","templated":true}]}}