{"id":9868,"date":"2023-05-24T18:53:26","date_gmt":"2023-05-24T18:53:26","guid":{"rendered":"https:\/\/sindicomdf.com.br\/portal\/?p=9868"},"modified":"2023-05-24T18:54:13","modified_gmt":"2023-05-24T18:54:13","slug":"consulta-ao-1-lote-de-restituicao-do-ir-estara-disponivel-nesta-quarta-feira-24","status":"publish","type":"post","link":"https:\/\/sindicomdf.com.br\/portal\/consulta-ao-1-lote-de-restituicao-do-ir-estara-disponivel-nesta-quarta-feira-24\/","title":{"rendered":"Consulta ao 1\u00b0 lote de restitui\u00e7\u00e3o do IR estar\u00e1 dispon\u00edvel nesta quarta-feira (24)"},"content":{"rendered":"<p><strong><em>Receita Federal liberar\u00e1 a consulta para a restitui\u00e7\u00e3o que ser\u00e1 feita, nesta fase, a mais de 4,1 milh\u00f5es de contribuintes. Veja como consultar<\/em><\/strong><\/p>\n<p>A Receita Federal disponibilizar\u00e1, nesta quarta-feira (24), a consulta ao primeiro lote de restitui\u00e7\u00e3o do Imposto de Renda Pessoas F\u00edsica (IRPF) 2023, ano base 2022, para os contribuintes que j\u00e1 fizeram suas declara\u00e7\u00f5es e que se enquadram nos crit\u00e9rios de prioridades da Receita.\u00a0<em>(Veja abaixo quem faz parte deste grupo)<\/em><\/p>\n<p>A consulta pode ser feita no portal da Receita Federal.\u00a0<a href=\"https:\/\/www.gov.br\/pt-br\/servicos\/consultar-restituicao-de-imposto-de-renda\" target=\"_blank\" rel=\"noopener\">Clique aqui para acessar<\/a>.<\/p>\n<p><strong>Passo a passo<\/strong><\/p>\n<p>Na p\u00e1gina, clique em Etapas para a realiza\u00e7\u00e3o deste servi\u00e7o. A aba se abrir\u00e1 logo abaixo com os links para a consulta via computador (web), ou para baixar o aplicativo para celulares com sistema Android e para Iphone.<\/p>\n<p>Via WEB, informe seu CPF, data de nascimento e, no campo \u201cexerc\u00edcio\u201d, clique na seta lateral para abrir o ano que deseja consultar. Selecione 2023.<\/p>\n<p>Depois, clique no quadrado em branco ao lado de \u201csou humano\u201d, no box que aparece abaixo do campo \u2018exerc\u00edcio\u2019.<\/p>\n<p>Pelo aplicativo, no celular, os passos s\u00e3o semelhantes, no entanto, \u00e9 feito por telas separadas. Acompanhe o passo a passo:<\/p>\n<ol>\n<li>Abra o aplicativo e toque em &#8220;Consulta Restitui\u00e7\u00e3o&#8221;.<\/li>\n<li>Preencha seus dados (CPF e data de nascimento)<\/li>\n<li>Toque em &#8220;Exerc\u00edcio&#8221; e depois, na seta, na lateral;<\/li>\n<li>Na aba exibida, selecione o ano que deseja consultar e toque em \u201cConsultar\u201d<\/li>\n<li>O aplicativo mostrar\u00e1 o sistema de seguran\u00e7a, o \u2018captcha\u2019. S\u00e3o caracteres exibidos em uma imagem. Digite esses caracteres no campo que \u00e9 exibido abaixo da imagem<\/li>\n<li>O sistema mostrar\u00e1 os resultados da pesquisa.<\/li>\n<\/ol>\n<p><strong>Prioridades na restitui\u00e7\u00e3o:<\/strong><\/p>\n<ul>\n<li>Idosos a partir de 80 anos (cerca de 246 mil restitui\u00e7\u00f5es)<\/li>\n<li>Idosos entre 60 e 79 anos (cerca de 2,4 milh\u00f5es de restitui\u00e7\u00f5es)<\/li>\n<li>Contribuintes com alguma defici\u00eancia f\u00edsica ou mental, ou doen\u00e7a grave (cerca de 164 mil restitui\u00e7\u00f5es)<\/li>\n<li>Contribuintes cuja renda principal venha do magist\u00e9rio (cerca de 1 milh\u00e3o de restitui\u00e7\u00f5es)<\/li>\n<li>Contribuintes que optaram pelo recebimento via PIX ou pela declara\u00e7\u00e3o pr\u00e9-preenchida (cerca de 104 mil restitui\u00e7\u00f5es)<\/li>\n<\/ul>\n<p>Ao todo, ser\u00e3o mais de 4,1 milh\u00f5es de restitui\u00e7\u00f5es totalizando cerca de R$ 7,5 bilh\u00f5es neste primeiro lote, que tem previs\u00e3o de cr\u00e9dito para o dia 31 de maio.<\/p>\n<p><strong>Pr\u00f3ximos lotes<\/strong><\/p>\n<p>Conforme cronograma da Receita Federal, os lotes subsequentes ser\u00e3o liberados em:<\/p>\n<ul>\n<li>30 de junho (2\u00b0 lote)<\/li>\n<li>31 de julho (3\u00b0 lote)<\/li>\n<li>31 de agosto (4\u00b0 lote)<\/li>\n<li>29 de setembro (5\u00b0 lote)<\/li>\n<\/ul>\n<p>&nbsp;<\/p>\n<p><strong><em>Por: Reda\u00e7\u00e3o CUT<\/em><\/strong><\/p>\n","protected":false},"excerpt":{"rendered":"<p>Receita Federal liberar\u00e1 a consulta para a restitui\u00e7\u00e3o que ser\u00e1 feita, nesta fase, a mais de 4,1 milh\u00f5es de contribuintes. Veja como consultar A Receita Federal disponibilizar\u00e1, nesta quarta-feira (24), a consulta ao primeiro lote de restitui\u00e7\u00e3o do Imposto de Renda Pessoas F\u00edsica (IRPF) 2023, ano base 2022, para os contribuintes que j\u00e1 fizeram suas [&hellip;]<\/p>\n","protected":false},"author":3,"featured_media":9869,"comment_status":"open","ping_status":"open","sticky":false,"template":"","format":"standard","meta":{"_bbp_topic_count":0,"_bbp_reply_count":0,"_bbp_total_topic_count":0,"_bbp_total_reply_count":0,"_bbp_voice_count":0,"_bbp_anonymous_reply_count":0,"_bbp_topic_count_hidden":0,"_bbp_reply_count_hidden":0,"_bbp_forum_subforum_count":0,"footnotes":""},"categories":[2],"tags":[],"class_list":{"0":"post-9868","1":"post","2":"type-post","3":"status-publish","4":"format-standard","5":"has-post-thumbnail","7":"category-destaque"},"yoast_head":"<!-- This site is optimized with the Yoast SEO plugin v23.7 - https:\/\/yoast.com\/wordpress\/plugins\/seo\/ -->\n<title>Consulta ao 1\u00b0 lote de restitui\u00e7\u00e3o do IR estar\u00e1 dispon\u00edvel nesta quarta-feira (24) - SINDICOM<\/title>\n<meta name=\"robots\" content=\"index, follow, max-snippet:-1, max-image-preview:large, max-video-preview:-1\" \/>\n<link rel=\"canonical\" href=\"https:\/\/sindicomdf.com.br\/portal\/consulta-ao-1-lote-de-restituicao-do-ir-estara-disponivel-nesta-quarta-feira-24\/\" \/>\n<meta property=\"og:locale\" content=\"pt_BR\" \/>\n<meta property=\"og:type\" content=\"article\" \/>\n<meta property=\"og:title\" content=\"Consulta ao 1\u00b0 lote de restitui\u00e7\u00e3o do IR estar\u00e1 dispon\u00edvel nesta quarta-feira (24) - SINDICOM\" \/>\n<meta property=\"og:description\" content=\"Receita Federal liberar\u00e1 a consulta para a restitui\u00e7\u00e3o que ser\u00e1 feita, nesta fase, a mais de 4,1 milh\u00f5es de contribuintes. Veja como consultar A Receita Federal disponibilizar\u00e1, nesta quarta-feira (24), a consulta ao primeiro lote de restitui\u00e7\u00e3o do Imposto de Renda Pessoas F\u00edsica (IRPF) 2023, ano base 2022, para os contribuintes que j\u00e1 fizeram suas [&hellip;]\" \/>\n<meta property=\"og:url\" content=\"https:\/\/sindicomdf.com.br\/portal\/consulta-ao-1-lote-de-restituicao-do-ir-estara-disponivel-nesta-quarta-feira-24\/\" \/>\n<meta property=\"og:site_name\" content=\"SINDICOM\" \/>\n<meta property=\"article:published_time\" content=\"2023-05-24T18:53:26+00:00\" \/>\n<meta property=\"article:modified_time\" content=\"2023-05-24T18:54:13+00:00\" \/>\n<meta property=\"og:image\" content=\"https:\/\/sindicomdf.com.br\/portal\/wp-content\/uploads\/2023\/05\/img37.jpg\" \/>\n\t<meta property=\"og:image:width\" content=\"700\" \/>\n\t<meta property=\"og:image:height\" content=\"460\" \/>\n\t<meta property=\"og:image:type\" content=\"image\/jpeg\" \/>\n<meta name=\"author\" content=\"Imprensa\" \/>\n<meta name=\"twitter:card\" content=\"summary_large_image\" \/>\n<meta name=\"twitter:label1\" content=\"Escrito por\" \/>\n\t<meta name=\"twitter:data1\" content=\"Imprensa\" \/>\n\t<meta name=\"twitter:label2\" content=\"Est. tempo de leitura\" \/>\n\t<meta name=\"twitter:data2\" content=\"3 minutos\" \/>\n<script type=\"application\/ld+json\" class=\"yoast-schema-graph\">{\"@context\":\"https:\/\/schema.org\",\"@graph\":[{\"@type\":\"WebPage\",\"@id\":\"https:\/\/sindicomdf.com.br\/portal\/consulta-ao-1-lote-de-restituicao-do-ir-estara-disponivel-nesta-quarta-feira-24\/\",\"url\":\"https:\/\/sindicomdf.com.br\/portal\/consulta-ao-1-lote-de-restituicao-do-ir-estara-disponivel-nesta-quarta-feira-24\/\",\"name\":\"Consulta ao 1\u00b0 lote de restitui\u00e7\u00e3o do IR estar\u00e1 dispon\u00edvel nesta quarta-feira (24) - SINDICOM\",\"isPartOf\":{\"@id\":\"https:\/\/sindicomdf.com.br\/portal\/#website\"},\"primaryImageOfPage\":{\"@id\":\"https:\/\/sindicomdf.com.br\/portal\/consulta-ao-1-lote-de-restituicao-do-ir-estara-disponivel-nesta-quarta-feira-24\/#primaryimage\"},\"image\":{\"@id\":\"https:\/\/sindicomdf.com.br\/portal\/consulta-ao-1-lote-de-restituicao-do-ir-estara-disponivel-nesta-quarta-feira-24\/#primaryimage\"},\"thumbnailUrl\":\"https:\/\/sindicomdf.com.br\/portal\/wp-content\/uploads\/2023\/05\/img37.jpg\",\"datePublished\":\"2023-05-24T18:53:26+00:00\",\"dateModified\":\"2023-05-24T18:54:13+00:00\",\"author\":{\"@id\":\"https:\/\/sindicomdf.com.br\/portal\/#\/schema\/person\/09372242e78b757907e33fe5db53d205\"},\"breadcrumb\":{\"@id\":\"https:\/\/sindicomdf.com.br\/portal\/consulta-ao-1-lote-de-restituicao-do-ir-estara-disponivel-nesta-quarta-feira-24\/#breadcrumb\"},\"inLanguage\":\"pt-BR\",\"potentialAction\":[{\"@type\":\"ReadAction\",\"target\":[\"https:\/\/sindicomdf.com.br\/portal\/consulta-ao-1-lote-de-restituicao-do-ir-estara-disponivel-nesta-quarta-feira-24\/\"]}]},{\"@type\":\"ImageObject\",\"inLanguage\":\"pt-BR\",\"@id\":\"https:\/\/sindicomdf.com.br\/portal\/consulta-ao-1-lote-de-restituicao-do-ir-estara-disponivel-nesta-quarta-feira-24\/#primaryimage\",\"url\":\"https:\/\/sindicomdf.com.br\/portal\/wp-content\/uploads\/2023\/05\/img37.jpg\",\"contentUrl\":\"https:\/\/sindicomdf.com.br\/portal\/wp-content\/uploads\/2023\/05\/img37.jpg\",\"width\":700,\"height\":460},{\"@type\":\"BreadcrumbList\",\"@id\":\"https:\/\/sindicomdf.com.br\/portal\/consulta-ao-1-lote-de-restituicao-do-ir-estara-disponivel-nesta-quarta-feira-24\/#breadcrumb\",\"itemListElement\":[{\"@type\":\"ListItem\",\"position\":1,\"name\":\"In\u00edcio\",\"item\":\"https:\/\/sindicomdf.com.br\/portal\/\"},{\"@type\":\"ListItem\",\"position\":2,\"name\":\"Consulta ao 1\u00b0 lote de restitui\u00e7\u00e3o do IR estar\u00e1 dispon\u00edvel nesta quarta-feira (24)\"}]},{\"@type\":\"WebSite\",\"@id\":\"https:\/\/sindicomdf.com.br\/portal\/#website\",\"url\":\"https:\/\/sindicomdf.com.br\/portal\/\",\"name\":\"SINDICOM\",\"description\":\"Sindicato dos Empregados no Com\u00e9rcio do DF\",\"potentialAction\":[{\"@type\":\"SearchAction\",\"target\":{\"@type\":\"EntryPoint\",\"urlTemplate\":\"https:\/\/sindicomdf.com.br\/portal\/?s={search_term_string}\"},\"query-input\":{\"@type\":\"PropertyValueSpecification\",\"valueRequired\":true,\"valueName\":\"search_term_string\"}}],\"inLanguage\":\"pt-BR\"},{\"@type\":\"Person\",\"@id\":\"https:\/\/sindicomdf.com.br\/portal\/#\/schema\/person\/09372242e78b757907e33fe5db53d205\",\"name\":\"Imprensa\",\"image\":{\"@type\":\"ImageObject\",\"inLanguage\":\"pt-BR\",\"@id\":\"https:\/\/sindicomdf.com.br\/portal\/#\/schema\/person\/image\/\",\"url\":\"https:\/\/secure.gravatar.com\/avatar\/060ac8086a7131ef4b79f847ca8f7acd57811aa2a477aca1d2a09b88754dd9de?s=96&d=mm&r=g\",\"contentUrl\":\"https:\/\/secure.gravatar.com\/avatar\/060ac8086a7131ef4b79f847ca8f7acd57811aa2a477aca1d2a09b88754dd9de?s=96&d=mm&r=g\",\"caption\":\"Imprensa\"},\"url\":\"https:\/\/sindicomdf.com.br\/portal\/author\/imprensa\/\"}]}<\/script>\n<!-- \/ Yoast SEO plugin. -->","yoast_head_json":{"title":"Consulta ao 1\u00b0 lote de restitui\u00e7\u00e3o do IR estar\u00e1 dispon\u00edvel nesta quarta-feira (24) - SINDICOM","robots":{"index":"index","follow":"follow","max-snippet":"max-snippet:-1","max-image-preview":"max-image-preview:large","max-video-preview":"max-video-preview:-1"},"canonical":"https:\/\/sindicomdf.com.br\/portal\/consulta-ao-1-lote-de-restituicao-do-ir-estara-disponivel-nesta-quarta-feira-24\/","og_locale":"pt_BR","og_type":"article","og_title":"Consulta ao 1\u00b0 lote de restitui\u00e7\u00e3o do IR estar\u00e1 dispon\u00edvel nesta quarta-feira (24) - SINDICOM","og_description":"Receita Federal liberar\u00e1 a consulta para a restitui\u00e7\u00e3o que ser\u00e1 feita, nesta fase, a mais de 4,1 milh\u00f5es de contribuintes. Veja como consultar A Receita Federal disponibilizar\u00e1, nesta quarta-feira (24), a consulta ao primeiro lote de restitui\u00e7\u00e3o do Imposto de Renda Pessoas F\u00edsica (IRPF) 2023, ano base 2022, para os contribuintes que j\u00e1 fizeram suas [&hellip;]","og_url":"https:\/\/sindicomdf.com.br\/portal\/consulta-ao-1-lote-de-restituicao-do-ir-estara-disponivel-nesta-quarta-feira-24\/","og_site_name":"SINDICOM","article_published_time":"2023-05-24T18:53:26+00:00","article_modified_time":"2023-05-24T18:54:13+00:00","og_image":[{"width":700,"height":460,"url":"https:\/\/sindicomdf.com.br\/portal\/wp-content\/uploads\/2023\/05\/img37.jpg","type":"image\/jpeg"}],"author":"Imprensa","twitter_card":"summary_large_image","twitter_misc":{"Escrito por":"Imprensa","Est. tempo de leitura":"3 minutos"},"schema":{"@context":"https:\/\/schema.org","@graph":[{"@type":"WebPage","@id":"https:\/\/sindicomdf.com.br\/portal\/consulta-ao-1-lote-de-restituicao-do-ir-estara-disponivel-nesta-quarta-feira-24\/","url":"https:\/\/sindicomdf.com.br\/portal\/consulta-ao-1-lote-de-restituicao-do-ir-estara-disponivel-nesta-quarta-feira-24\/","name":"Consulta ao 1\u00b0 lote de restitui\u00e7\u00e3o do IR estar\u00e1 dispon\u00edvel nesta quarta-feira (24) - SINDICOM","isPartOf":{"@id":"https:\/\/sindicomdf.com.br\/portal\/#website"},"primaryImageOfPage":{"@id":"https:\/\/sindicomdf.com.br\/portal\/consulta-ao-1-lote-de-restituicao-do-ir-estara-disponivel-nesta-quarta-feira-24\/#primaryimage"},"image":{"@id":"https:\/\/sindicomdf.com.br\/portal\/consulta-ao-1-lote-de-restituicao-do-ir-estara-disponivel-nesta-quarta-feira-24\/#primaryimage"},"thumbnailUrl":"https:\/\/sindicomdf.com.br\/portal\/wp-content\/uploads\/2023\/05\/img37.jpg","datePublished":"2023-05-24T18:53:26+00:00","dateModified":"2023-05-24T18:54:13+00:00","author":{"@id":"https:\/\/sindicomdf.com.br\/portal\/#\/schema\/person\/09372242e78b757907e33fe5db53d205"},"breadcrumb":{"@id":"https:\/\/sindicomdf.com.br\/portal\/consulta-ao-1-lote-de-restituicao-do-ir-estara-disponivel-nesta-quarta-feira-24\/#breadcrumb"},"inLanguage":"pt-BR","potentialAction":[{"@type":"ReadAction","target":["https:\/\/sindicomdf.com.br\/portal\/consulta-ao-1-lote-de-restituicao-do-ir-estara-disponivel-nesta-quarta-feira-24\/"]}]},{"@type":"ImageObject","inLanguage":"pt-BR","@id":"https:\/\/sindicomdf.com.br\/portal\/consulta-ao-1-lote-de-restituicao-do-ir-estara-disponivel-nesta-quarta-feira-24\/#primaryimage","url":"https:\/\/sindicomdf.com.br\/portal\/wp-content\/uploads\/2023\/05\/img37.jpg","contentUrl":"https:\/\/sindicomdf.com.br\/portal\/wp-content\/uploads\/2023\/05\/img37.jpg","width":700,"height":460},{"@type":"BreadcrumbList","@id":"https:\/\/sindicomdf.com.br\/portal\/consulta-ao-1-lote-de-restituicao-do-ir-estara-disponivel-nesta-quarta-feira-24\/#breadcrumb","itemListElement":[{"@type":"ListItem","position":1,"name":"In\u00edcio","item":"https:\/\/sindicomdf.com.br\/portal\/"},{"@type":"ListItem","position":2,"name":"Consulta ao 1\u00b0 lote de restitui\u00e7\u00e3o do IR estar\u00e1 dispon\u00edvel nesta quarta-feira (24)"}]},{"@type":"WebSite","@id":"https:\/\/sindicomdf.com.br\/portal\/#website","url":"https:\/\/sindicomdf.com.br\/portal\/","name":"SINDICOM","description":"Sindicato dos Empregados no Com\u00e9rcio do DF","potentialAction":[{"@type":"SearchAction","target":{"@type":"EntryPoint","urlTemplate":"https:\/\/sindicomdf.com.br\/portal\/?s={search_term_string}"},"query-input":{"@type":"PropertyValueSpecification","valueRequired":true,"valueName":"search_term_string"}}],"inLanguage":"pt-BR"},{"@type":"Person","@id":"https:\/\/sindicomdf.com.br\/portal\/#\/schema\/person\/09372242e78b757907e33fe5db53d205","name":"Imprensa","image":{"@type":"ImageObject","inLanguage":"pt-BR","@id":"https:\/\/sindicomdf.com.br\/portal\/#\/schema\/person\/image\/","url":"https:\/\/secure.gravatar.com\/avatar\/060ac8086a7131ef4b79f847ca8f7acd57811aa2a477aca1d2a09b88754dd9de?s=96&d=mm&r=g","contentUrl":"https:\/\/secure.gravatar.com\/avatar\/060ac8086a7131ef4b79f847ca8f7acd57811aa2a477aca1d2a09b88754dd9de?s=96&d=mm&r=g","caption":"Imprensa"},"url":"https:\/\/sindicomdf.com.br\/portal\/author\/imprensa\/"}]}},"_links":{"self":[{"href":"https:\/\/sindicomdf.com.br\/portal\/wp-json\/wp\/v2\/posts\/9868","targetHints":{"allow":["GET"]}}],"collection":[{"href":"https:\/\/sindicomdf.com.br\/portal\/wp-json\/wp\/v2\/posts"}],"about":[{"href":"https:\/\/sindicomdf.com.br\/portal\/wp-json\/wp\/v2\/types\/post"}],"author":[{"embeddable":true,"href":"https:\/\/sindicomdf.com.br\/portal\/wp-json\/wp\/v2\/users\/3"}],"replies":[{"embeddable":true,"href":"https:\/\/sindicomdf.com.br\/portal\/wp-json\/wp\/v2\/comments?post=9868"}],"version-history":[{"count":1,"href":"https:\/\/sindicomdf.com.br\/portal\/wp-json\/wp\/v2\/posts\/9868\/revisions"}],"predecessor-version":[{"id":9870,"href":"https:\/\/sindicomdf.com.br\/portal\/wp-json\/wp\/v2\/posts\/9868\/revisions\/9870"}],"wp:featuredmedia":[{"embeddable":true,"href":"https:\/\/sindicomdf.com.br\/portal\/wp-json\/wp\/v2\/media\/9869"}],"wp:attachment":[{"href":"https:\/\/sindicomdf.com.br\/portal\/wp-json\/wp\/v2\/media?parent=9868"}],"wp:term":[{"taxonomy":"category","embeddable":true,"href":"https:\/\/sindicomdf.com.br\/portal\/wp-json\/wp\/v2\/categories?post=9868"},{"taxonomy":"post_tag","embeddable":true,"href":"https:\/\/sindicomdf.com.br\/portal\/wp-json\/wp\/v2\/tags?post=9868"}],"curies":[{"name":"wp","href":"https:\/\/api.w.org\/{rel}","templated":true}]}}