{"id":8708,"date":"2021-12-14T16:55:32","date_gmt":"2021-12-14T16:55:32","guid":{"rendered":"https:\/\/sindicomdf.com.br\/portal\/?p=8708"},"modified":"2021-12-14T16:59:27","modified_gmt":"2021-12-14T16:59:27","slug":"8708-2","status":"publish","type":"post","link":"https:\/\/sindicomdf.com.br\/portal\/8708-2\/","title":{"rendered":""},"content":{"rendered":"<p><a href=\"https:\/\/sindicomdf.com.br\/portal\/wp-content\/uploads\/2021\/12\/Ref-traba-2021.jpg\"><img loading=\"lazy\" decoding=\"async\" class=\"alignnone size-medium wp-image-8710\" src=\"https:\/\/sindicomdf.com.br\/portal\/wp-content\/uploads\/2021\/12\/Ref-traba-2021-300x213.jpg\" alt=\"\" width=\"300\" height=\"213\" srcset=\"https:\/\/sindicomdf.com.br\/portal\/wp-content\/uploads\/2021\/12\/Ref-traba-2021-300x213.jpg 300w, https:\/\/sindicomdf.com.br\/portal\/wp-content\/uploads\/2021\/12\/Ref-traba-2021-1024x727.jpg 1024w, https:\/\/sindicomdf.com.br\/portal\/wp-content\/uploads\/2021\/12\/Ref-traba-2021-768x545.jpg 768w, https:\/\/sindicomdf.com.br\/portal\/wp-content\/uploads\/2021\/12\/Ref-traba-2021.jpg 1171w\" sizes=\"auto, (max-width: 300px) 100vw, 300px\" \/><\/a><\/p>\n<p>Quatro anos depois da reforma de Temer, o resultado \u00e9 mais de\u00a0<a href=\"https:\/\/www.cut.org.br\/noticias\/desemprego-no-brasil-e-o-4-mais-alto-entre-as-44-maiores-economias-do-mundo-52ce\" target=\"_blank\" rel=\"noopener\">13 milh\u00f5es de brasileiros desempregados,<\/a>\u00a073,2 milh\u00f5es de trabalhadores sem direitos: 37 milh\u00f5es s\u00e3o informais, 25,4 milh\u00f5es trabalham por conta pr\u00f3pria e\u00a0 10,8 milh\u00f5es trabalhando sem carteira assinada.<\/p>\n<p>Como neste governo tudo pode piorar, um grupo criado por Bolsonaro elaborou um \u201crelat\u00f3rio\u201d em que prop\u00f5e uma s\u00e9rie de mudan\u00e7as para subsidiar uma nova proposta de reforma trabalhista, que s\u00f3 prejudicam os trabalhadores em favor dos patr\u00f5es. \u00c9 o Grupo de Altos Estudos do Trabalho (GAET), composto por ministros, desembargadores e ju\u00edzes da justi\u00e7a do trabalho, procuradores, economistas, pesquisadores, al\u00e9m de advogados especialistas em rela\u00e7\u00f5es do trabalho.<\/p>\n<p>As 262 p\u00e1ginas do documento entregue ao Conselho Nacional do Trabalho, no final de novembro,\u00a0 trazem pelo menos 330 altera\u00e7\u00f5es em dispositivos legais, a inclus\u00e3o de 110 regras, altera\u00e7\u00e3o de 180 e revoga\u00e7\u00e3o 40, mas n\u00e3o h\u00e1 uma \u00fanica linha, artigo ou sequer uma v\u00edrgula que proteja o trabalhador. Ao contr\u00e1rio, como n\u00e3o teve a participa\u00e7\u00e3o de sindicatos e representantes dos trabalhadores em sua elabora\u00e7\u00e3o, as normas impedem a atua\u00e7\u00e3o sindical, a Justi\u00e7a Trabalhista e converte o trabalhador praticamente num escravo.<\/p>\n<p>Bolsonaro assumiu que \u00e9 antitrabalhador ao afirmar num evento, na ter\u00e7a-feira (7),\u00a0 da Confedera\u00e7\u00e3o Nacional da Ind\u00fastria (CNI), que o governo federal \u00e9 &#8220;devedor de favores&#8221; aos empres\u00e1rios brasileiros. Segundo ele, &#8220;\u00e9 duro ser patr\u00e3o no Brasil&#8221; e que o seu governo procurou desde o seu in\u00edcio facilitar a vida dos empres\u00e1rios.\u00a0 &#8220;Voc\u00eas n\u00e3o devem nenhum favor a n\u00f3s. N\u00f3s \u00e9 que somos devedores de favores a voc\u00eas&#8221;, declarou.<\/p>\n<p>&nbsp;<\/p>\n<p>Fonte: Cut Bras\u00edlia<\/p>\n","protected":false},"excerpt":{"rendered":"<p>Quatro anos depois da reforma de Temer, o resultado \u00e9 mais de\u00a013 milh\u00f5es de brasileiros desempregados,\u00a073,2 milh\u00f5es de trabalhadores sem direitos: 37 milh\u00f5es s\u00e3o informais, 25,4 milh\u00f5es trabalham por conta pr\u00f3pria e\u00a0 10,8 milh\u00f5es trabalhando sem carteira assinada. Como neste governo tudo pode piorar, um grupo criado por Bolsonaro elaborou um \u201crelat\u00f3rio\u201d em que prop\u00f5e [&hellip;]<\/p>\n","protected":false},"author":3,"featured_media":8710,"comment_status":"open","ping_status":"open","sticky":false,"template":"","format":"standard","meta":{"_bbp_topic_count":0,"_bbp_reply_count":0,"_bbp_total_topic_count":0,"_bbp_total_reply_count":0,"_bbp_voice_count":0,"_bbp_anonymous_reply_count":0,"_bbp_topic_count_hidden":0,"_bbp_reply_count_hidden":0,"_bbp_forum_subforum_count":0,"footnotes":""},"categories":[2,5,3,7],"tags":[],"class_list":{"0":"post-8708","1":"post","2":"type-post","3":"status-publish","4":"format-standard","5":"has-post-thumbnail","7":"category-destaque","8":"category-economia","9":"category-luta-sindical","10":"category-politica"},"yoast_head":"<!-- This site is optimized with the Yoast SEO plugin v23.7 - https:\/\/yoast.com\/wordpress\/plugins\/seo\/ -->\n<title>- SINDICOM<\/title>\n<meta name=\"robots\" content=\"index, follow, max-snippet:-1, max-image-preview:large, max-video-preview:-1\" \/>\n<link rel=\"canonical\" href=\"https:\/\/sindicomdf.com.br\/portal\/8708-2\/\" \/>\n<meta property=\"og:locale\" content=\"pt_BR\" \/>\n<meta property=\"og:type\" content=\"article\" \/>\n<meta property=\"og:title\" content=\"- SINDICOM\" \/>\n<meta property=\"og:description\" content=\"Quatro anos depois da reforma de Temer, o resultado \u00e9 mais de\u00a013 milh\u00f5es de brasileiros desempregados,\u00a073,2 milh\u00f5es de trabalhadores sem direitos: 37 milh\u00f5es s\u00e3o informais, 25,4 milh\u00f5es trabalham por conta pr\u00f3pria e\u00a0 10,8 milh\u00f5es trabalhando sem carteira assinada. Como neste governo tudo pode piorar, um grupo criado por Bolsonaro elaborou um \u201crelat\u00f3rio\u201d em que prop\u00f5e [&hellip;]\" \/>\n<meta property=\"og:url\" content=\"https:\/\/sindicomdf.com.br\/portal\/8708-2\/\" \/>\n<meta property=\"og:site_name\" content=\"SINDICOM\" \/>\n<meta property=\"article:published_time\" content=\"2021-12-14T16:55:32+00:00\" \/>\n<meta property=\"article:modified_time\" content=\"2021-12-14T16:59:27+00:00\" \/>\n<meta property=\"og:image\" content=\"https:\/\/sindicomdf.com.br\/portal\/wp-content\/uploads\/2021\/12\/Ref-traba-2021.jpg\" \/>\n\t<meta property=\"og:image:width\" content=\"1171\" \/>\n\t<meta property=\"og:image:height\" content=\"831\" \/>\n\t<meta property=\"og:image:type\" content=\"image\/jpeg\" \/>\n<meta name=\"author\" content=\"Imprensa\" \/>\n<meta name=\"twitter:card\" content=\"summary_large_image\" \/>\n<meta name=\"twitter:label1\" content=\"Escrito por\" \/>\n\t<meta name=\"twitter:data1\" content=\"Imprensa\" \/>\n\t<meta name=\"twitter:label2\" content=\"Est. tempo de leitura\" \/>\n\t<meta name=\"twitter:data2\" content=\"1 minuto\" \/>\n<script type=\"application\/ld+json\" class=\"yoast-schema-graph\">{\"@context\":\"https:\/\/schema.org\",\"@graph\":[{\"@type\":\"WebPage\",\"@id\":\"https:\/\/sindicomdf.com.br\/portal\/8708-2\/\",\"url\":\"https:\/\/sindicomdf.com.br\/portal\/8708-2\/\",\"name\":\"- SINDICOM\",\"isPartOf\":{\"@id\":\"https:\/\/sindicomdf.com.br\/portal\/#website\"},\"primaryImageOfPage\":{\"@id\":\"https:\/\/sindicomdf.com.br\/portal\/8708-2\/#primaryimage\"},\"image\":{\"@id\":\"https:\/\/sindicomdf.com.br\/portal\/8708-2\/#primaryimage\"},\"thumbnailUrl\":\"https:\/\/sindicomdf.com.br\/portal\/wp-content\/uploads\/2021\/12\/Ref-traba-2021.jpg\",\"datePublished\":\"2021-12-14T16:55:32+00:00\",\"dateModified\":\"2021-12-14T16:59:27+00:00\",\"author\":{\"@id\":\"https:\/\/sindicomdf.com.br\/portal\/#\/schema\/person\/09372242e78b757907e33fe5db53d205\"},\"inLanguage\":\"pt-BR\",\"potentialAction\":[{\"@type\":\"ReadAction\",\"target\":[\"https:\/\/sindicomdf.com.br\/portal\/8708-2\/\"]}]},{\"@type\":\"ImageObject\",\"inLanguage\":\"pt-BR\",\"@id\":\"https:\/\/sindicomdf.com.br\/portal\/8708-2\/#primaryimage\",\"url\":\"https:\/\/sindicomdf.com.br\/portal\/wp-content\/uploads\/2021\/12\/Ref-traba-2021.jpg\",\"contentUrl\":\"https:\/\/sindicomdf.com.br\/portal\/wp-content\/uploads\/2021\/12\/Ref-traba-2021.jpg\",\"width\":1171,\"height\":831},{\"@type\":\"WebSite\",\"@id\":\"https:\/\/sindicomdf.com.br\/portal\/#website\",\"url\":\"https:\/\/sindicomdf.com.br\/portal\/\",\"name\":\"SINDICOM\",\"description\":\"Sindicato dos Empregados no Com\u00e9rcio do DF\",\"potentialAction\":[{\"@type\":\"SearchAction\",\"target\":{\"@type\":\"EntryPoint\",\"urlTemplate\":\"https:\/\/sindicomdf.com.br\/portal\/?s={search_term_string}\"},\"query-input\":{\"@type\":\"PropertyValueSpecification\",\"valueRequired\":true,\"valueName\":\"search_term_string\"}}],\"inLanguage\":\"pt-BR\"},{\"@type\":\"Person\",\"@id\":\"https:\/\/sindicomdf.com.br\/portal\/#\/schema\/person\/09372242e78b757907e33fe5db53d205\",\"name\":\"Imprensa\",\"image\":{\"@type\":\"ImageObject\",\"inLanguage\":\"pt-BR\",\"@id\":\"https:\/\/sindicomdf.com.br\/portal\/#\/schema\/person\/image\/\",\"url\":\"https:\/\/secure.gravatar.com\/avatar\/060ac8086a7131ef4b79f847ca8f7acd57811aa2a477aca1d2a09b88754dd9de?s=96&d=mm&r=g\",\"contentUrl\":\"https:\/\/secure.gravatar.com\/avatar\/060ac8086a7131ef4b79f847ca8f7acd57811aa2a477aca1d2a09b88754dd9de?s=96&d=mm&r=g\",\"caption\":\"Imprensa\"},\"url\":\"https:\/\/sindicomdf.com.br\/portal\/author\/imprensa\/\"}]}<\/script>\n<!-- \/ Yoast SEO plugin. -->","yoast_head_json":{"title":"- SINDICOM","robots":{"index":"index","follow":"follow","max-snippet":"max-snippet:-1","max-image-preview":"max-image-preview:large","max-video-preview":"max-video-preview:-1"},"canonical":"https:\/\/sindicomdf.com.br\/portal\/8708-2\/","og_locale":"pt_BR","og_type":"article","og_title":"- SINDICOM","og_description":"Quatro anos depois da reforma de Temer, o resultado \u00e9 mais de\u00a013 milh\u00f5es de brasileiros desempregados,\u00a073,2 milh\u00f5es de trabalhadores sem direitos: 37 milh\u00f5es s\u00e3o informais, 25,4 milh\u00f5es trabalham por conta pr\u00f3pria e\u00a0 10,8 milh\u00f5es trabalhando sem carteira assinada. Como neste governo tudo pode piorar, um grupo criado por Bolsonaro elaborou um \u201crelat\u00f3rio\u201d em que prop\u00f5e [&hellip;]","og_url":"https:\/\/sindicomdf.com.br\/portal\/8708-2\/","og_site_name":"SINDICOM","article_published_time":"2021-12-14T16:55:32+00:00","article_modified_time":"2021-12-14T16:59:27+00:00","og_image":[{"width":1171,"height":831,"url":"https:\/\/sindicomdf.com.br\/portal\/wp-content\/uploads\/2021\/12\/Ref-traba-2021.jpg","type":"image\/jpeg"}],"author":"Imprensa","twitter_card":"summary_large_image","twitter_misc":{"Escrito por":"Imprensa","Est. tempo de leitura":"1 minuto"},"schema":{"@context":"https:\/\/schema.org","@graph":[{"@type":"WebPage","@id":"https:\/\/sindicomdf.com.br\/portal\/8708-2\/","url":"https:\/\/sindicomdf.com.br\/portal\/8708-2\/","name":"- SINDICOM","isPartOf":{"@id":"https:\/\/sindicomdf.com.br\/portal\/#website"},"primaryImageOfPage":{"@id":"https:\/\/sindicomdf.com.br\/portal\/8708-2\/#primaryimage"},"image":{"@id":"https:\/\/sindicomdf.com.br\/portal\/8708-2\/#primaryimage"},"thumbnailUrl":"https:\/\/sindicomdf.com.br\/portal\/wp-content\/uploads\/2021\/12\/Ref-traba-2021.jpg","datePublished":"2021-12-14T16:55:32+00:00","dateModified":"2021-12-14T16:59:27+00:00","author":{"@id":"https:\/\/sindicomdf.com.br\/portal\/#\/schema\/person\/09372242e78b757907e33fe5db53d205"},"inLanguage":"pt-BR","potentialAction":[{"@type":"ReadAction","target":["https:\/\/sindicomdf.com.br\/portal\/8708-2\/"]}]},{"@type":"ImageObject","inLanguage":"pt-BR","@id":"https:\/\/sindicomdf.com.br\/portal\/8708-2\/#primaryimage","url":"https:\/\/sindicomdf.com.br\/portal\/wp-content\/uploads\/2021\/12\/Ref-traba-2021.jpg","contentUrl":"https:\/\/sindicomdf.com.br\/portal\/wp-content\/uploads\/2021\/12\/Ref-traba-2021.jpg","width":1171,"height":831},{"@type":"WebSite","@id":"https:\/\/sindicomdf.com.br\/portal\/#website","url":"https:\/\/sindicomdf.com.br\/portal\/","name":"SINDICOM","description":"Sindicato dos Empregados no Com\u00e9rcio do DF","potentialAction":[{"@type":"SearchAction","target":{"@type":"EntryPoint","urlTemplate":"https:\/\/sindicomdf.com.br\/portal\/?s={search_term_string}"},"query-input":{"@type":"PropertyValueSpecification","valueRequired":true,"valueName":"search_term_string"}}],"inLanguage":"pt-BR"},{"@type":"Person","@id":"https:\/\/sindicomdf.com.br\/portal\/#\/schema\/person\/09372242e78b757907e33fe5db53d205","name":"Imprensa","image":{"@type":"ImageObject","inLanguage":"pt-BR","@id":"https:\/\/sindicomdf.com.br\/portal\/#\/schema\/person\/image\/","url":"https:\/\/secure.gravatar.com\/avatar\/060ac8086a7131ef4b79f847ca8f7acd57811aa2a477aca1d2a09b88754dd9de?s=96&d=mm&r=g","contentUrl":"https:\/\/secure.gravatar.com\/avatar\/060ac8086a7131ef4b79f847ca8f7acd57811aa2a477aca1d2a09b88754dd9de?s=96&d=mm&r=g","caption":"Imprensa"},"url":"https:\/\/sindicomdf.com.br\/portal\/author\/imprensa\/"}]}},"_links":{"self":[{"href":"https:\/\/sindicomdf.com.br\/portal\/wp-json\/wp\/v2\/posts\/8708","targetHints":{"allow":["GET"]}}],"collection":[{"href":"https:\/\/sindicomdf.com.br\/portal\/wp-json\/wp\/v2\/posts"}],"about":[{"href":"https:\/\/sindicomdf.com.br\/portal\/wp-json\/wp\/v2\/types\/post"}],"author":[{"embeddable":true,"href":"https:\/\/sindicomdf.com.br\/portal\/wp-json\/wp\/v2\/users\/3"}],"replies":[{"embeddable":true,"href":"https:\/\/sindicomdf.com.br\/portal\/wp-json\/wp\/v2\/comments?post=8708"}],"version-history":[{"count":1,"href":"https:\/\/sindicomdf.com.br\/portal\/wp-json\/wp\/v2\/posts\/8708\/revisions"}],"predecessor-version":[{"id":8711,"href":"https:\/\/sindicomdf.com.br\/portal\/wp-json\/wp\/v2\/posts\/8708\/revisions\/8711"}],"wp:featuredmedia":[{"embeddable":true,"href":"https:\/\/sindicomdf.com.br\/portal\/wp-json\/wp\/v2\/media\/8710"}],"wp:attachment":[{"href":"https:\/\/sindicomdf.com.br\/portal\/wp-json\/wp\/v2\/media?parent=8708"}],"wp:term":[{"taxonomy":"category","embeddable":true,"href":"https:\/\/sindicomdf.com.br\/portal\/wp-json\/wp\/v2\/categories?post=8708"},{"taxonomy":"post_tag","embeddable":true,"href":"https:\/\/sindicomdf.com.br\/portal\/wp-json\/wp\/v2\/tags?post=8708"}],"curies":[{"name":"wp","href":"https:\/\/api.w.org\/{rel}","templated":true}]}}