{"id":8535,"date":"2021-08-18T19:48:42","date_gmt":"2021-08-18T19:48:42","guid":{"rendered":"https:\/\/sindicomdf.com.br\/portal\/?p=8535"},"modified":"2021-08-18T19:48:42","modified_gmt":"2021-08-18T19:48:42","slug":"arraia-espaco-casa-grande","status":"publish","type":"post","link":"https:\/\/sindicomdf.com.br\/portal\/arraia-espaco-casa-grande\/","title":{"rendered":"Arrai\u00e1 Espa\u00e7o Casa Grande"},"content":{"rendered":"<p>Arrai\u00e1 do Espa\u00e7o Casa Grande.<br \/>\nVenham participar dessa linda Festa Agostina!!<\/p>\n<p>Teremos barracas com comidas t\u00edpicas, Exposi\u00e7\u00e3o de Artesanatos, m\u00fasica ao vivo e muitas brincadeiras. Tudo feito com muita seguran\u00e7a!!<\/p>\n<p>Entrada: 1 Kg de alimento n\u00e3o Perec\u00edvel.<\/p>\n<p>Apoio:\u00a0<a class=\"notranslate\" tabindex=\"0\" href=\"https:\/\/www.instagram.com\/espacocasagrande\/\">@espacocasagrande<\/a>\u00a0<a class=\"notranslate\" tabindex=\"0\" href=\"https:\/\/www.instagram.com\/sindicatodos\/\">@sindicatodos<\/a>\u00a0<a class=\"notranslate\" tabindex=\"0\" href=\"https:\/\/www.instagram.com\/vivaeventosedecoracoes\/\">@vivaeventosedecoracoes<\/a>\u00a0<a class=\"notranslate\" tabindex=\"0\" href=\"https:\/\/www.instagram.com\/pordosolfazenda\/\">@pordosolfazenda<\/a>\u00a0<a class=\"notranslate\" tabindex=\"0\" href=\"https:\/\/www.instagram.com\/andreiasalesbuffet\/\">@andreiasalesbuffet<\/a>\u00a0<a class=\"notranslate\" tabindex=\"0\" href=\"https:\/\/www.instagram.com\/cozinha_da_nanas\/\">@cozinha_da_nanas<\/a>\u00a0<a class=\"notranslate\" tabindex=\"0\" href=\"https:\/\/www.instagram.com\/fogo.as\/\">@fogo.as<\/a>\u00a0<a class=\"notranslate\" tabindex=\"0\" href=\"https:\/\/www.instagram.com\/playtopservicos\/\">@playtopservicos<\/a><br \/>\n<a class=\"notranslate\" tabindex=\"0\" href=\"https:\/\/www.instagram.com\/lifebardrinks\/\">@lifebardrinks<\/a><br \/>\n<a class=\" xil3i\" tabindex=\"0\" href=\"https:\/\/www.instagram.com\/explore\/tags\/saojoao\/\">#saojoao<\/a>\u00a0<a class=\" xil3i\" tabindex=\"0\" href=\"https:\/\/www.instagram.com\/explore\/tags\/festaagostina\/\">#festaagostina<\/a>\u00a0<a class=\" xil3i\" tabindex=\"0\" href=\"https:\/\/www.instagram.com\/explore\/tags\/saojoaodf\/\">#saojoaodf<\/a>\u00a0<a class=\" xil3i\" tabindex=\"0\" href=\"https:\/\/www.instagram.com\/explore\/tags\/festajuninadf\/\">#festajuninadf<\/a>\u00a0<a class=\" xil3i\" tabindex=\"0\" href=\"https:\/\/www.instagram.com\/explore\/tags\/comidatipica\/\">#comidatipica<\/a>\u00a0<a class=\" xil3i\" tabindex=\"0\" href=\"https:\/\/www.instagram.com\/explore\/tags\/quent%C3%A3o\/\">#quent\u00e3o<\/a>\u00a0<a class=\" xil3i\" tabindex=\"0\" href=\"https:\/\/www.instagram.com\/explore\/tags\/caruru\/\">#caruru<\/a>\u00a0<a class=\" xil3i\" tabindex=\"0\" href=\"https:\/\/www.instagram.com\/explore\/tags\/pamonha\/\">#pamonha<\/a>\u00a0<a class=\" xil3i\" tabindex=\"0\" href=\"https:\/\/www.instagram.com\/explore\/tags\/brasilia\/\">#brasilia<\/a>\u00a0<a class=\" xil3i\" tabindex=\"0\" href=\"https:\/\/www.instagram.com\/explore\/tags\/df\/\">#df<\/a>\u00a0<a class=\" xil3i\" tabindex=\"0\" href=\"https:\/\/www.instagram.com\/explore\/tags\/pontealta\/\">#pontealta<\/a>\u00a0<a class=\" xil3i\" tabindex=\"0\" href=\"https:\/\/www.instagram.com\/explore\/tags\/gama\/\">#gama<\/a>\u00a0<a class=\" xil3i\" tabindex=\"0\" href=\"https:\/\/www.instagram.com\/explore\/tags\/gamadf\/\">#gamadf<\/a><\/p>\n","protected":false},"excerpt":{"rendered":"<p>Arrai\u00e1 do Espa\u00e7o Casa Grande. Venham participar dessa linda Festa Agostina!! Teremos barracas com comidas t\u00edpicas, Exposi\u00e7\u00e3o de Artesanatos, m\u00fasica ao vivo e muitas brincadeiras. Tudo feito com muita seguran\u00e7a!! Entrada: 1 Kg de alimento n\u00e3o Perec\u00edvel. Apoio:\u00a0@espacocasagrande\u00a0@sindicatodos\u00a0@vivaeventosedecoracoes\u00a0@pordosolfazenda\u00a0@andreiasalesbuffet\u00a0@cozinha_da_nanas\u00a0@fogo.as\u00a0@playtopservicos @lifebardrinks #saojoao\u00a0#festaagostina\u00a0#saojoaodf\u00a0#festajuninadf\u00a0#comidatipica\u00a0#quent\u00e3o\u00a0#caruru\u00a0#pamonha\u00a0#brasilia\u00a0#df\u00a0#pontealta\u00a0#gama\u00a0#gamadf<\/p>\n","protected":false},"author":3,"featured_media":8536,"comment_status":"open","ping_status":"open","sticky":false,"template":"","format":"standard","meta":{"_bbp_topic_count":0,"_bbp_reply_count":0,"_bbp_total_topic_count":0,"_bbp_total_reply_count":0,"_bbp_voice_count":0,"_bbp_anonymous_reply_count":0,"_bbp_topic_count_hidden":0,"_bbp_reply_count_hidden":0,"_bbp_forum_subforum_count":0,"footnotes":""},"categories":[2,5,54,6,3,7,40],"tags":[],"class_list":{"0":"post-8535","1":"post","2":"type-post","3":"status-publish","4":"format-standard","5":"has-post-thumbnail","7":"category-destaque","8":"category-economia","9":"category-espaco-casa-grande","10":"category-esporte-e-lazer","11":"category-luta-sindical","12":"category-politica","13":"category-sociedade"},"yoast_head":"<!-- This site is optimized with the Yoast SEO plugin v23.7 - https:\/\/yoast.com\/wordpress\/plugins\/seo\/ -->\n<title>Arrai\u00e1 Espa\u00e7o Casa Grande - SINDICOM<\/title>\n<meta name=\"robots\" content=\"index, follow, max-snippet:-1, max-image-preview:large, max-video-preview:-1\" \/>\n<link rel=\"canonical\" href=\"https:\/\/sindicomdf.com.br\/portal\/arraia-espaco-casa-grande\/\" \/>\n<meta property=\"og:locale\" content=\"pt_BR\" \/>\n<meta property=\"og:type\" content=\"article\" \/>\n<meta property=\"og:title\" content=\"Arrai\u00e1 Espa\u00e7o Casa Grande - SINDICOM\" \/>\n<meta property=\"og:description\" content=\"Arrai\u00e1 do Espa\u00e7o Casa Grande. Venham participar dessa linda Festa Agostina!! Teremos barracas com comidas t\u00edpicas, Exposi\u00e7\u00e3o de Artesanatos, m\u00fasica ao vivo e muitas brincadeiras. Tudo feito com muita seguran\u00e7a!! Entrada: 1 Kg de alimento n\u00e3o Perec\u00edvel. Apoio:\u00a0@espacocasagrande\u00a0@sindicatodos\u00a0@vivaeventosedecoracoes\u00a0@pordosolfazenda\u00a0@andreiasalesbuffet\u00a0@cozinha_da_nanas\u00a0@fogo.as\u00a0@playtopservicos @lifebardrinks #saojoao\u00a0#festaagostina\u00a0#saojoaodf\u00a0#festajuninadf\u00a0#comidatipica\u00a0#quent\u00e3o\u00a0#caruru\u00a0#pamonha\u00a0#brasilia\u00a0#df\u00a0#pontealta\u00a0#gama\u00a0#gamadf\" \/>\n<meta property=\"og:url\" content=\"https:\/\/sindicomdf.com.br\/portal\/arraia-espaco-casa-grande\/\" \/>\n<meta property=\"og:site_name\" content=\"SINDICOM\" \/>\n<meta property=\"article:published_time\" content=\"2021-08-18T19:48:42+00:00\" \/>\n<meta property=\"og:image\" content=\"https:\/\/sindicomdf.com.br\/portal\/wp-content\/uploads\/2021\/08\/Arraia-2021.jpeg\" \/>\n\t<meta property=\"og:image:width\" content=\"1080\" \/>\n\t<meta property=\"og:image:height\" content=\"1920\" \/>\n\t<meta property=\"og:image:type\" content=\"image\/jpeg\" \/>\n<meta name=\"author\" content=\"Imprensa\" \/>\n<meta name=\"twitter:card\" content=\"summary_large_image\" \/>\n<meta name=\"twitter:label1\" content=\"Escrito por\" \/>\n\t<meta name=\"twitter:data1\" content=\"Imprensa\" \/>\n<script type=\"application\/ld+json\" class=\"yoast-schema-graph\">{\"@context\":\"https:\/\/schema.org\",\"@graph\":[{\"@type\":\"WebPage\",\"@id\":\"https:\/\/sindicomdf.com.br\/portal\/arraia-espaco-casa-grande\/\",\"url\":\"https:\/\/sindicomdf.com.br\/portal\/arraia-espaco-casa-grande\/\",\"name\":\"Arrai\u00e1 Espa\u00e7o Casa Grande - SINDICOM\",\"isPartOf\":{\"@id\":\"https:\/\/sindicomdf.com.br\/portal\/#website\"},\"primaryImageOfPage\":{\"@id\":\"https:\/\/sindicomdf.com.br\/portal\/arraia-espaco-casa-grande\/#primaryimage\"},\"image\":{\"@id\":\"https:\/\/sindicomdf.com.br\/portal\/arraia-espaco-casa-grande\/#primaryimage\"},\"thumbnailUrl\":\"https:\/\/sindicomdf.com.br\/portal\/wp-content\/uploads\/2021\/08\/Arraia-2021.jpeg\",\"datePublished\":\"2021-08-18T19:48:42+00:00\",\"dateModified\":\"2021-08-18T19:48:42+00:00\",\"author\":{\"@id\":\"https:\/\/sindicomdf.com.br\/portal\/#\/schema\/person\/09372242e78b757907e33fe5db53d205\"},\"breadcrumb\":{\"@id\":\"https:\/\/sindicomdf.com.br\/portal\/arraia-espaco-casa-grande\/#breadcrumb\"},\"inLanguage\":\"pt-BR\",\"potentialAction\":[{\"@type\":\"ReadAction\",\"target\":[\"https:\/\/sindicomdf.com.br\/portal\/arraia-espaco-casa-grande\/\"]}]},{\"@type\":\"ImageObject\",\"inLanguage\":\"pt-BR\",\"@id\":\"https:\/\/sindicomdf.com.br\/portal\/arraia-espaco-casa-grande\/#primaryimage\",\"url\":\"https:\/\/sindicomdf.com.br\/portal\/wp-content\/uploads\/2021\/08\/Arraia-2021.jpeg\",\"contentUrl\":\"https:\/\/sindicomdf.com.br\/portal\/wp-content\/uploads\/2021\/08\/Arraia-2021.jpeg\",\"width\":1080,\"height\":1920},{\"@type\":\"BreadcrumbList\",\"@id\":\"https:\/\/sindicomdf.com.br\/portal\/arraia-espaco-casa-grande\/#breadcrumb\",\"itemListElement\":[{\"@type\":\"ListItem\",\"position\":1,\"name\":\"In\u00edcio\",\"item\":\"https:\/\/sindicomdf.com.br\/portal\/\"},{\"@type\":\"ListItem\",\"position\":2,\"name\":\"Arrai\u00e1 Espa\u00e7o Casa Grande\"}]},{\"@type\":\"WebSite\",\"@id\":\"https:\/\/sindicomdf.com.br\/portal\/#website\",\"url\":\"https:\/\/sindicomdf.com.br\/portal\/\",\"name\":\"SINDICOM\",\"description\":\"Sindicato dos Empregados no Com\u00e9rcio do DF\",\"potentialAction\":[{\"@type\":\"SearchAction\",\"target\":{\"@type\":\"EntryPoint\",\"urlTemplate\":\"https:\/\/sindicomdf.com.br\/portal\/?s={search_term_string}\"},\"query-input\":{\"@type\":\"PropertyValueSpecification\",\"valueRequired\":true,\"valueName\":\"search_term_string\"}}],\"inLanguage\":\"pt-BR\"},{\"@type\":\"Person\",\"@id\":\"https:\/\/sindicomdf.com.br\/portal\/#\/schema\/person\/09372242e78b757907e33fe5db53d205\",\"name\":\"Imprensa\",\"image\":{\"@type\":\"ImageObject\",\"inLanguage\":\"pt-BR\",\"@id\":\"https:\/\/sindicomdf.com.br\/portal\/#\/schema\/person\/image\/\",\"url\":\"https:\/\/secure.gravatar.com\/avatar\/060ac8086a7131ef4b79f847ca8f7acd57811aa2a477aca1d2a09b88754dd9de?s=96&d=mm&r=g\",\"contentUrl\":\"https:\/\/secure.gravatar.com\/avatar\/060ac8086a7131ef4b79f847ca8f7acd57811aa2a477aca1d2a09b88754dd9de?s=96&d=mm&r=g\",\"caption\":\"Imprensa\"},\"url\":\"https:\/\/sindicomdf.com.br\/portal\/author\/imprensa\/\"}]}<\/script>\n<!-- \/ Yoast SEO plugin. -->","yoast_head_json":{"title":"Arrai\u00e1 Espa\u00e7o Casa Grande - SINDICOM","robots":{"index":"index","follow":"follow","max-snippet":"max-snippet:-1","max-image-preview":"max-image-preview:large","max-video-preview":"max-video-preview:-1"},"canonical":"https:\/\/sindicomdf.com.br\/portal\/arraia-espaco-casa-grande\/","og_locale":"pt_BR","og_type":"article","og_title":"Arrai\u00e1 Espa\u00e7o Casa Grande - SINDICOM","og_description":"Arrai\u00e1 do Espa\u00e7o Casa Grande. Venham participar dessa linda Festa Agostina!! Teremos barracas com comidas t\u00edpicas, Exposi\u00e7\u00e3o de Artesanatos, m\u00fasica ao vivo e muitas brincadeiras. Tudo feito com muita seguran\u00e7a!! Entrada: 1 Kg de alimento n\u00e3o Perec\u00edvel. Apoio:\u00a0@espacocasagrande\u00a0@sindicatodos\u00a0@vivaeventosedecoracoes\u00a0@pordosolfazenda\u00a0@andreiasalesbuffet\u00a0@cozinha_da_nanas\u00a0@fogo.as\u00a0@playtopservicos @lifebardrinks #saojoao\u00a0#festaagostina\u00a0#saojoaodf\u00a0#festajuninadf\u00a0#comidatipica\u00a0#quent\u00e3o\u00a0#caruru\u00a0#pamonha\u00a0#brasilia\u00a0#df\u00a0#pontealta\u00a0#gama\u00a0#gamadf","og_url":"https:\/\/sindicomdf.com.br\/portal\/arraia-espaco-casa-grande\/","og_site_name":"SINDICOM","article_published_time":"2021-08-18T19:48:42+00:00","og_image":[{"width":1080,"height":1920,"url":"https:\/\/sindicomdf.com.br\/portal\/wp-content\/uploads\/2021\/08\/Arraia-2021.jpeg","type":"image\/jpeg"}],"author":"Imprensa","twitter_card":"summary_large_image","twitter_misc":{"Escrito por":"Imprensa"},"schema":{"@context":"https:\/\/schema.org","@graph":[{"@type":"WebPage","@id":"https:\/\/sindicomdf.com.br\/portal\/arraia-espaco-casa-grande\/","url":"https:\/\/sindicomdf.com.br\/portal\/arraia-espaco-casa-grande\/","name":"Arrai\u00e1 Espa\u00e7o Casa Grande - SINDICOM","isPartOf":{"@id":"https:\/\/sindicomdf.com.br\/portal\/#website"},"primaryImageOfPage":{"@id":"https:\/\/sindicomdf.com.br\/portal\/arraia-espaco-casa-grande\/#primaryimage"},"image":{"@id":"https:\/\/sindicomdf.com.br\/portal\/arraia-espaco-casa-grande\/#primaryimage"},"thumbnailUrl":"https:\/\/sindicomdf.com.br\/portal\/wp-content\/uploads\/2021\/08\/Arraia-2021.jpeg","datePublished":"2021-08-18T19:48:42+00:00","dateModified":"2021-08-18T19:48:42+00:00","author":{"@id":"https:\/\/sindicomdf.com.br\/portal\/#\/schema\/person\/09372242e78b757907e33fe5db53d205"},"breadcrumb":{"@id":"https:\/\/sindicomdf.com.br\/portal\/arraia-espaco-casa-grande\/#breadcrumb"},"inLanguage":"pt-BR","potentialAction":[{"@type":"ReadAction","target":["https:\/\/sindicomdf.com.br\/portal\/arraia-espaco-casa-grande\/"]}]},{"@type":"ImageObject","inLanguage":"pt-BR","@id":"https:\/\/sindicomdf.com.br\/portal\/arraia-espaco-casa-grande\/#primaryimage","url":"https:\/\/sindicomdf.com.br\/portal\/wp-content\/uploads\/2021\/08\/Arraia-2021.jpeg","contentUrl":"https:\/\/sindicomdf.com.br\/portal\/wp-content\/uploads\/2021\/08\/Arraia-2021.jpeg","width":1080,"height":1920},{"@type":"BreadcrumbList","@id":"https:\/\/sindicomdf.com.br\/portal\/arraia-espaco-casa-grande\/#breadcrumb","itemListElement":[{"@type":"ListItem","position":1,"name":"In\u00edcio","item":"https:\/\/sindicomdf.com.br\/portal\/"},{"@type":"ListItem","position":2,"name":"Arrai\u00e1 Espa\u00e7o Casa Grande"}]},{"@type":"WebSite","@id":"https:\/\/sindicomdf.com.br\/portal\/#website","url":"https:\/\/sindicomdf.com.br\/portal\/","name":"SINDICOM","description":"Sindicato dos Empregados no Com\u00e9rcio do DF","potentialAction":[{"@type":"SearchAction","target":{"@type":"EntryPoint","urlTemplate":"https:\/\/sindicomdf.com.br\/portal\/?s={search_term_string}"},"query-input":{"@type":"PropertyValueSpecification","valueRequired":true,"valueName":"search_term_string"}}],"inLanguage":"pt-BR"},{"@type":"Person","@id":"https:\/\/sindicomdf.com.br\/portal\/#\/schema\/person\/09372242e78b757907e33fe5db53d205","name":"Imprensa","image":{"@type":"ImageObject","inLanguage":"pt-BR","@id":"https:\/\/sindicomdf.com.br\/portal\/#\/schema\/person\/image\/","url":"https:\/\/secure.gravatar.com\/avatar\/060ac8086a7131ef4b79f847ca8f7acd57811aa2a477aca1d2a09b88754dd9de?s=96&d=mm&r=g","contentUrl":"https:\/\/secure.gravatar.com\/avatar\/060ac8086a7131ef4b79f847ca8f7acd57811aa2a477aca1d2a09b88754dd9de?s=96&d=mm&r=g","caption":"Imprensa"},"url":"https:\/\/sindicomdf.com.br\/portal\/author\/imprensa\/"}]}},"_links":{"self":[{"href":"https:\/\/sindicomdf.com.br\/portal\/wp-json\/wp\/v2\/posts\/8535","targetHints":{"allow":["GET"]}}],"collection":[{"href":"https:\/\/sindicomdf.com.br\/portal\/wp-json\/wp\/v2\/posts"}],"about":[{"href":"https:\/\/sindicomdf.com.br\/portal\/wp-json\/wp\/v2\/types\/post"}],"author":[{"embeddable":true,"href":"https:\/\/sindicomdf.com.br\/portal\/wp-json\/wp\/v2\/users\/3"}],"replies":[{"embeddable":true,"href":"https:\/\/sindicomdf.com.br\/portal\/wp-json\/wp\/v2\/comments?post=8535"}],"version-history":[{"count":1,"href":"https:\/\/sindicomdf.com.br\/portal\/wp-json\/wp\/v2\/posts\/8535\/revisions"}],"predecessor-version":[{"id":8537,"href":"https:\/\/sindicomdf.com.br\/portal\/wp-json\/wp\/v2\/posts\/8535\/revisions\/8537"}],"wp:featuredmedia":[{"embeddable":true,"href":"https:\/\/sindicomdf.com.br\/portal\/wp-json\/wp\/v2\/media\/8536"}],"wp:attachment":[{"href":"https:\/\/sindicomdf.com.br\/portal\/wp-json\/wp\/v2\/media?parent=8535"}],"wp:term":[{"taxonomy":"category","embeddable":true,"href":"https:\/\/sindicomdf.com.br\/portal\/wp-json\/wp\/v2\/categories?post=8535"},{"taxonomy":"post_tag","embeddable":true,"href":"https:\/\/sindicomdf.com.br\/portal\/wp-json\/wp\/v2\/tags?post=8535"}],"curies":[{"name":"wp","href":"https:\/\/api.w.org\/{rel}","templated":true}]}}