{"id":8474,"date":"2021-06-01T18:14:36","date_gmt":"2021-06-01T18:14:36","guid":{"rendered":"https:\/\/sindicomdf.com.br\/portal\/?p=8474"},"modified":"2021-06-01T18:14:36","modified_gmt":"2021-06-01T18:14:36","slug":"nota-de-pesar-de-jairo-soares","status":"publish","type":"post","link":"https:\/\/sindicomdf.com.br\/portal\/nota-de-pesar-de-jairo-soares\/","title":{"rendered":"Nota de pesar de Jairo Soares"},"content":{"rendered":"<p>O Sindicato dos Comerci\u00e1rios do DF manifesta profundo pesar pelo falecimento do companheiro Jairo Soares dos Santos, coordenador jur\u00eddico do Sindicato dos Empregados no Com\u00e9rcio Hoteleiro, Restaurantes, Bares e Similares do DF \u2013 SECHOSC, ocorrido neste s\u00e1bado (29).<\/p>\n<p>Jairo coordenou as elei\u00e7\u00f5es 87 at\u00e9 2002, foi um defensor dos trabalhadores, uma refer\u00eancia para muitos do movimento Sindical, principalmente o setor privado. Tamb\u00e9m participou da Assembleia Constituinte; foi banc\u00e1rio e juiz classista. Ele foi mais uma das milhares de v\u00edtimas da pandemia da Covid-19 que poderia ter sido poupada se o governo n\u00e3o negasse a vacina.<\/p>\n<p>Nossos profundos sentimentos aos familiares e amigos em luto pela irrepar\u00e1vel perda.<\/p>\n","protected":false},"excerpt":{"rendered":"<p>O Sindicato dos Comerci\u00e1rios do DF manifesta profundo pesar pelo falecimento do companheiro Jairo Soares dos Santos, coordenador jur\u00eddico do Sindicato dos Empregados no Com\u00e9rcio Hoteleiro, Restaurantes, Bares e Similares do DF \u2013 SECHOSC, ocorrido neste s\u00e1bado (29). Jairo coordenou as elei\u00e7\u00f5es 87 at\u00e9 2002, foi um defensor dos trabalhadores, uma refer\u00eancia para muitos do [&hellip;]<\/p>\n","protected":false},"author":3,"featured_media":8475,"comment_status":"open","ping_status":"open","sticky":false,"template":"","format":"standard","meta":{"_bbp_topic_count":0,"_bbp_reply_count":0,"_bbp_total_topic_count":0,"_bbp_total_reply_count":0,"_bbp_voice_count":0,"_bbp_anonymous_reply_count":0,"_bbp_topic_count_hidden":0,"_bbp_reply_count_hidden":0,"_bbp_forum_subforum_count":0,"footnotes":""},"categories":[56,2,5,7],"tags":[],"class_list":{"0":"post-8474","1":"post","2":"type-post","3":"status-publish","4":"format-standard","5":"has-post-thumbnail","7":"category-assembleia","8":"category-destaque","9":"category-economia","10":"category-politica"},"yoast_head":"<!-- This site is optimized with the Yoast SEO plugin v23.7 - https:\/\/yoast.com\/wordpress\/plugins\/seo\/ -->\n<title>Nota de pesar de Jairo Soares - SINDICOM<\/title>\n<meta name=\"robots\" content=\"index, follow, max-snippet:-1, max-image-preview:large, max-video-preview:-1\" \/>\n<link rel=\"canonical\" href=\"https:\/\/sindicomdf.com.br\/portal\/nota-de-pesar-de-jairo-soares\/\" \/>\n<meta property=\"og:locale\" content=\"pt_BR\" \/>\n<meta property=\"og:type\" content=\"article\" \/>\n<meta property=\"og:title\" content=\"Nota de pesar de Jairo Soares - SINDICOM\" \/>\n<meta property=\"og:description\" content=\"O Sindicato dos Comerci\u00e1rios do DF manifesta profundo pesar pelo falecimento do companheiro Jairo Soares dos Santos, coordenador jur\u00eddico do Sindicato dos Empregados no Com\u00e9rcio Hoteleiro, Restaurantes, Bares e Similares do DF \u2013 SECHOSC, ocorrido neste s\u00e1bado (29). Jairo coordenou as elei\u00e7\u00f5es 87 at\u00e9 2002, foi um defensor dos trabalhadores, uma refer\u00eancia para muitos do [&hellip;]\" \/>\n<meta property=\"og:url\" content=\"https:\/\/sindicomdf.com.br\/portal\/nota-de-pesar-de-jairo-soares\/\" \/>\n<meta property=\"og:site_name\" content=\"SINDICOM\" \/>\n<meta property=\"article:published_time\" content=\"2021-06-01T18:14:36+00:00\" \/>\n<meta property=\"og:image\" content=\"https:\/\/sindicomdf.com.br\/portal\/wp-content\/uploads\/2021\/06\/Jairo.jpg\" \/>\n\t<meta property=\"og:image:width\" content=\"453\" \/>\n\t<meta property=\"og:image:height\" content=\"446\" \/>\n\t<meta property=\"og:image:type\" content=\"image\/jpeg\" \/>\n<meta name=\"author\" content=\"Imprensa\" \/>\n<meta name=\"twitter:card\" content=\"summary_large_image\" \/>\n<meta name=\"twitter:label1\" content=\"Escrito por\" \/>\n\t<meta name=\"twitter:data1\" content=\"Imprensa\" \/>\n\t<meta name=\"twitter:label2\" content=\"Est. tempo de leitura\" \/>\n\t<meta name=\"twitter:data2\" content=\"1 minuto\" \/>\n<script type=\"application\/ld+json\" class=\"yoast-schema-graph\">{\"@context\":\"https:\/\/schema.org\",\"@graph\":[{\"@type\":\"WebPage\",\"@id\":\"https:\/\/sindicomdf.com.br\/portal\/nota-de-pesar-de-jairo-soares\/\",\"url\":\"https:\/\/sindicomdf.com.br\/portal\/nota-de-pesar-de-jairo-soares\/\",\"name\":\"Nota de pesar de Jairo Soares - SINDICOM\",\"isPartOf\":{\"@id\":\"https:\/\/sindicomdf.com.br\/portal\/#website\"},\"primaryImageOfPage\":{\"@id\":\"https:\/\/sindicomdf.com.br\/portal\/nota-de-pesar-de-jairo-soares\/#primaryimage\"},\"image\":{\"@id\":\"https:\/\/sindicomdf.com.br\/portal\/nota-de-pesar-de-jairo-soares\/#primaryimage\"},\"thumbnailUrl\":\"https:\/\/sindicomdf.com.br\/portal\/wp-content\/uploads\/2021\/06\/Jairo.jpg\",\"datePublished\":\"2021-06-01T18:14:36+00:00\",\"dateModified\":\"2021-06-01T18:14:36+00:00\",\"author\":{\"@id\":\"https:\/\/sindicomdf.com.br\/portal\/#\/schema\/person\/09372242e78b757907e33fe5db53d205\"},\"breadcrumb\":{\"@id\":\"https:\/\/sindicomdf.com.br\/portal\/nota-de-pesar-de-jairo-soares\/#breadcrumb\"},\"inLanguage\":\"pt-BR\",\"potentialAction\":[{\"@type\":\"ReadAction\",\"target\":[\"https:\/\/sindicomdf.com.br\/portal\/nota-de-pesar-de-jairo-soares\/\"]}]},{\"@type\":\"ImageObject\",\"inLanguage\":\"pt-BR\",\"@id\":\"https:\/\/sindicomdf.com.br\/portal\/nota-de-pesar-de-jairo-soares\/#primaryimage\",\"url\":\"https:\/\/sindicomdf.com.br\/portal\/wp-content\/uploads\/2021\/06\/Jairo.jpg\",\"contentUrl\":\"https:\/\/sindicomdf.com.br\/portal\/wp-content\/uploads\/2021\/06\/Jairo.jpg\",\"width\":453,\"height\":446},{\"@type\":\"BreadcrumbList\",\"@id\":\"https:\/\/sindicomdf.com.br\/portal\/nota-de-pesar-de-jairo-soares\/#breadcrumb\",\"itemListElement\":[{\"@type\":\"ListItem\",\"position\":1,\"name\":\"In\u00edcio\",\"item\":\"https:\/\/sindicomdf.com.br\/portal\/\"},{\"@type\":\"ListItem\",\"position\":2,\"name\":\"Nota de pesar de Jairo Soares\"}]},{\"@type\":\"WebSite\",\"@id\":\"https:\/\/sindicomdf.com.br\/portal\/#website\",\"url\":\"https:\/\/sindicomdf.com.br\/portal\/\",\"name\":\"SINDICOM\",\"description\":\"Sindicato dos Empregados no Com\u00e9rcio do DF\",\"potentialAction\":[{\"@type\":\"SearchAction\",\"target\":{\"@type\":\"EntryPoint\",\"urlTemplate\":\"https:\/\/sindicomdf.com.br\/portal\/?s={search_term_string}\"},\"query-input\":{\"@type\":\"PropertyValueSpecification\",\"valueRequired\":true,\"valueName\":\"search_term_string\"}}],\"inLanguage\":\"pt-BR\"},{\"@type\":\"Person\",\"@id\":\"https:\/\/sindicomdf.com.br\/portal\/#\/schema\/person\/09372242e78b757907e33fe5db53d205\",\"name\":\"Imprensa\",\"image\":{\"@type\":\"ImageObject\",\"inLanguage\":\"pt-BR\",\"@id\":\"https:\/\/sindicomdf.com.br\/portal\/#\/schema\/person\/image\/\",\"url\":\"https:\/\/secure.gravatar.com\/avatar\/060ac8086a7131ef4b79f847ca8f7acd57811aa2a477aca1d2a09b88754dd9de?s=96&d=mm&r=g\",\"contentUrl\":\"https:\/\/secure.gravatar.com\/avatar\/060ac8086a7131ef4b79f847ca8f7acd57811aa2a477aca1d2a09b88754dd9de?s=96&d=mm&r=g\",\"caption\":\"Imprensa\"},\"url\":\"https:\/\/sindicomdf.com.br\/portal\/author\/imprensa\/\"}]}<\/script>\n<!-- \/ Yoast SEO plugin. -->","yoast_head_json":{"title":"Nota de pesar de Jairo Soares - SINDICOM","robots":{"index":"index","follow":"follow","max-snippet":"max-snippet:-1","max-image-preview":"max-image-preview:large","max-video-preview":"max-video-preview:-1"},"canonical":"https:\/\/sindicomdf.com.br\/portal\/nota-de-pesar-de-jairo-soares\/","og_locale":"pt_BR","og_type":"article","og_title":"Nota de pesar de Jairo Soares - SINDICOM","og_description":"O Sindicato dos Comerci\u00e1rios do DF manifesta profundo pesar pelo falecimento do companheiro Jairo Soares dos Santos, coordenador jur\u00eddico do Sindicato dos Empregados no Com\u00e9rcio Hoteleiro, Restaurantes, Bares e Similares do DF \u2013 SECHOSC, ocorrido neste s\u00e1bado (29). Jairo coordenou as elei\u00e7\u00f5es 87 at\u00e9 2002, foi um defensor dos trabalhadores, uma refer\u00eancia para muitos do [&hellip;]","og_url":"https:\/\/sindicomdf.com.br\/portal\/nota-de-pesar-de-jairo-soares\/","og_site_name":"SINDICOM","article_published_time":"2021-06-01T18:14:36+00:00","og_image":[{"width":453,"height":446,"url":"https:\/\/sindicomdf.com.br\/portal\/wp-content\/uploads\/2021\/06\/Jairo.jpg","type":"image\/jpeg"}],"author":"Imprensa","twitter_card":"summary_large_image","twitter_misc":{"Escrito por":"Imprensa","Est. tempo de leitura":"1 minuto"},"schema":{"@context":"https:\/\/schema.org","@graph":[{"@type":"WebPage","@id":"https:\/\/sindicomdf.com.br\/portal\/nota-de-pesar-de-jairo-soares\/","url":"https:\/\/sindicomdf.com.br\/portal\/nota-de-pesar-de-jairo-soares\/","name":"Nota de pesar de Jairo Soares - SINDICOM","isPartOf":{"@id":"https:\/\/sindicomdf.com.br\/portal\/#website"},"primaryImageOfPage":{"@id":"https:\/\/sindicomdf.com.br\/portal\/nota-de-pesar-de-jairo-soares\/#primaryimage"},"image":{"@id":"https:\/\/sindicomdf.com.br\/portal\/nota-de-pesar-de-jairo-soares\/#primaryimage"},"thumbnailUrl":"https:\/\/sindicomdf.com.br\/portal\/wp-content\/uploads\/2021\/06\/Jairo.jpg","datePublished":"2021-06-01T18:14:36+00:00","dateModified":"2021-06-01T18:14:36+00:00","author":{"@id":"https:\/\/sindicomdf.com.br\/portal\/#\/schema\/person\/09372242e78b757907e33fe5db53d205"},"breadcrumb":{"@id":"https:\/\/sindicomdf.com.br\/portal\/nota-de-pesar-de-jairo-soares\/#breadcrumb"},"inLanguage":"pt-BR","potentialAction":[{"@type":"ReadAction","target":["https:\/\/sindicomdf.com.br\/portal\/nota-de-pesar-de-jairo-soares\/"]}]},{"@type":"ImageObject","inLanguage":"pt-BR","@id":"https:\/\/sindicomdf.com.br\/portal\/nota-de-pesar-de-jairo-soares\/#primaryimage","url":"https:\/\/sindicomdf.com.br\/portal\/wp-content\/uploads\/2021\/06\/Jairo.jpg","contentUrl":"https:\/\/sindicomdf.com.br\/portal\/wp-content\/uploads\/2021\/06\/Jairo.jpg","width":453,"height":446},{"@type":"BreadcrumbList","@id":"https:\/\/sindicomdf.com.br\/portal\/nota-de-pesar-de-jairo-soares\/#breadcrumb","itemListElement":[{"@type":"ListItem","position":1,"name":"In\u00edcio","item":"https:\/\/sindicomdf.com.br\/portal\/"},{"@type":"ListItem","position":2,"name":"Nota de pesar de Jairo Soares"}]},{"@type":"WebSite","@id":"https:\/\/sindicomdf.com.br\/portal\/#website","url":"https:\/\/sindicomdf.com.br\/portal\/","name":"SINDICOM","description":"Sindicato dos Empregados no Com\u00e9rcio do DF","potentialAction":[{"@type":"SearchAction","target":{"@type":"EntryPoint","urlTemplate":"https:\/\/sindicomdf.com.br\/portal\/?s={search_term_string}"},"query-input":{"@type":"PropertyValueSpecification","valueRequired":true,"valueName":"search_term_string"}}],"inLanguage":"pt-BR"},{"@type":"Person","@id":"https:\/\/sindicomdf.com.br\/portal\/#\/schema\/person\/09372242e78b757907e33fe5db53d205","name":"Imprensa","image":{"@type":"ImageObject","inLanguage":"pt-BR","@id":"https:\/\/sindicomdf.com.br\/portal\/#\/schema\/person\/image\/","url":"https:\/\/secure.gravatar.com\/avatar\/060ac8086a7131ef4b79f847ca8f7acd57811aa2a477aca1d2a09b88754dd9de?s=96&d=mm&r=g","contentUrl":"https:\/\/secure.gravatar.com\/avatar\/060ac8086a7131ef4b79f847ca8f7acd57811aa2a477aca1d2a09b88754dd9de?s=96&d=mm&r=g","caption":"Imprensa"},"url":"https:\/\/sindicomdf.com.br\/portal\/author\/imprensa\/"}]}},"_links":{"self":[{"href":"https:\/\/sindicomdf.com.br\/portal\/wp-json\/wp\/v2\/posts\/8474","targetHints":{"allow":["GET"]}}],"collection":[{"href":"https:\/\/sindicomdf.com.br\/portal\/wp-json\/wp\/v2\/posts"}],"about":[{"href":"https:\/\/sindicomdf.com.br\/portal\/wp-json\/wp\/v2\/types\/post"}],"author":[{"embeddable":true,"href":"https:\/\/sindicomdf.com.br\/portal\/wp-json\/wp\/v2\/users\/3"}],"replies":[{"embeddable":true,"href":"https:\/\/sindicomdf.com.br\/portal\/wp-json\/wp\/v2\/comments?post=8474"}],"version-history":[{"count":1,"href":"https:\/\/sindicomdf.com.br\/portal\/wp-json\/wp\/v2\/posts\/8474\/revisions"}],"predecessor-version":[{"id":8476,"href":"https:\/\/sindicomdf.com.br\/portal\/wp-json\/wp\/v2\/posts\/8474\/revisions\/8476"}],"wp:featuredmedia":[{"embeddable":true,"href":"https:\/\/sindicomdf.com.br\/portal\/wp-json\/wp\/v2\/media\/8475"}],"wp:attachment":[{"href":"https:\/\/sindicomdf.com.br\/portal\/wp-json\/wp\/v2\/media?parent=8474"}],"wp:term":[{"taxonomy":"category","embeddable":true,"href":"https:\/\/sindicomdf.com.br\/portal\/wp-json\/wp\/v2\/categories?post=8474"},{"taxonomy":"post_tag","embeddable":true,"href":"https:\/\/sindicomdf.com.br\/portal\/wp-json\/wp\/v2\/tags?post=8474"}],"curies":[{"name":"wp","href":"https:\/\/api.w.org\/{rel}","templated":true}]}}