{"id":8202,"date":"2020-07-28T17:30:55","date_gmt":"2020-07-28T17:30:55","guid":{"rendered":"https:\/\/sindicomdf.com.br\/portal\/?p=8202"},"modified":"2020-07-28T17:30:55","modified_gmt":"2020-07-28T17:30:55","slug":"na-pandemia-bilionarios-aumentam-fortuna-e-pobres-pagam-a-conta","status":"publish","type":"post","link":"https:\/\/sindicomdf.com.br\/portal\/na-pandemia-bilionarios-aumentam-fortuna-e-pobres-pagam-a-conta\/","title":{"rendered":"Na pandemia, bilion\u00e1rios aumentam fortuna e pobres pagam a conta!"},"content":{"rendered":"<h2 class=\"noticiah2\">No Brasil, os 42 bilion\u00e1rios do pa\u00eds aumentaram suas fortunas em US$ 34 bilh\u00f5es, do in\u00edcio da crise sanit\u00e1ria at\u00e9 junho<\/h2>\n<h3 class=\"colunistaNome\">Escrito por:\u00a0<a class=\"blackLink\" href=\"mailto:imprensa@contracs.org.br\">Eduardo Maretti, da RBA<\/a><\/h3>\n<div id=\"ck\" class=\"ck\">\n<p>Segundo dados do relat\u00f3rio \u201cQuem Paga a Conta? \u2013 Taxar a Riqueza para Enfrentar a Crise da Covid na Am\u00e9rica Latina e Caribe\u201d, divulgado nesta segunda-feira (27), 73 bilion\u00e1rios da Am\u00e9rica Latina e do Caribe aumentaram suas fortunas em US$ 48,2 bilh\u00f5es entre o m\u00eas de mar\u00e7o, quando a pandemia de coronav\u00edrus come\u00e7ou a se disseminar pelo subcontinente, e junho deste ano.<\/p>\n<p>De acordo com a entidade, baseada em dados da Forbes, o valor \u00e9 equivalente a um ter\u00e7o do total de recursos previstos em pacotes de est\u00edmulos econ\u00f4micos adotados por todos os pa\u00edses da regi\u00e3o. No Brasil, os 42 bilion\u00e1rios do pa\u00eds aumentaram suas fortunas em US$ 34 bilh\u00f5es no mesmo per\u00edodo. O patrim\u00f4nio l\u00edquido desses super ricos cresceu de US$ 123,1 bilh\u00f5es, em mar\u00e7o, para R$ 157,1 bilh\u00f5es em julho.<\/p>\n<p>\u201cA Covid-19 n\u00e3o \u00e9 igual para todos. Enquanto a maioria da popula\u00e7\u00e3o se arrisca a ser contaminada para n\u00e3o perder emprego ou para comprar o alimento da sua fam\u00edlia no dia seguinte, os bilion\u00e1rios n\u00e3o t\u00eam com o que se preocupar\u201d, diz Katia Maia, diretora executiva da Oxfam Brasil. \u201cEles est\u00e3o em outro mundo, o dos privil\u00e9gios e das fortunas que seguem crescendo em meio \u00e0, talvez, maior crise econ\u00f4mica, social e de sa\u00fade do planeta no \u00faltimo s\u00e9culo\u201d, acrescenta.<\/p>\n<p>Enquanto oito novos bilion\u00e1rios surgiram na regi\u00e3o no per\u00edodo, a partir do in\u00edcio do distanciamento social implementado por governos contra a Covid-19 (doen\u00e7a causada pelo novo coronav\u00edrus), estima-se que 40 milh\u00f5es perder\u00e3o seus empregos e 52 milh\u00f5es de pessoas entrar\u00e3o na faixa de pobreza na Am\u00e9rica Latina e Caribe em 2020.<\/p>\n<p>Segundo o relat\u00f3rio da Oxfam, citando a Organiza\u00e7\u00e3o Mundial de Sa\u00fade (OMS), desde 1\u00ba de junho, a regi\u00e3o passou a ser o novo epicentro da crise sanit\u00e1ria da Covid-19, superando o \u00edndice de infec\u00e7\u00e3o dos Estados Unidos e da Europa, \u201ccom um devastador efeito social\u201d.<\/p>\n<p>\u201cOs elevados n\u00edveis de desigualdade e pobreza, preexistentes \u00e0 crise, somados \u00e0 alta informalidade e a administra\u00e7\u00f5es p\u00fablicas com recursos insuficientes, s\u00e3o um efeito multiplicador que explica a vulnerabilidade da regi\u00e3o e limita sua capacidade de conter a pandemia\u201d, registra a Oxfam.<\/p>\n<p><strong>Brasil<\/strong><br \/>\nO relat\u00f3rio da Oxfam destaca que o Brasil se transformou no vice-l\u00edder do mundo em n\u00famero de pessoas contaminadas e mortas pelo novo coronav\u00edrus, oficialmente denominado Sars-Cov-2, causador da doen\u00e7a ou infec\u00e7\u00e3o covid-19.<\/p>\n<p>At\u00e9 a tarde desta sexta-feira, o Brasil contabilizava 2.303.661 casos da infec\u00e7\u00e3o, com 84.440 mortos. \u201cEsses n\u00fameros ainda parecem estar amplamente subestimados, j\u00e1 que a subnotifica\u00e7\u00e3o de casos \u00e9 reconhecida at\u00e9 mesmo pelas autoridades p\u00fablicas. O Brasil testa sete vezes menos (por milh\u00e3o de habitantes) que os Estados Unidos, pa\u00eds que encabe\u00e7a o ranking de infectados, e 3,5 vezes menos que o Peru, segundo pa\u00eds latino-americano em casos\u201d, diz a Oxfam.<\/p>\n<p>A trajet\u00f3ria do v\u00edrus, continua o relat\u00f3rio, \u201c\u00e9 uma fotografia das profundas desigualdades do pa\u00eds\u201d. O Brasil tinha 40 milh\u00f5es de trabalhadores informais e 11,9 milh\u00f5es de desempregados antes da pandemia, \u201cmuitos sem prote\u00e7\u00e3o social\u201d. Ap\u00f3s a pandemia, horizonte que ainda nem mesmo a ci\u00eancia consegue apontar com clareza, o quadro deve se agravar muito.<\/p>\n<p>\u201cAs expectativas apontam que o desemprego p\u00f3s-pandemia pode aumentar para taxas de 15%, com 16 milh\u00f5es de desempregados.\u201d Isso num pa\u00eds no qual cerca de 5 milh\u00f5es de moradias est\u00e3o em favelas, a maioria das quais sem acesso a \u00e1gua tratada e saneamento b\u00e1sico.<\/p>\n<\/div>\n<p>Fonte: Contracs<\/p>\n","protected":false},"excerpt":{"rendered":"<p>No Brasil, os 42 bilion\u00e1rios do pa\u00eds aumentaram suas fortunas em US$ 34 bilh\u00f5es, do in\u00edcio da crise sanit\u00e1ria at\u00e9 junho Escrito por:\u00a0Eduardo Maretti, da RBA Segundo dados do relat\u00f3rio \u201cQuem Paga a Conta? \u2013 Taxar a Riqueza para Enfrentar a Crise da Covid na Am\u00e9rica Latina e Caribe\u201d, divulgado nesta segunda-feira (27), 73 bilion\u00e1rios [&hellip;]<\/p>\n","protected":false},"author":3,"featured_media":8203,"comment_status":"open","ping_status":"open","sticky":false,"template":"","format":"standard","meta":{"_bbp_topic_count":0,"_bbp_reply_count":0,"_bbp_total_topic_count":0,"_bbp_total_reply_count":0,"_bbp_voice_count":0,"_bbp_anonymous_reply_count":0,"_bbp_topic_count_hidden":0,"_bbp_reply_count_hidden":0,"_bbp_forum_subforum_count":0,"footnotes":""},"categories":[2,5,3,40],"tags":[],"class_list":{"0":"post-8202","1":"post","2":"type-post","3":"status-publish","4":"format-standard","5":"has-post-thumbnail","7":"category-destaque","8":"category-economia","9":"category-luta-sindical","10":"category-sociedade"},"yoast_head":"<!-- This site is optimized with the Yoast SEO plugin v23.7 - https:\/\/yoast.com\/wordpress\/plugins\/seo\/ -->\n<title>Na pandemia, bilion\u00e1rios aumentam fortuna e pobres pagam a conta! - SINDICOM<\/title>\n<meta name=\"robots\" content=\"index, follow, max-snippet:-1, max-image-preview:large, max-video-preview:-1\" \/>\n<link rel=\"canonical\" href=\"https:\/\/sindicomdf.com.br\/portal\/na-pandemia-bilionarios-aumentam-fortuna-e-pobres-pagam-a-conta\/\" \/>\n<meta property=\"og:locale\" content=\"pt_BR\" \/>\n<meta property=\"og:type\" content=\"article\" \/>\n<meta property=\"og:title\" content=\"Na pandemia, bilion\u00e1rios aumentam fortuna e pobres pagam a conta! - SINDICOM\" \/>\n<meta property=\"og:description\" content=\"No Brasil, os 42 bilion\u00e1rios do pa\u00eds aumentaram suas fortunas em US$ 34 bilh\u00f5es, do in\u00edcio da crise sanit\u00e1ria at\u00e9 junho Escrito por:\u00a0Eduardo Maretti, da RBA Segundo dados do relat\u00f3rio \u201cQuem Paga a Conta? \u2013 Taxar a Riqueza para Enfrentar a Crise da Covid na Am\u00e9rica Latina e Caribe\u201d, divulgado nesta segunda-feira (27), 73 bilion\u00e1rios [&hellip;]\" \/>\n<meta property=\"og:url\" content=\"https:\/\/sindicomdf.com.br\/portal\/na-pandemia-bilionarios-aumentam-fortuna-e-pobres-pagam-a-conta\/\" \/>\n<meta property=\"og:site_name\" content=\"SINDICOM\" \/>\n<meta property=\"article:published_time\" content=\"2020-07-28T17:30:55+00:00\" \/>\n<meta property=\"og:image\" content=\"https:\/\/sindicomdf.com.br\/portal\/wp-content\/uploads\/2020\/07\/Oxfam-Gra\u0301fico-1-1024x643.jpg\" \/>\n\t<meta property=\"og:image:width\" content=\"1024\" \/>\n\t<meta property=\"og:image:height\" content=\"643\" \/>\n\t<meta property=\"og:image:type\" content=\"image\/jpeg\" \/>\n<meta name=\"author\" content=\"Imprensa\" \/>\n<meta name=\"twitter:card\" content=\"summary_large_image\" \/>\n<meta name=\"twitter:label1\" content=\"Escrito por\" \/>\n\t<meta name=\"twitter:data1\" content=\"Imprensa\" \/>\n\t<meta name=\"twitter:label2\" content=\"Est. tempo de leitura\" \/>\n\t<meta name=\"twitter:data2\" content=\"3 minutos\" \/>\n<script type=\"application\/ld+json\" class=\"yoast-schema-graph\">{\"@context\":\"https:\/\/schema.org\",\"@graph\":[{\"@type\":\"WebPage\",\"@id\":\"https:\/\/sindicomdf.com.br\/portal\/na-pandemia-bilionarios-aumentam-fortuna-e-pobres-pagam-a-conta\/\",\"url\":\"https:\/\/sindicomdf.com.br\/portal\/na-pandemia-bilionarios-aumentam-fortuna-e-pobres-pagam-a-conta\/\",\"name\":\"Na pandemia, bilion\u00e1rios aumentam fortuna e pobres pagam a conta! - SINDICOM\",\"isPartOf\":{\"@id\":\"https:\/\/sindicomdf.com.br\/portal\/#website\"},\"primaryImageOfPage\":{\"@id\":\"https:\/\/sindicomdf.com.br\/portal\/na-pandemia-bilionarios-aumentam-fortuna-e-pobres-pagam-a-conta\/#primaryimage\"},\"image\":{\"@id\":\"https:\/\/sindicomdf.com.br\/portal\/na-pandemia-bilionarios-aumentam-fortuna-e-pobres-pagam-a-conta\/#primaryimage\"},\"thumbnailUrl\":\"https:\/\/sindicomdf.com.br\/portal\/wp-content\/uploads\/2020\/07\/Oxfam-Gra\u0301fico-1-1024x643.jpg\",\"datePublished\":\"2020-07-28T17:30:55+00:00\",\"dateModified\":\"2020-07-28T17:30:55+00:00\",\"author\":{\"@id\":\"https:\/\/sindicomdf.com.br\/portal\/#\/schema\/person\/09372242e78b757907e33fe5db53d205\"},\"breadcrumb\":{\"@id\":\"https:\/\/sindicomdf.com.br\/portal\/na-pandemia-bilionarios-aumentam-fortuna-e-pobres-pagam-a-conta\/#breadcrumb\"},\"inLanguage\":\"pt-BR\",\"potentialAction\":[{\"@type\":\"ReadAction\",\"target\":[\"https:\/\/sindicomdf.com.br\/portal\/na-pandemia-bilionarios-aumentam-fortuna-e-pobres-pagam-a-conta\/\"]}]},{\"@type\":\"ImageObject\",\"inLanguage\":\"pt-BR\",\"@id\":\"https:\/\/sindicomdf.com.br\/portal\/na-pandemia-bilionarios-aumentam-fortuna-e-pobres-pagam-a-conta\/#primaryimage\",\"url\":\"https:\/\/sindicomdf.com.br\/portal\/wp-content\/uploads\/2020\/07\/Oxfam-Gra\u0301fico-1-1024x643.jpg\",\"contentUrl\":\"https:\/\/sindicomdf.com.br\/portal\/wp-content\/uploads\/2020\/07\/Oxfam-Gra\u0301fico-1-1024x643.jpg\",\"width\":1024,\"height\":643},{\"@type\":\"BreadcrumbList\",\"@id\":\"https:\/\/sindicomdf.com.br\/portal\/na-pandemia-bilionarios-aumentam-fortuna-e-pobres-pagam-a-conta\/#breadcrumb\",\"itemListElement\":[{\"@type\":\"ListItem\",\"position\":1,\"name\":\"In\u00edcio\",\"item\":\"https:\/\/sindicomdf.com.br\/portal\/\"},{\"@type\":\"ListItem\",\"position\":2,\"name\":\"Na pandemia, bilion\u00e1rios aumentam fortuna e pobres pagam a conta!\"}]},{\"@type\":\"WebSite\",\"@id\":\"https:\/\/sindicomdf.com.br\/portal\/#website\",\"url\":\"https:\/\/sindicomdf.com.br\/portal\/\",\"name\":\"SINDICOM\",\"description\":\"Sindicato dos Empregados no Com\u00e9rcio do DF\",\"potentialAction\":[{\"@type\":\"SearchAction\",\"target\":{\"@type\":\"EntryPoint\",\"urlTemplate\":\"https:\/\/sindicomdf.com.br\/portal\/?s={search_term_string}\"},\"query-input\":{\"@type\":\"PropertyValueSpecification\",\"valueRequired\":true,\"valueName\":\"search_term_string\"}}],\"inLanguage\":\"pt-BR\"},{\"@type\":\"Person\",\"@id\":\"https:\/\/sindicomdf.com.br\/portal\/#\/schema\/person\/09372242e78b757907e33fe5db53d205\",\"name\":\"Imprensa\",\"image\":{\"@type\":\"ImageObject\",\"inLanguage\":\"pt-BR\",\"@id\":\"https:\/\/sindicomdf.com.br\/portal\/#\/schema\/person\/image\/\",\"url\":\"https:\/\/secure.gravatar.com\/avatar\/060ac8086a7131ef4b79f847ca8f7acd57811aa2a477aca1d2a09b88754dd9de?s=96&d=mm&r=g\",\"contentUrl\":\"https:\/\/secure.gravatar.com\/avatar\/060ac8086a7131ef4b79f847ca8f7acd57811aa2a477aca1d2a09b88754dd9de?s=96&d=mm&r=g\",\"caption\":\"Imprensa\"},\"url\":\"https:\/\/sindicomdf.com.br\/portal\/author\/imprensa\/\"}]}<\/script>\n<!-- \/ Yoast SEO plugin. -->","yoast_head_json":{"title":"Na pandemia, bilion\u00e1rios aumentam fortuna e pobres pagam a conta! - SINDICOM","robots":{"index":"index","follow":"follow","max-snippet":"max-snippet:-1","max-image-preview":"max-image-preview:large","max-video-preview":"max-video-preview:-1"},"canonical":"https:\/\/sindicomdf.com.br\/portal\/na-pandemia-bilionarios-aumentam-fortuna-e-pobres-pagam-a-conta\/","og_locale":"pt_BR","og_type":"article","og_title":"Na pandemia, bilion\u00e1rios aumentam fortuna e pobres pagam a conta! - SINDICOM","og_description":"No Brasil, os 42 bilion\u00e1rios do pa\u00eds aumentaram suas fortunas em US$ 34 bilh\u00f5es, do in\u00edcio da crise sanit\u00e1ria at\u00e9 junho Escrito por:\u00a0Eduardo Maretti, da RBA Segundo dados do relat\u00f3rio \u201cQuem Paga a Conta? \u2013 Taxar a Riqueza para Enfrentar a Crise da Covid na Am\u00e9rica Latina e Caribe\u201d, divulgado nesta segunda-feira (27), 73 bilion\u00e1rios [&hellip;]","og_url":"https:\/\/sindicomdf.com.br\/portal\/na-pandemia-bilionarios-aumentam-fortuna-e-pobres-pagam-a-conta\/","og_site_name":"SINDICOM","article_published_time":"2020-07-28T17:30:55+00:00","og_image":[{"width":1024,"height":643,"url":"https:\/\/sindicomdf.com.br\/portal\/wp-content\/uploads\/2020\/07\/Oxfam-Gra\u0301fico-1-1024x643.jpg","type":"image\/jpeg"}],"author":"Imprensa","twitter_card":"summary_large_image","twitter_misc":{"Escrito por":"Imprensa","Est. tempo de leitura":"3 minutos"},"schema":{"@context":"https:\/\/schema.org","@graph":[{"@type":"WebPage","@id":"https:\/\/sindicomdf.com.br\/portal\/na-pandemia-bilionarios-aumentam-fortuna-e-pobres-pagam-a-conta\/","url":"https:\/\/sindicomdf.com.br\/portal\/na-pandemia-bilionarios-aumentam-fortuna-e-pobres-pagam-a-conta\/","name":"Na pandemia, bilion\u00e1rios aumentam fortuna e pobres pagam a conta! - SINDICOM","isPartOf":{"@id":"https:\/\/sindicomdf.com.br\/portal\/#website"},"primaryImageOfPage":{"@id":"https:\/\/sindicomdf.com.br\/portal\/na-pandemia-bilionarios-aumentam-fortuna-e-pobres-pagam-a-conta\/#primaryimage"},"image":{"@id":"https:\/\/sindicomdf.com.br\/portal\/na-pandemia-bilionarios-aumentam-fortuna-e-pobres-pagam-a-conta\/#primaryimage"},"thumbnailUrl":"https:\/\/sindicomdf.com.br\/portal\/wp-content\/uploads\/2020\/07\/Oxfam-Gra\u0301fico-1-1024x643.jpg","datePublished":"2020-07-28T17:30:55+00:00","dateModified":"2020-07-28T17:30:55+00:00","author":{"@id":"https:\/\/sindicomdf.com.br\/portal\/#\/schema\/person\/09372242e78b757907e33fe5db53d205"},"breadcrumb":{"@id":"https:\/\/sindicomdf.com.br\/portal\/na-pandemia-bilionarios-aumentam-fortuna-e-pobres-pagam-a-conta\/#breadcrumb"},"inLanguage":"pt-BR","potentialAction":[{"@type":"ReadAction","target":["https:\/\/sindicomdf.com.br\/portal\/na-pandemia-bilionarios-aumentam-fortuna-e-pobres-pagam-a-conta\/"]}]},{"@type":"ImageObject","inLanguage":"pt-BR","@id":"https:\/\/sindicomdf.com.br\/portal\/na-pandemia-bilionarios-aumentam-fortuna-e-pobres-pagam-a-conta\/#primaryimage","url":"https:\/\/sindicomdf.com.br\/portal\/wp-content\/uploads\/2020\/07\/Oxfam-Gra\u0301fico-1-1024x643.jpg","contentUrl":"https:\/\/sindicomdf.com.br\/portal\/wp-content\/uploads\/2020\/07\/Oxfam-Gra\u0301fico-1-1024x643.jpg","width":1024,"height":643},{"@type":"BreadcrumbList","@id":"https:\/\/sindicomdf.com.br\/portal\/na-pandemia-bilionarios-aumentam-fortuna-e-pobres-pagam-a-conta\/#breadcrumb","itemListElement":[{"@type":"ListItem","position":1,"name":"In\u00edcio","item":"https:\/\/sindicomdf.com.br\/portal\/"},{"@type":"ListItem","position":2,"name":"Na pandemia, bilion\u00e1rios aumentam fortuna e pobres pagam a conta!"}]},{"@type":"WebSite","@id":"https:\/\/sindicomdf.com.br\/portal\/#website","url":"https:\/\/sindicomdf.com.br\/portal\/","name":"SINDICOM","description":"Sindicato dos Empregados no Com\u00e9rcio do DF","potentialAction":[{"@type":"SearchAction","target":{"@type":"EntryPoint","urlTemplate":"https:\/\/sindicomdf.com.br\/portal\/?s={search_term_string}"},"query-input":{"@type":"PropertyValueSpecification","valueRequired":true,"valueName":"search_term_string"}}],"inLanguage":"pt-BR"},{"@type":"Person","@id":"https:\/\/sindicomdf.com.br\/portal\/#\/schema\/person\/09372242e78b757907e33fe5db53d205","name":"Imprensa","image":{"@type":"ImageObject","inLanguage":"pt-BR","@id":"https:\/\/sindicomdf.com.br\/portal\/#\/schema\/person\/image\/","url":"https:\/\/secure.gravatar.com\/avatar\/060ac8086a7131ef4b79f847ca8f7acd57811aa2a477aca1d2a09b88754dd9de?s=96&d=mm&r=g","contentUrl":"https:\/\/secure.gravatar.com\/avatar\/060ac8086a7131ef4b79f847ca8f7acd57811aa2a477aca1d2a09b88754dd9de?s=96&d=mm&r=g","caption":"Imprensa"},"url":"https:\/\/sindicomdf.com.br\/portal\/author\/imprensa\/"}]}},"_links":{"self":[{"href":"https:\/\/sindicomdf.com.br\/portal\/wp-json\/wp\/v2\/posts\/8202","targetHints":{"allow":["GET"]}}],"collection":[{"href":"https:\/\/sindicomdf.com.br\/portal\/wp-json\/wp\/v2\/posts"}],"about":[{"href":"https:\/\/sindicomdf.com.br\/portal\/wp-json\/wp\/v2\/types\/post"}],"author":[{"embeddable":true,"href":"https:\/\/sindicomdf.com.br\/portal\/wp-json\/wp\/v2\/users\/3"}],"replies":[{"embeddable":true,"href":"https:\/\/sindicomdf.com.br\/portal\/wp-json\/wp\/v2\/comments?post=8202"}],"version-history":[{"count":1,"href":"https:\/\/sindicomdf.com.br\/portal\/wp-json\/wp\/v2\/posts\/8202\/revisions"}],"predecessor-version":[{"id":8204,"href":"https:\/\/sindicomdf.com.br\/portal\/wp-json\/wp\/v2\/posts\/8202\/revisions\/8204"}],"wp:featuredmedia":[{"embeddable":true,"href":"https:\/\/sindicomdf.com.br\/portal\/wp-json\/wp\/v2\/media\/8203"}],"wp:attachment":[{"href":"https:\/\/sindicomdf.com.br\/portal\/wp-json\/wp\/v2\/media?parent=8202"}],"wp:term":[{"taxonomy":"category","embeddable":true,"href":"https:\/\/sindicomdf.com.br\/portal\/wp-json\/wp\/v2\/categories?post=8202"},{"taxonomy":"post_tag","embeddable":true,"href":"https:\/\/sindicomdf.com.br\/portal\/wp-json\/wp\/v2\/tags?post=8202"}],"curies":[{"name":"wp","href":"https:\/\/api.w.org\/{rel}","templated":true}]}}