{"id":8192,"date":"2020-07-13T18:48:36","date_gmt":"2020-07-13T18:48:36","guid":{"rendered":"https:\/\/sindicomdf.com.br\/portal\/?p=8192"},"modified":"2020-07-13T18:48:36","modified_gmt":"2020-07-13T18:48:36","slug":"contracs-cut-comemora-30-anos-em-live-com-o-lula","status":"publish","type":"post","link":"https:\/\/sindicomdf.com.br\/portal\/contracs-cut-comemora-30-anos-em-live-com-o-lula\/","title":{"rendered":"Contracs\/CUT comemora 30 anos em LIVE com o Lula"},"content":{"rendered":"<h2 class=\"noticiah2\">Evento marcado no Facebook para a pr\u00f3xima ter\u00e7a-feira (14), \u00e0s 14h30, contar\u00e1 com a participa\u00e7\u00e3o do ex-presidente Lula e dirigentes da CUT e da Contracs<\/h2>\n<h3 class=\"colunistaNome\"><\/h3>\n<div id=\"ck\" class=\"ck\">\n<p>Neste m\u00eas de julho a Contracs\/CUT comemora seus 30 anos de funda\u00e7\u00e3o. S\u00e3o tr\u00eas d\u00e9cadas de organiza\u00e7\u00e3o e lutas, marcadas por um sindicalismo combativo e democr\u00e1tico e por um compromisso com a defesa dos interesses dos trabalhadores e das trabalhadoras do setor de com\u00e9rcio e servi\u00e7os.<\/p>\n<p>Para comemorar estes 30 anos a Contracs\/CUT realizar\u00e1 uma LIVE com o ex-presidente Lula para debater os &#8220;Impactos da pandemia no setor de com\u00e9rcio e servi\u00e7os e os desafios do movimento sindical&#8221;. A LIVE ser\u00e1 realizada no dia 14 de julho, \u00e0s 14h30, na p\u00e1gina do Facebook da entidade e ser\u00e1 mediada pelo presidente da Contracs\/CUT, Julimar Roberto, e contar\u00e1 tamb\u00e9m com a participa\u00e7\u00e3o da secret\u00e1ria geral da CUT Nacional, Carmem Foro e do vice-presidente da CUT, Vagner Freitas.<\/p>\n<p>Participe! Compartilhe! Divulgue!\u00a0<a href=\"https:\/\/www.facebook.com\/ContracsCUT\">Facebook\/@ContracsCUT<\/a><\/p>\n<\/div>\n<h3 class=\"colunistaNome\">Escrito por:\u00a0<a class=\"blackLink\" href=\"mailto:imprensa@contracs.org.br\">Imprensa Contracs\/CUT<\/a><\/h3>\n","protected":false},"excerpt":{"rendered":"<p>Evento marcado no Facebook para a pr\u00f3xima ter\u00e7a-feira (14), \u00e0s 14h30, contar\u00e1 com a participa\u00e7\u00e3o do ex-presidente Lula e dirigentes da CUT e da Contracs Neste m\u00eas de julho a Contracs\/CUT comemora seus 30 anos de funda\u00e7\u00e3o. S\u00e3o tr\u00eas d\u00e9cadas de organiza\u00e7\u00e3o e lutas, marcadas por um sindicalismo combativo e democr\u00e1tico e por um compromisso [&hellip;]<\/p>\n","protected":false},"author":3,"featured_media":8193,"comment_status":"open","ping_status":"open","sticky":false,"template":"","format":"standard","meta":{"_bbp_topic_count":0,"_bbp_reply_count":0,"_bbp_total_topic_count":0,"_bbp_total_reply_count":0,"_bbp_voice_count":0,"_bbp_anonymous_reply_count":0,"_bbp_topic_count_hidden":0,"_bbp_reply_count_hidden":0,"_bbp_forum_subforum_count":0,"footnotes":""},"categories":[2,5,3,7,4],"tags":[],"class_list":{"0":"post-8192","1":"post","2":"type-post","3":"status-publish","4":"format-standard","5":"has-post-thumbnail","7":"category-destaque","8":"category-economia","9":"category-luta-sindical","10":"category-politica","11":"category-saude"},"yoast_head":"<!-- This site is optimized with the Yoast SEO plugin v23.7 - https:\/\/yoast.com\/wordpress\/plugins\/seo\/ -->\n<title>Contracs\/CUT comemora 30 anos em LIVE com o Lula - SINDICOM<\/title>\n<meta name=\"robots\" content=\"index, follow, max-snippet:-1, max-image-preview:large, max-video-preview:-1\" \/>\n<link rel=\"canonical\" href=\"https:\/\/sindicomdf.com.br\/portal\/contracs-cut-comemora-30-anos-em-live-com-o-lula\/\" \/>\n<meta property=\"og:locale\" content=\"pt_BR\" \/>\n<meta property=\"og:type\" content=\"article\" \/>\n<meta property=\"og:title\" content=\"Contracs\/CUT comemora 30 anos em LIVE com o Lula - SINDICOM\" \/>\n<meta property=\"og:description\" content=\"Evento marcado no Facebook para a pr\u00f3xima ter\u00e7a-feira (14), \u00e0s 14h30, contar\u00e1 com a participa\u00e7\u00e3o do ex-presidente Lula e dirigentes da CUT e da Contracs Neste m\u00eas de julho a Contracs\/CUT comemora seus 30 anos de funda\u00e7\u00e3o. S\u00e3o tr\u00eas d\u00e9cadas de organiza\u00e7\u00e3o e lutas, marcadas por um sindicalismo combativo e democr\u00e1tico e por um compromisso [&hellip;]\" \/>\n<meta property=\"og:url\" content=\"https:\/\/sindicomdf.com.br\/portal\/contracs-cut-comemora-30-anos-em-live-com-o-lula\/\" \/>\n<meta property=\"og:site_name\" content=\"SINDICOM\" \/>\n<meta property=\"article:published_time\" content=\"2020-07-13T18:48:36+00:00\" \/>\n<meta property=\"og:image\" content=\"https:\/\/sindicomdf.com.br\/portal\/wp-content\/uploads\/2020\/07\/Live-Lula.jpg\" \/>\n\t<meta property=\"og:image:width\" content=\"647\" \/>\n\t<meta property=\"og:image:height\" content=\"651\" \/>\n\t<meta property=\"og:image:type\" content=\"image\/jpeg\" \/>\n<meta name=\"author\" content=\"Imprensa\" \/>\n<meta name=\"twitter:card\" content=\"summary_large_image\" \/>\n<meta name=\"twitter:label1\" content=\"Escrito por\" \/>\n\t<meta name=\"twitter:data1\" content=\"Imprensa\" \/>\n\t<meta name=\"twitter:label2\" content=\"Est. tempo de leitura\" \/>\n\t<meta name=\"twitter:data2\" content=\"1 minuto\" \/>\n<script type=\"application\/ld+json\" class=\"yoast-schema-graph\">{\"@context\":\"https:\/\/schema.org\",\"@graph\":[{\"@type\":\"WebPage\",\"@id\":\"https:\/\/sindicomdf.com.br\/portal\/contracs-cut-comemora-30-anos-em-live-com-o-lula\/\",\"url\":\"https:\/\/sindicomdf.com.br\/portal\/contracs-cut-comemora-30-anos-em-live-com-o-lula\/\",\"name\":\"Contracs\/CUT comemora 30 anos em LIVE com o Lula - SINDICOM\",\"isPartOf\":{\"@id\":\"https:\/\/sindicomdf.com.br\/portal\/#website\"},\"primaryImageOfPage\":{\"@id\":\"https:\/\/sindicomdf.com.br\/portal\/contracs-cut-comemora-30-anos-em-live-com-o-lula\/#primaryimage\"},\"image\":{\"@id\":\"https:\/\/sindicomdf.com.br\/portal\/contracs-cut-comemora-30-anos-em-live-com-o-lula\/#primaryimage\"},\"thumbnailUrl\":\"https:\/\/sindicomdf.com.br\/portal\/wp-content\/uploads\/2020\/07\/Live-Lula.jpg\",\"datePublished\":\"2020-07-13T18:48:36+00:00\",\"dateModified\":\"2020-07-13T18:48:36+00:00\",\"author\":{\"@id\":\"https:\/\/sindicomdf.com.br\/portal\/#\/schema\/person\/09372242e78b757907e33fe5db53d205\"},\"breadcrumb\":{\"@id\":\"https:\/\/sindicomdf.com.br\/portal\/contracs-cut-comemora-30-anos-em-live-com-o-lula\/#breadcrumb\"},\"inLanguage\":\"pt-BR\",\"potentialAction\":[{\"@type\":\"ReadAction\",\"target\":[\"https:\/\/sindicomdf.com.br\/portal\/contracs-cut-comemora-30-anos-em-live-com-o-lula\/\"]}]},{\"@type\":\"ImageObject\",\"inLanguage\":\"pt-BR\",\"@id\":\"https:\/\/sindicomdf.com.br\/portal\/contracs-cut-comemora-30-anos-em-live-com-o-lula\/#primaryimage\",\"url\":\"https:\/\/sindicomdf.com.br\/portal\/wp-content\/uploads\/2020\/07\/Live-Lula.jpg\",\"contentUrl\":\"https:\/\/sindicomdf.com.br\/portal\/wp-content\/uploads\/2020\/07\/Live-Lula.jpg\",\"width\":647,\"height\":651},{\"@type\":\"BreadcrumbList\",\"@id\":\"https:\/\/sindicomdf.com.br\/portal\/contracs-cut-comemora-30-anos-em-live-com-o-lula\/#breadcrumb\",\"itemListElement\":[{\"@type\":\"ListItem\",\"position\":1,\"name\":\"In\u00edcio\",\"item\":\"https:\/\/sindicomdf.com.br\/portal\/\"},{\"@type\":\"ListItem\",\"position\":2,\"name\":\"Contracs\/CUT comemora 30 anos em LIVE com o Lula\"}]},{\"@type\":\"WebSite\",\"@id\":\"https:\/\/sindicomdf.com.br\/portal\/#website\",\"url\":\"https:\/\/sindicomdf.com.br\/portal\/\",\"name\":\"SINDICOM\",\"description\":\"Sindicato dos Empregados no Com\u00e9rcio do DF\",\"potentialAction\":[{\"@type\":\"SearchAction\",\"target\":{\"@type\":\"EntryPoint\",\"urlTemplate\":\"https:\/\/sindicomdf.com.br\/portal\/?s={search_term_string}\"},\"query-input\":{\"@type\":\"PropertyValueSpecification\",\"valueRequired\":true,\"valueName\":\"search_term_string\"}}],\"inLanguage\":\"pt-BR\"},{\"@type\":\"Person\",\"@id\":\"https:\/\/sindicomdf.com.br\/portal\/#\/schema\/person\/09372242e78b757907e33fe5db53d205\",\"name\":\"Imprensa\",\"image\":{\"@type\":\"ImageObject\",\"inLanguage\":\"pt-BR\",\"@id\":\"https:\/\/sindicomdf.com.br\/portal\/#\/schema\/person\/image\/\",\"url\":\"https:\/\/secure.gravatar.com\/avatar\/060ac8086a7131ef4b79f847ca8f7acd57811aa2a477aca1d2a09b88754dd9de?s=96&d=mm&r=g\",\"contentUrl\":\"https:\/\/secure.gravatar.com\/avatar\/060ac8086a7131ef4b79f847ca8f7acd57811aa2a477aca1d2a09b88754dd9de?s=96&d=mm&r=g\",\"caption\":\"Imprensa\"},\"url\":\"https:\/\/sindicomdf.com.br\/portal\/author\/imprensa\/\"}]}<\/script>\n<!-- \/ Yoast SEO plugin. -->","yoast_head_json":{"title":"Contracs\/CUT comemora 30 anos em LIVE com o Lula - SINDICOM","robots":{"index":"index","follow":"follow","max-snippet":"max-snippet:-1","max-image-preview":"max-image-preview:large","max-video-preview":"max-video-preview:-1"},"canonical":"https:\/\/sindicomdf.com.br\/portal\/contracs-cut-comemora-30-anos-em-live-com-o-lula\/","og_locale":"pt_BR","og_type":"article","og_title":"Contracs\/CUT comemora 30 anos em LIVE com o Lula - SINDICOM","og_description":"Evento marcado no Facebook para a pr\u00f3xima ter\u00e7a-feira (14), \u00e0s 14h30, contar\u00e1 com a participa\u00e7\u00e3o do ex-presidente Lula e dirigentes da CUT e da Contracs Neste m\u00eas de julho a Contracs\/CUT comemora seus 30 anos de funda\u00e7\u00e3o. S\u00e3o tr\u00eas d\u00e9cadas de organiza\u00e7\u00e3o e lutas, marcadas por um sindicalismo combativo e democr\u00e1tico e por um compromisso [&hellip;]","og_url":"https:\/\/sindicomdf.com.br\/portal\/contracs-cut-comemora-30-anos-em-live-com-o-lula\/","og_site_name":"SINDICOM","article_published_time":"2020-07-13T18:48:36+00:00","og_image":[{"width":647,"height":651,"url":"https:\/\/sindicomdf.com.br\/portal\/wp-content\/uploads\/2020\/07\/Live-Lula.jpg","type":"image\/jpeg"}],"author":"Imprensa","twitter_card":"summary_large_image","twitter_misc":{"Escrito por":"Imprensa","Est. tempo de leitura":"1 minuto"},"schema":{"@context":"https:\/\/schema.org","@graph":[{"@type":"WebPage","@id":"https:\/\/sindicomdf.com.br\/portal\/contracs-cut-comemora-30-anos-em-live-com-o-lula\/","url":"https:\/\/sindicomdf.com.br\/portal\/contracs-cut-comemora-30-anos-em-live-com-o-lula\/","name":"Contracs\/CUT comemora 30 anos em LIVE com o Lula - SINDICOM","isPartOf":{"@id":"https:\/\/sindicomdf.com.br\/portal\/#website"},"primaryImageOfPage":{"@id":"https:\/\/sindicomdf.com.br\/portal\/contracs-cut-comemora-30-anos-em-live-com-o-lula\/#primaryimage"},"image":{"@id":"https:\/\/sindicomdf.com.br\/portal\/contracs-cut-comemora-30-anos-em-live-com-o-lula\/#primaryimage"},"thumbnailUrl":"https:\/\/sindicomdf.com.br\/portal\/wp-content\/uploads\/2020\/07\/Live-Lula.jpg","datePublished":"2020-07-13T18:48:36+00:00","dateModified":"2020-07-13T18:48:36+00:00","author":{"@id":"https:\/\/sindicomdf.com.br\/portal\/#\/schema\/person\/09372242e78b757907e33fe5db53d205"},"breadcrumb":{"@id":"https:\/\/sindicomdf.com.br\/portal\/contracs-cut-comemora-30-anos-em-live-com-o-lula\/#breadcrumb"},"inLanguage":"pt-BR","potentialAction":[{"@type":"ReadAction","target":["https:\/\/sindicomdf.com.br\/portal\/contracs-cut-comemora-30-anos-em-live-com-o-lula\/"]}]},{"@type":"ImageObject","inLanguage":"pt-BR","@id":"https:\/\/sindicomdf.com.br\/portal\/contracs-cut-comemora-30-anos-em-live-com-o-lula\/#primaryimage","url":"https:\/\/sindicomdf.com.br\/portal\/wp-content\/uploads\/2020\/07\/Live-Lula.jpg","contentUrl":"https:\/\/sindicomdf.com.br\/portal\/wp-content\/uploads\/2020\/07\/Live-Lula.jpg","width":647,"height":651},{"@type":"BreadcrumbList","@id":"https:\/\/sindicomdf.com.br\/portal\/contracs-cut-comemora-30-anos-em-live-com-o-lula\/#breadcrumb","itemListElement":[{"@type":"ListItem","position":1,"name":"In\u00edcio","item":"https:\/\/sindicomdf.com.br\/portal\/"},{"@type":"ListItem","position":2,"name":"Contracs\/CUT comemora 30 anos em LIVE com o Lula"}]},{"@type":"WebSite","@id":"https:\/\/sindicomdf.com.br\/portal\/#website","url":"https:\/\/sindicomdf.com.br\/portal\/","name":"SINDICOM","description":"Sindicato dos Empregados no Com\u00e9rcio do DF","potentialAction":[{"@type":"SearchAction","target":{"@type":"EntryPoint","urlTemplate":"https:\/\/sindicomdf.com.br\/portal\/?s={search_term_string}"},"query-input":{"@type":"PropertyValueSpecification","valueRequired":true,"valueName":"search_term_string"}}],"inLanguage":"pt-BR"},{"@type":"Person","@id":"https:\/\/sindicomdf.com.br\/portal\/#\/schema\/person\/09372242e78b757907e33fe5db53d205","name":"Imprensa","image":{"@type":"ImageObject","inLanguage":"pt-BR","@id":"https:\/\/sindicomdf.com.br\/portal\/#\/schema\/person\/image\/","url":"https:\/\/secure.gravatar.com\/avatar\/060ac8086a7131ef4b79f847ca8f7acd57811aa2a477aca1d2a09b88754dd9de?s=96&d=mm&r=g","contentUrl":"https:\/\/secure.gravatar.com\/avatar\/060ac8086a7131ef4b79f847ca8f7acd57811aa2a477aca1d2a09b88754dd9de?s=96&d=mm&r=g","caption":"Imprensa"},"url":"https:\/\/sindicomdf.com.br\/portal\/author\/imprensa\/"}]}},"_links":{"self":[{"href":"https:\/\/sindicomdf.com.br\/portal\/wp-json\/wp\/v2\/posts\/8192","targetHints":{"allow":["GET"]}}],"collection":[{"href":"https:\/\/sindicomdf.com.br\/portal\/wp-json\/wp\/v2\/posts"}],"about":[{"href":"https:\/\/sindicomdf.com.br\/portal\/wp-json\/wp\/v2\/types\/post"}],"author":[{"embeddable":true,"href":"https:\/\/sindicomdf.com.br\/portal\/wp-json\/wp\/v2\/users\/3"}],"replies":[{"embeddable":true,"href":"https:\/\/sindicomdf.com.br\/portal\/wp-json\/wp\/v2\/comments?post=8192"}],"version-history":[{"count":1,"href":"https:\/\/sindicomdf.com.br\/portal\/wp-json\/wp\/v2\/posts\/8192\/revisions"}],"predecessor-version":[{"id":8194,"href":"https:\/\/sindicomdf.com.br\/portal\/wp-json\/wp\/v2\/posts\/8192\/revisions\/8194"}],"wp:featuredmedia":[{"embeddable":true,"href":"https:\/\/sindicomdf.com.br\/portal\/wp-json\/wp\/v2\/media\/8193"}],"wp:attachment":[{"href":"https:\/\/sindicomdf.com.br\/portal\/wp-json\/wp\/v2\/media?parent=8192"}],"wp:term":[{"taxonomy":"category","embeddable":true,"href":"https:\/\/sindicomdf.com.br\/portal\/wp-json\/wp\/v2\/categories?post=8192"},{"taxonomy":"post_tag","embeddable":true,"href":"https:\/\/sindicomdf.com.br\/portal\/wp-json\/wp\/v2\/tags?post=8192"}],"curies":[{"name":"wp","href":"https:\/\/api.w.org\/{rel}","templated":true}]}}