{"id":8179,"date":"2020-07-07T18:26:42","date_gmt":"2020-07-07T18:26:42","guid":{"rendered":"https:\/\/sindicomdf.com.br\/portal\/?p=8179"},"modified":"2020-07-07T18:31:12","modified_gmt":"2020-07-07T18:31:12","slug":"com-voto-de-deputados-da-base-ibaneis-impoe-reforma-da-previdencia-pior-que-a-de-bolsonaro","status":"publish","type":"post","link":"https:\/\/sindicomdf.com.br\/portal\/com-voto-de-deputados-da-base-ibaneis-impoe-reforma-da-previdencia-pior-que-a-de-bolsonaro\/","title":{"rendered":"Com voto de deputados da base, Ibaneis imp\u00f5e reforma da Previd\u00eancia pior que a de Bolsonaro"},"content":{"rendered":"<p>Servidores p\u00fablicos do DF, da ativa e aposentados, ter\u00e3o redu\u00e7\u00e3o de sal\u00e1rio a partir de janeiro de 2021. Isso porque foi aprovado na C\u00e2mara Legislativa, nessa ter\u00e7a-feira (30\/6), projeto de lei complementar do Executivo local que aumenta de 11% para 14% a al\u00edquota previdenci\u00e1ria paga pelos servidores. Com as mudan\u00e7as colocadas no projeto do governador Ibaneis Rocha (MDB), a base de c\u00e1lculo do desconto para aposentados e pensionistas muda, chegando a quadruplicar o valor de contribui\u00e7\u00e3o \u00e0 Previd\u00eancia.<\/p>\n<p>Mesmo com a resist\u00eancia da oposi\u00e7\u00e3o, o PL do Executivo local foi aprovado por 15 votos favor\u00e1veis e oito contr\u00e1rios (veja lista abaixo). A base aliada ao governo se recusou inclusive a mitigar os preju\u00edzos impostos aos servidores, rejeitando emenda que isentava taxa\u00e7\u00e3o de aposentados e pensionistas at\u00e9 o teto do Regime Geral de Previd\u00eancia Social (R$ 6.101,06).<\/p>\n<p>Com a aprova\u00e7\u00e3o do projeto, servidores aposentados e pensionistas que antes tinham desconto de 11% sobre os valores que ultrapassasem o teto do RGPS, agora ser\u00e3o taxados sobre o que ultrapassar o sal\u00e1rio m\u00ednimo (R$ 1.045). Para aposentados e pensionistas, a taxa\u00e7\u00e3o ser\u00e1 de 11% at\u00e9 o teto do RGPS e de 14% sobre o que exceder esse valor. \u201cDessa forma, aposentados ter\u00e3o uma forte redu\u00e7\u00e3o no sal\u00e1rio l\u00edquido e, alguns, ter\u00e3o uma redu\u00e7\u00e3o de mais de R$ 600\u201d, afirma a dirigente do Sindicato dos Professores do DF Rosilene Corr\u00eaa, dando exemplo de sua categoria.<\/p>\n<p>A matem\u00e1tica conseguiu ser ainda mais perversa do que a aplicada aos servidores federais. Pela reforma da Previd\u00eancia de Bolsonaro, servidores federais aposentados e pensionistas s\u00e3o isentos de taxa\u00e7\u00e3o at\u00e9 o valor do teto do INSS (R$ 6.101,06).<\/p>\n<p>Para o deputado Chico Vigilante (PT), um dos oito contr\u00e1rios \u00e0 proposta de Ibaneis, \u201cessa ter\u00e7a-feira (30\/6) entra para a hist\u00f3ria do DF como o dia do massacre dos servidores\u201d. \u201cO governador Ibaneis aceitou ser sequestrado por Bolsonaro e agora a C\u00e2mara paga pelo resgate: R$ 1 bilh\u00e3o retirado dos servidores p\u00fablicos\u201d, disse ele durante a sess\u00e3o. De acordo com Vigilante, \u201co governo vai meter a m\u00e3o no bolso de pensionistas e aposentados mensalmente, tirando R$ 51.526.297,76 milh\u00f5es\u201d.<\/p>\n<p>&nbsp;<\/p>\n<p>Fonte: Cut Bras\u00edlia<\/p>\n","protected":false},"excerpt":{"rendered":"<p>Servidores p\u00fablicos do DF, da ativa e aposentados, ter\u00e3o redu\u00e7\u00e3o de sal\u00e1rio a partir de janeiro de 2021. Isso porque foi aprovado na C\u00e2mara Legislativa, nessa ter\u00e7a-feira (30\/6), projeto de lei complementar do Executivo local que aumenta de 11% para 14% a al\u00edquota previdenci\u00e1ria paga pelos servidores. Com as mudan\u00e7as colocadas no projeto do governador [&hellip;]<\/p>\n","protected":false},"author":3,"featured_media":8180,"comment_status":"open","ping_status":"open","sticky":false,"template":"","format":"standard","meta":{"_bbp_topic_count":0,"_bbp_reply_count":0,"_bbp_total_topic_count":0,"_bbp_total_reply_count":0,"_bbp_voice_count":0,"_bbp_anonymous_reply_count":0,"_bbp_topic_count_hidden":0,"_bbp_reply_count_hidden":0,"_bbp_forum_subforum_count":0,"footnotes":""},"categories":[2,5,3,7],"tags":[],"class_list":{"0":"post-8179","1":"post","2":"type-post","3":"status-publish","4":"format-standard","5":"has-post-thumbnail","7":"category-destaque","8":"category-economia","9":"category-luta-sindical","10":"category-politica"},"yoast_head":"<!-- This site is optimized with the Yoast SEO plugin v23.7 - https:\/\/yoast.com\/wordpress\/plugins\/seo\/ -->\n<title>Com voto de deputados da base, Ibaneis imp\u00f5e reforma da Previd\u00eancia pior que a de Bolsonaro - SINDICOM<\/title>\n<meta name=\"robots\" content=\"index, follow, max-snippet:-1, max-image-preview:large, max-video-preview:-1\" \/>\n<link rel=\"canonical\" href=\"https:\/\/sindicomdf.com.br\/portal\/com-voto-de-deputados-da-base-ibaneis-impoe-reforma-da-previdencia-pior-que-a-de-bolsonaro\/\" \/>\n<meta property=\"og:locale\" content=\"pt_BR\" \/>\n<meta property=\"og:type\" content=\"article\" \/>\n<meta property=\"og:title\" content=\"Com voto de deputados da base, Ibaneis imp\u00f5e reforma da Previd\u00eancia pior que a de Bolsonaro - SINDICOM\" \/>\n<meta property=\"og:description\" content=\"Servidores p\u00fablicos do DF, da ativa e aposentados, ter\u00e3o redu\u00e7\u00e3o de sal\u00e1rio a partir de janeiro de 2021. Isso porque foi aprovado na C\u00e2mara Legislativa, nessa ter\u00e7a-feira (30\/6), projeto de lei complementar do Executivo local que aumenta de 11% para 14% a al\u00edquota previdenci\u00e1ria paga pelos servidores. Com as mudan\u00e7as colocadas no projeto do governador [&hellip;]\" \/>\n<meta property=\"og:url\" content=\"https:\/\/sindicomdf.com.br\/portal\/com-voto-de-deputados-da-base-ibaneis-impoe-reforma-da-previdencia-pior-que-a-de-bolsonaro\/\" \/>\n<meta property=\"og:site_name\" content=\"SINDICOM\" \/>\n<meta property=\"article:published_time\" content=\"2020-07-07T18:26:42+00:00\" \/>\n<meta property=\"article:modified_time\" content=\"2020-07-07T18:31:12+00:00\" \/>\n<meta property=\"og:image\" content=\"https:\/\/sindicomdf.com.br\/portal\/wp-content\/uploads\/2020\/07\/Voto-ref-Previd\u00eancia.jpg\" \/>\n\t<meta property=\"og:image:width\" content=\"1068\" \/>\n\t<meta property=\"og:image:height\" content=\"733\" \/>\n\t<meta property=\"og:image:type\" content=\"image\/jpeg\" \/>\n<meta name=\"author\" content=\"Imprensa\" \/>\n<meta name=\"twitter:card\" content=\"summary_large_image\" \/>\n<meta name=\"twitter:label1\" content=\"Escrito por\" \/>\n\t<meta name=\"twitter:data1\" content=\"Imprensa\" \/>\n\t<meta name=\"twitter:label2\" content=\"Est. tempo de leitura\" \/>\n\t<meta name=\"twitter:data2\" content=\"2 minutos\" \/>\n<script type=\"application\/ld+json\" class=\"yoast-schema-graph\">{\"@context\":\"https:\/\/schema.org\",\"@graph\":[{\"@type\":\"WebPage\",\"@id\":\"https:\/\/sindicomdf.com.br\/portal\/com-voto-de-deputados-da-base-ibaneis-impoe-reforma-da-previdencia-pior-que-a-de-bolsonaro\/\",\"url\":\"https:\/\/sindicomdf.com.br\/portal\/com-voto-de-deputados-da-base-ibaneis-impoe-reforma-da-previdencia-pior-que-a-de-bolsonaro\/\",\"name\":\"Com voto de deputados da base, Ibaneis imp\u00f5e reforma da Previd\u00eancia pior que a de Bolsonaro - SINDICOM\",\"isPartOf\":{\"@id\":\"https:\/\/sindicomdf.com.br\/portal\/#website\"},\"primaryImageOfPage\":{\"@id\":\"https:\/\/sindicomdf.com.br\/portal\/com-voto-de-deputados-da-base-ibaneis-impoe-reforma-da-previdencia-pior-que-a-de-bolsonaro\/#primaryimage\"},\"image\":{\"@id\":\"https:\/\/sindicomdf.com.br\/portal\/com-voto-de-deputados-da-base-ibaneis-impoe-reforma-da-previdencia-pior-que-a-de-bolsonaro\/#primaryimage\"},\"thumbnailUrl\":\"https:\/\/sindicomdf.com.br\/portal\/wp-content\/uploads\/2020\/07\/Voto-ref-Previd\u00eancia.jpg\",\"datePublished\":\"2020-07-07T18:26:42+00:00\",\"dateModified\":\"2020-07-07T18:31:12+00:00\",\"author\":{\"@id\":\"https:\/\/sindicomdf.com.br\/portal\/#\/schema\/person\/09372242e78b757907e33fe5db53d205\"},\"breadcrumb\":{\"@id\":\"https:\/\/sindicomdf.com.br\/portal\/com-voto-de-deputados-da-base-ibaneis-impoe-reforma-da-previdencia-pior-que-a-de-bolsonaro\/#breadcrumb\"},\"inLanguage\":\"pt-BR\",\"potentialAction\":[{\"@type\":\"ReadAction\",\"target\":[\"https:\/\/sindicomdf.com.br\/portal\/com-voto-de-deputados-da-base-ibaneis-impoe-reforma-da-previdencia-pior-que-a-de-bolsonaro\/\"]}]},{\"@type\":\"ImageObject\",\"inLanguage\":\"pt-BR\",\"@id\":\"https:\/\/sindicomdf.com.br\/portal\/com-voto-de-deputados-da-base-ibaneis-impoe-reforma-da-previdencia-pior-que-a-de-bolsonaro\/#primaryimage\",\"url\":\"https:\/\/sindicomdf.com.br\/portal\/wp-content\/uploads\/2020\/07\/Voto-ref-Previd\u00eancia.jpg\",\"contentUrl\":\"https:\/\/sindicomdf.com.br\/portal\/wp-content\/uploads\/2020\/07\/Voto-ref-Previd\u00eancia.jpg\",\"width\":1068,\"height\":733},{\"@type\":\"BreadcrumbList\",\"@id\":\"https:\/\/sindicomdf.com.br\/portal\/com-voto-de-deputados-da-base-ibaneis-impoe-reforma-da-previdencia-pior-que-a-de-bolsonaro\/#breadcrumb\",\"itemListElement\":[{\"@type\":\"ListItem\",\"position\":1,\"name\":\"In\u00edcio\",\"item\":\"https:\/\/sindicomdf.com.br\/portal\/\"},{\"@type\":\"ListItem\",\"position\":2,\"name\":\"Com voto de deputados da base, Ibaneis imp\u00f5e reforma da Previd\u00eancia pior que a de Bolsonaro\"}]},{\"@type\":\"WebSite\",\"@id\":\"https:\/\/sindicomdf.com.br\/portal\/#website\",\"url\":\"https:\/\/sindicomdf.com.br\/portal\/\",\"name\":\"SINDICOM\",\"description\":\"Sindicato dos Empregados no Com\u00e9rcio do DF\",\"potentialAction\":[{\"@type\":\"SearchAction\",\"target\":{\"@type\":\"EntryPoint\",\"urlTemplate\":\"https:\/\/sindicomdf.com.br\/portal\/?s={search_term_string}\"},\"query-input\":{\"@type\":\"PropertyValueSpecification\",\"valueRequired\":true,\"valueName\":\"search_term_string\"}}],\"inLanguage\":\"pt-BR\"},{\"@type\":\"Person\",\"@id\":\"https:\/\/sindicomdf.com.br\/portal\/#\/schema\/person\/09372242e78b757907e33fe5db53d205\",\"name\":\"Imprensa\",\"image\":{\"@type\":\"ImageObject\",\"inLanguage\":\"pt-BR\",\"@id\":\"https:\/\/sindicomdf.com.br\/portal\/#\/schema\/person\/image\/\",\"url\":\"https:\/\/secure.gravatar.com\/avatar\/060ac8086a7131ef4b79f847ca8f7acd57811aa2a477aca1d2a09b88754dd9de?s=96&d=mm&r=g\",\"contentUrl\":\"https:\/\/secure.gravatar.com\/avatar\/060ac8086a7131ef4b79f847ca8f7acd57811aa2a477aca1d2a09b88754dd9de?s=96&d=mm&r=g\",\"caption\":\"Imprensa\"},\"url\":\"https:\/\/sindicomdf.com.br\/portal\/author\/imprensa\/\"}]}<\/script>\n<!-- \/ Yoast SEO plugin. -->","yoast_head_json":{"title":"Com voto de deputados da base, Ibaneis imp\u00f5e reforma da Previd\u00eancia pior que a de Bolsonaro - SINDICOM","robots":{"index":"index","follow":"follow","max-snippet":"max-snippet:-1","max-image-preview":"max-image-preview:large","max-video-preview":"max-video-preview:-1"},"canonical":"https:\/\/sindicomdf.com.br\/portal\/com-voto-de-deputados-da-base-ibaneis-impoe-reforma-da-previdencia-pior-que-a-de-bolsonaro\/","og_locale":"pt_BR","og_type":"article","og_title":"Com voto de deputados da base, Ibaneis imp\u00f5e reforma da Previd\u00eancia pior que a de Bolsonaro - SINDICOM","og_description":"Servidores p\u00fablicos do DF, da ativa e aposentados, ter\u00e3o redu\u00e7\u00e3o de sal\u00e1rio a partir de janeiro de 2021. Isso porque foi aprovado na C\u00e2mara Legislativa, nessa ter\u00e7a-feira (30\/6), projeto de lei complementar do Executivo local que aumenta de 11% para 14% a al\u00edquota previdenci\u00e1ria paga pelos servidores. Com as mudan\u00e7as colocadas no projeto do governador [&hellip;]","og_url":"https:\/\/sindicomdf.com.br\/portal\/com-voto-de-deputados-da-base-ibaneis-impoe-reforma-da-previdencia-pior-que-a-de-bolsonaro\/","og_site_name":"SINDICOM","article_published_time":"2020-07-07T18:26:42+00:00","article_modified_time":"2020-07-07T18:31:12+00:00","og_image":[{"width":1068,"height":733,"url":"https:\/\/sindicomdf.com.br\/portal\/wp-content\/uploads\/2020\/07\/Voto-ref-Previd\u00eancia.jpg","type":"image\/jpeg"}],"author":"Imprensa","twitter_card":"summary_large_image","twitter_misc":{"Escrito por":"Imprensa","Est. tempo de leitura":"2 minutos"},"schema":{"@context":"https:\/\/schema.org","@graph":[{"@type":"WebPage","@id":"https:\/\/sindicomdf.com.br\/portal\/com-voto-de-deputados-da-base-ibaneis-impoe-reforma-da-previdencia-pior-que-a-de-bolsonaro\/","url":"https:\/\/sindicomdf.com.br\/portal\/com-voto-de-deputados-da-base-ibaneis-impoe-reforma-da-previdencia-pior-que-a-de-bolsonaro\/","name":"Com voto de deputados da base, Ibaneis imp\u00f5e reforma da Previd\u00eancia pior que a de Bolsonaro - SINDICOM","isPartOf":{"@id":"https:\/\/sindicomdf.com.br\/portal\/#website"},"primaryImageOfPage":{"@id":"https:\/\/sindicomdf.com.br\/portal\/com-voto-de-deputados-da-base-ibaneis-impoe-reforma-da-previdencia-pior-que-a-de-bolsonaro\/#primaryimage"},"image":{"@id":"https:\/\/sindicomdf.com.br\/portal\/com-voto-de-deputados-da-base-ibaneis-impoe-reforma-da-previdencia-pior-que-a-de-bolsonaro\/#primaryimage"},"thumbnailUrl":"https:\/\/sindicomdf.com.br\/portal\/wp-content\/uploads\/2020\/07\/Voto-ref-Previd\u00eancia.jpg","datePublished":"2020-07-07T18:26:42+00:00","dateModified":"2020-07-07T18:31:12+00:00","author":{"@id":"https:\/\/sindicomdf.com.br\/portal\/#\/schema\/person\/09372242e78b757907e33fe5db53d205"},"breadcrumb":{"@id":"https:\/\/sindicomdf.com.br\/portal\/com-voto-de-deputados-da-base-ibaneis-impoe-reforma-da-previdencia-pior-que-a-de-bolsonaro\/#breadcrumb"},"inLanguage":"pt-BR","potentialAction":[{"@type":"ReadAction","target":["https:\/\/sindicomdf.com.br\/portal\/com-voto-de-deputados-da-base-ibaneis-impoe-reforma-da-previdencia-pior-que-a-de-bolsonaro\/"]}]},{"@type":"ImageObject","inLanguage":"pt-BR","@id":"https:\/\/sindicomdf.com.br\/portal\/com-voto-de-deputados-da-base-ibaneis-impoe-reforma-da-previdencia-pior-que-a-de-bolsonaro\/#primaryimage","url":"https:\/\/sindicomdf.com.br\/portal\/wp-content\/uploads\/2020\/07\/Voto-ref-Previd\u00eancia.jpg","contentUrl":"https:\/\/sindicomdf.com.br\/portal\/wp-content\/uploads\/2020\/07\/Voto-ref-Previd\u00eancia.jpg","width":1068,"height":733},{"@type":"BreadcrumbList","@id":"https:\/\/sindicomdf.com.br\/portal\/com-voto-de-deputados-da-base-ibaneis-impoe-reforma-da-previdencia-pior-que-a-de-bolsonaro\/#breadcrumb","itemListElement":[{"@type":"ListItem","position":1,"name":"In\u00edcio","item":"https:\/\/sindicomdf.com.br\/portal\/"},{"@type":"ListItem","position":2,"name":"Com voto de deputados da base, Ibaneis imp\u00f5e reforma da Previd\u00eancia pior que a de Bolsonaro"}]},{"@type":"WebSite","@id":"https:\/\/sindicomdf.com.br\/portal\/#website","url":"https:\/\/sindicomdf.com.br\/portal\/","name":"SINDICOM","description":"Sindicato dos Empregados no Com\u00e9rcio do DF","potentialAction":[{"@type":"SearchAction","target":{"@type":"EntryPoint","urlTemplate":"https:\/\/sindicomdf.com.br\/portal\/?s={search_term_string}"},"query-input":{"@type":"PropertyValueSpecification","valueRequired":true,"valueName":"search_term_string"}}],"inLanguage":"pt-BR"},{"@type":"Person","@id":"https:\/\/sindicomdf.com.br\/portal\/#\/schema\/person\/09372242e78b757907e33fe5db53d205","name":"Imprensa","image":{"@type":"ImageObject","inLanguage":"pt-BR","@id":"https:\/\/sindicomdf.com.br\/portal\/#\/schema\/person\/image\/","url":"https:\/\/secure.gravatar.com\/avatar\/060ac8086a7131ef4b79f847ca8f7acd57811aa2a477aca1d2a09b88754dd9de?s=96&d=mm&r=g","contentUrl":"https:\/\/secure.gravatar.com\/avatar\/060ac8086a7131ef4b79f847ca8f7acd57811aa2a477aca1d2a09b88754dd9de?s=96&d=mm&r=g","caption":"Imprensa"},"url":"https:\/\/sindicomdf.com.br\/portal\/author\/imprensa\/"}]}},"_links":{"self":[{"href":"https:\/\/sindicomdf.com.br\/portal\/wp-json\/wp\/v2\/posts\/8179","targetHints":{"allow":["GET"]}}],"collection":[{"href":"https:\/\/sindicomdf.com.br\/portal\/wp-json\/wp\/v2\/posts"}],"about":[{"href":"https:\/\/sindicomdf.com.br\/portal\/wp-json\/wp\/v2\/types\/post"}],"author":[{"embeddable":true,"href":"https:\/\/sindicomdf.com.br\/portal\/wp-json\/wp\/v2\/users\/3"}],"replies":[{"embeddable":true,"href":"https:\/\/sindicomdf.com.br\/portal\/wp-json\/wp\/v2\/comments?post=8179"}],"version-history":[{"count":2,"href":"https:\/\/sindicomdf.com.br\/portal\/wp-json\/wp\/v2\/posts\/8179\/revisions"}],"predecessor-version":[{"id":8185,"href":"https:\/\/sindicomdf.com.br\/portal\/wp-json\/wp\/v2\/posts\/8179\/revisions\/8185"}],"wp:featuredmedia":[{"embeddable":true,"href":"https:\/\/sindicomdf.com.br\/portal\/wp-json\/wp\/v2\/media\/8180"}],"wp:attachment":[{"href":"https:\/\/sindicomdf.com.br\/portal\/wp-json\/wp\/v2\/media?parent=8179"}],"wp:term":[{"taxonomy":"category","embeddable":true,"href":"https:\/\/sindicomdf.com.br\/portal\/wp-json\/wp\/v2\/categories?post=8179"},{"taxonomy":"post_tag","embeddable":true,"href":"https:\/\/sindicomdf.com.br\/portal\/wp-json\/wp\/v2\/tags?post=8179"}],"curies":[{"name":"wp","href":"https:\/\/api.w.org\/{rel}","templated":true}]}}