{"id":8156,"date":"2020-06-22T16:17:49","date_gmt":"2020-06-22T16:17:49","guid":{"rendered":"https:\/\/sindicomdf.com.br\/portal\/?p=8156"},"modified":"2020-06-22T16:20:55","modified_gmt":"2020-06-22T16:20:55","slug":"executiva-nacional-da-cut-lanca-plataforma-em-defesa-da-vida-trabalho-e-moradia","status":"publish","type":"post","link":"https:\/\/sindicomdf.com.br\/portal\/executiva-nacional-da-cut-lanca-plataforma-em-defesa-da-vida-trabalho-e-moradia\/","title":{"rendered":"Executiva Nacional da CUT lan\u00e7a plataforma em defesa da vida, trabalho e moradia"},"content":{"rendered":"<p><a href=\"https:\/\/sindicomdf.com.br\/portal\/wp-content\/uploads\/2020\/06\/Plataforma-emergencial.jpg\"><img loading=\"lazy\" decoding=\"async\" class=\"alignnone size-medium wp-image-8157\" src=\"https:\/\/sindicomdf.com.br\/portal\/wp-content\/uploads\/2020\/06\/Plataforma-emergencial-300x196.jpg\" alt=\"\" width=\"300\" height=\"196\" srcset=\"https:\/\/sindicomdf.com.br\/portal\/wp-content\/uploads\/2020\/06\/Plataforma-emergencial-300x196.jpg 300w, https:\/\/sindicomdf.com.br\/portal\/wp-content\/uploads\/2020\/06\/Plataforma-emergencial-768x503.jpg 768w, https:\/\/sindicomdf.com.br\/portal\/wp-content\/uploads\/2020\/06\/Plataforma-emergencial-1024x670.jpg 1024w, https:\/\/sindicomdf.com.br\/portal\/wp-content\/uploads\/2020\/06\/Plataforma-emergencial-90x60.jpg 90w, https:\/\/sindicomdf.com.br\/portal\/wp-content\/uploads\/2020\/06\/Plataforma-emergencial.jpg 1080w\" sizes=\"auto, (max-width: 300px) 100vw, 300px\" \/><\/a><\/p>\n<p>A Executiva Nacional da CUT lan\u00e7ou, nesta ter\u00e7a-feira (16), a Plataforma Emergencial \u201cEm Defesa da Vida Trabalho e Renda, Sa\u00fade, Soberania Alimentar e Moradia\u201d, com uma s\u00e9rie de propostas para o enfrentamento \u00e0 crise econ\u00f4mica e a emerg\u00eancia sanit\u00e1ria provocada pela pandemia do novo coronav\u00edrus (Covid-19).<\/p>\n<p>Entre as propostas, que a dire\u00e7\u00e3o da Central vem debatendo desde mar\u00e7o, quando a Organiza\u00e7\u00e3o Mundial da S\u00e1ude (OMS) decretou a pandemia, est\u00e3o a cria\u00e7\u00e3o da fila \u00fanica de acesso aos leitos de UTI p\u00fablicos e privados, a garantia dos Equipamentos de Prote\u00e7\u00e3o Individual e Coletivos (EPIs e EPCs) adequados e em quantidade suficiente para os trabalhadores dos servi\u00e7os essenciais, especialmente os da sa\u00fade, com contrata\u00e7\u00e3o imediata dos aprovados em concursos, afastamento de todos os trabalhadores do grupo de risco de servi\u00e7os essenciais e medidas de prote\u00e7\u00e3o \u00e0 fam\u00edlia dos trabalhadores e trabalhadoras dos servi\u00e7os essenciais.<\/p>\n<p>A Plataforma da CUT destaca a import\u00e2ncia do Estado e de todos os seus instrumentos dispon\u00edveis, como bancos p\u00fablicos e de desenvolvimento, estatais, as pol\u00edticas p\u00fablicas de seguridade social e da prote\u00e7\u00e3o ao trabalhador, como ferramentas para prote\u00e7\u00e3o da vida, sa\u00fade, garantia de emprego e renda para os trabalhadores e trabalhadoras; lista outras a\u00e7\u00f5es de enfrentamento a pandemia que est\u00e3o sendo feitas em conjunto com outras centrais sindicais e com as frentes Povo Sem Medo e Brasil Popular e, ainda os apoios \u00e0 plataforma do campo, a carta aberta do Observat\u00f3rio Nacional dos Direitos \u00e0 \u00c1gua e ao Saneamento (ONDAS).<\/p>\n<p>Fonte: Cut Nacional<\/p>\n","protected":false},"excerpt":{"rendered":"<p>A Executiva Nacional da CUT lan\u00e7ou, nesta ter\u00e7a-feira (16), a Plataforma Emergencial \u201cEm Defesa da Vida Trabalho e Renda, Sa\u00fade, Soberania Alimentar e Moradia\u201d, com uma s\u00e9rie de propostas para o enfrentamento \u00e0 crise econ\u00f4mica e a emerg\u00eancia sanit\u00e1ria provocada pela pandemia do novo coronav\u00edrus (Covid-19). Entre as propostas, que a dire\u00e7\u00e3o da Central vem [&hellip;]<\/p>\n","protected":false},"author":3,"featured_media":8157,"comment_status":"open","ping_status":"open","sticky":false,"template":"","format":"standard","meta":{"_bbp_topic_count":0,"_bbp_reply_count":0,"_bbp_total_topic_count":0,"_bbp_total_reply_count":0,"_bbp_voice_count":0,"_bbp_anonymous_reply_count":0,"_bbp_topic_count_hidden":0,"_bbp_reply_count_hidden":0,"_bbp_forum_subforum_count":0,"footnotes":""},"categories":[2,5,3,4],"tags":[],"class_list":{"0":"post-8156","1":"post","2":"type-post","3":"status-publish","4":"format-standard","5":"has-post-thumbnail","7":"category-destaque","8":"category-economia","9":"category-luta-sindical","10":"category-saude"},"yoast_head":"<!-- This site is optimized with the Yoast SEO plugin v23.7 - https:\/\/yoast.com\/wordpress\/plugins\/seo\/ -->\n<title>Executiva Nacional da CUT lan\u00e7a plataforma em defesa da vida, trabalho e moradia - SINDICOM<\/title>\n<meta name=\"robots\" content=\"index, follow, max-snippet:-1, max-image-preview:large, max-video-preview:-1\" \/>\n<link rel=\"canonical\" href=\"https:\/\/sindicomdf.com.br\/portal\/executiva-nacional-da-cut-lanca-plataforma-em-defesa-da-vida-trabalho-e-moradia\/\" \/>\n<meta property=\"og:locale\" content=\"pt_BR\" \/>\n<meta property=\"og:type\" content=\"article\" \/>\n<meta property=\"og:title\" content=\"Executiva Nacional da CUT lan\u00e7a plataforma em defesa da vida, trabalho e moradia - SINDICOM\" \/>\n<meta property=\"og:description\" content=\"A Executiva Nacional da CUT lan\u00e7ou, nesta ter\u00e7a-feira (16), a Plataforma Emergencial \u201cEm Defesa da Vida Trabalho e Renda, Sa\u00fade, Soberania Alimentar e Moradia\u201d, com uma s\u00e9rie de propostas para o enfrentamento \u00e0 crise econ\u00f4mica e a emerg\u00eancia sanit\u00e1ria provocada pela pandemia do novo coronav\u00edrus (Covid-19). Entre as propostas, que a dire\u00e7\u00e3o da Central vem [&hellip;]\" \/>\n<meta property=\"og:url\" content=\"https:\/\/sindicomdf.com.br\/portal\/executiva-nacional-da-cut-lanca-plataforma-em-defesa-da-vida-trabalho-e-moradia\/\" \/>\n<meta property=\"og:site_name\" content=\"SINDICOM\" \/>\n<meta property=\"article:published_time\" content=\"2020-06-22T16:17:49+00:00\" \/>\n<meta property=\"article:modified_time\" content=\"2020-06-22T16:20:55+00:00\" \/>\n<meta property=\"og:image\" content=\"https:\/\/sindicomdf.com.br\/portal\/wp-content\/uploads\/2020\/06\/Plataforma-emergencial.jpg\" \/>\n\t<meta property=\"og:image:width\" content=\"1080\" \/>\n\t<meta property=\"og:image:height\" content=\"707\" \/>\n\t<meta property=\"og:image:type\" content=\"image\/jpeg\" \/>\n<meta name=\"author\" content=\"Imprensa\" \/>\n<meta name=\"twitter:card\" content=\"summary_large_image\" \/>\n<meta name=\"twitter:label1\" content=\"Escrito por\" \/>\n\t<meta name=\"twitter:data1\" content=\"Imprensa\" \/>\n\t<meta name=\"twitter:label2\" content=\"Est. tempo de leitura\" \/>\n\t<meta name=\"twitter:data2\" content=\"1 minuto\" \/>\n<script type=\"application\/ld+json\" class=\"yoast-schema-graph\">{\"@context\":\"https:\/\/schema.org\",\"@graph\":[{\"@type\":\"WebPage\",\"@id\":\"https:\/\/sindicomdf.com.br\/portal\/executiva-nacional-da-cut-lanca-plataforma-em-defesa-da-vida-trabalho-e-moradia\/\",\"url\":\"https:\/\/sindicomdf.com.br\/portal\/executiva-nacional-da-cut-lanca-plataforma-em-defesa-da-vida-trabalho-e-moradia\/\",\"name\":\"Executiva Nacional da CUT lan\u00e7a plataforma em defesa da vida, trabalho e moradia - SINDICOM\",\"isPartOf\":{\"@id\":\"https:\/\/sindicomdf.com.br\/portal\/#website\"},\"primaryImageOfPage\":{\"@id\":\"https:\/\/sindicomdf.com.br\/portal\/executiva-nacional-da-cut-lanca-plataforma-em-defesa-da-vida-trabalho-e-moradia\/#primaryimage\"},\"image\":{\"@id\":\"https:\/\/sindicomdf.com.br\/portal\/executiva-nacional-da-cut-lanca-plataforma-em-defesa-da-vida-trabalho-e-moradia\/#primaryimage\"},\"thumbnailUrl\":\"https:\/\/sindicomdf.com.br\/portal\/wp-content\/uploads\/2020\/06\/Plataforma-emergencial.jpg\",\"datePublished\":\"2020-06-22T16:17:49+00:00\",\"dateModified\":\"2020-06-22T16:20:55+00:00\",\"author\":{\"@id\":\"https:\/\/sindicomdf.com.br\/portal\/#\/schema\/person\/09372242e78b757907e33fe5db53d205\"},\"breadcrumb\":{\"@id\":\"https:\/\/sindicomdf.com.br\/portal\/executiva-nacional-da-cut-lanca-plataforma-em-defesa-da-vida-trabalho-e-moradia\/#breadcrumb\"},\"inLanguage\":\"pt-BR\",\"potentialAction\":[{\"@type\":\"ReadAction\",\"target\":[\"https:\/\/sindicomdf.com.br\/portal\/executiva-nacional-da-cut-lanca-plataforma-em-defesa-da-vida-trabalho-e-moradia\/\"]}]},{\"@type\":\"ImageObject\",\"inLanguage\":\"pt-BR\",\"@id\":\"https:\/\/sindicomdf.com.br\/portal\/executiva-nacional-da-cut-lanca-plataforma-em-defesa-da-vida-trabalho-e-moradia\/#primaryimage\",\"url\":\"https:\/\/sindicomdf.com.br\/portal\/wp-content\/uploads\/2020\/06\/Plataforma-emergencial.jpg\",\"contentUrl\":\"https:\/\/sindicomdf.com.br\/portal\/wp-content\/uploads\/2020\/06\/Plataforma-emergencial.jpg\",\"width\":1080,\"height\":707},{\"@type\":\"BreadcrumbList\",\"@id\":\"https:\/\/sindicomdf.com.br\/portal\/executiva-nacional-da-cut-lanca-plataforma-em-defesa-da-vida-trabalho-e-moradia\/#breadcrumb\",\"itemListElement\":[{\"@type\":\"ListItem\",\"position\":1,\"name\":\"In\u00edcio\",\"item\":\"https:\/\/sindicomdf.com.br\/portal\/\"},{\"@type\":\"ListItem\",\"position\":2,\"name\":\"Executiva Nacional da CUT lan\u00e7a plataforma em defesa da vida, trabalho e moradia\"}]},{\"@type\":\"WebSite\",\"@id\":\"https:\/\/sindicomdf.com.br\/portal\/#website\",\"url\":\"https:\/\/sindicomdf.com.br\/portal\/\",\"name\":\"SINDICOM\",\"description\":\"Sindicato dos Empregados no Com\u00e9rcio do DF\",\"potentialAction\":[{\"@type\":\"SearchAction\",\"target\":{\"@type\":\"EntryPoint\",\"urlTemplate\":\"https:\/\/sindicomdf.com.br\/portal\/?s={search_term_string}\"},\"query-input\":{\"@type\":\"PropertyValueSpecification\",\"valueRequired\":true,\"valueName\":\"search_term_string\"}}],\"inLanguage\":\"pt-BR\"},{\"@type\":\"Person\",\"@id\":\"https:\/\/sindicomdf.com.br\/portal\/#\/schema\/person\/09372242e78b757907e33fe5db53d205\",\"name\":\"Imprensa\",\"image\":{\"@type\":\"ImageObject\",\"inLanguage\":\"pt-BR\",\"@id\":\"https:\/\/sindicomdf.com.br\/portal\/#\/schema\/person\/image\/\",\"url\":\"https:\/\/secure.gravatar.com\/avatar\/060ac8086a7131ef4b79f847ca8f7acd57811aa2a477aca1d2a09b88754dd9de?s=96&d=mm&r=g\",\"contentUrl\":\"https:\/\/secure.gravatar.com\/avatar\/060ac8086a7131ef4b79f847ca8f7acd57811aa2a477aca1d2a09b88754dd9de?s=96&d=mm&r=g\",\"caption\":\"Imprensa\"},\"url\":\"https:\/\/sindicomdf.com.br\/portal\/author\/imprensa\/\"}]}<\/script>\n<!-- \/ Yoast SEO plugin. -->","yoast_head_json":{"title":"Executiva Nacional da CUT lan\u00e7a plataforma em defesa da vida, trabalho e moradia - SINDICOM","robots":{"index":"index","follow":"follow","max-snippet":"max-snippet:-1","max-image-preview":"max-image-preview:large","max-video-preview":"max-video-preview:-1"},"canonical":"https:\/\/sindicomdf.com.br\/portal\/executiva-nacional-da-cut-lanca-plataforma-em-defesa-da-vida-trabalho-e-moradia\/","og_locale":"pt_BR","og_type":"article","og_title":"Executiva Nacional da CUT lan\u00e7a plataforma em defesa da vida, trabalho e moradia - SINDICOM","og_description":"A Executiva Nacional da CUT lan\u00e7ou, nesta ter\u00e7a-feira (16), a Plataforma Emergencial \u201cEm Defesa da Vida Trabalho e Renda, Sa\u00fade, Soberania Alimentar e Moradia\u201d, com uma s\u00e9rie de propostas para o enfrentamento \u00e0 crise econ\u00f4mica e a emerg\u00eancia sanit\u00e1ria provocada pela pandemia do novo coronav\u00edrus (Covid-19). Entre as propostas, que a dire\u00e7\u00e3o da Central vem [&hellip;]","og_url":"https:\/\/sindicomdf.com.br\/portal\/executiva-nacional-da-cut-lanca-plataforma-em-defesa-da-vida-trabalho-e-moradia\/","og_site_name":"SINDICOM","article_published_time":"2020-06-22T16:17:49+00:00","article_modified_time":"2020-06-22T16:20:55+00:00","og_image":[{"width":1080,"height":707,"url":"https:\/\/sindicomdf.com.br\/portal\/wp-content\/uploads\/2020\/06\/Plataforma-emergencial.jpg","type":"image\/jpeg"}],"author":"Imprensa","twitter_card":"summary_large_image","twitter_misc":{"Escrito por":"Imprensa","Est. tempo de leitura":"1 minuto"},"schema":{"@context":"https:\/\/schema.org","@graph":[{"@type":"WebPage","@id":"https:\/\/sindicomdf.com.br\/portal\/executiva-nacional-da-cut-lanca-plataforma-em-defesa-da-vida-trabalho-e-moradia\/","url":"https:\/\/sindicomdf.com.br\/portal\/executiva-nacional-da-cut-lanca-plataforma-em-defesa-da-vida-trabalho-e-moradia\/","name":"Executiva Nacional da CUT lan\u00e7a plataforma em defesa da vida, trabalho e moradia - SINDICOM","isPartOf":{"@id":"https:\/\/sindicomdf.com.br\/portal\/#website"},"primaryImageOfPage":{"@id":"https:\/\/sindicomdf.com.br\/portal\/executiva-nacional-da-cut-lanca-plataforma-em-defesa-da-vida-trabalho-e-moradia\/#primaryimage"},"image":{"@id":"https:\/\/sindicomdf.com.br\/portal\/executiva-nacional-da-cut-lanca-plataforma-em-defesa-da-vida-trabalho-e-moradia\/#primaryimage"},"thumbnailUrl":"https:\/\/sindicomdf.com.br\/portal\/wp-content\/uploads\/2020\/06\/Plataforma-emergencial.jpg","datePublished":"2020-06-22T16:17:49+00:00","dateModified":"2020-06-22T16:20:55+00:00","author":{"@id":"https:\/\/sindicomdf.com.br\/portal\/#\/schema\/person\/09372242e78b757907e33fe5db53d205"},"breadcrumb":{"@id":"https:\/\/sindicomdf.com.br\/portal\/executiva-nacional-da-cut-lanca-plataforma-em-defesa-da-vida-trabalho-e-moradia\/#breadcrumb"},"inLanguage":"pt-BR","potentialAction":[{"@type":"ReadAction","target":["https:\/\/sindicomdf.com.br\/portal\/executiva-nacional-da-cut-lanca-plataforma-em-defesa-da-vida-trabalho-e-moradia\/"]}]},{"@type":"ImageObject","inLanguage":"pt-BR","@id":"https:\/\/sindicomdf.com.br\/portal\/executiva-nacional-da-cut-lanca-plataforma-em-defesa-da-vida-trabalho-e-moradia\/#primaryimage","url":"https:\/\/sindicomdf.com.br\/portal\/wp-content\/uploads\/2020\/06\/Plataforma-emergencial.jpg","contentUrl":"https:\/\/sindicomdf.com.br\/portal\/wp-content\/uploads\/2020\/06\/Plataforma-emergencial.jpg","width":1080,"height":707},{"@type":"BreadcrumbList","@id":"https:\/\/sindicomdf.com.br\/portal\/executiva-nacional-da-cut-lanca-plataforma-em-defesa-da-vida-trabalho-e-moradia\/#breadcrumb","itemListElement":[{"@type":"ListItem","position":1,"name":"In\u00edcio","item":"https:\/\/sindicomdf.com.br\/portal\/"},{"@type":"ListItem","position":2,"name":"Executiva Nacional da CUT lan\u00e7a plataforma em defesa da vida, trabalho e moradia"}]},{"@type":"WebSite","@id":"https:\/\/sindicomdf.com.br\/portal\/#website","url":"https:\/\/sindicomdf.com.br\/portal\/","name":"SINDICOM","description":"Sindicato dos Empregados no Com\u00e9rcio do DF","potentialAction":[{"@type":"SearchAction","target":{"@type":"EntryPoint","urlTemplate":"https:\/\/sindicomdf.com.br\/portal\/?s={search_term_string}"},"query-input":{"@type":"PropertyValueSpecification","valueRequired":true,"valueName":"search_term_string"}}],"inLanguage":"pt-BR"},{"@type":"Person","@id":"https:\/\/sindicomdf.com.br\/portal\/#\/schema\/person\/09372242e78b757907e33fe5db53d205","name":"Imprensa","image":{"@type":"ImageObject","inLanguage":"pt-BR","@id":"https:\/\/sindicomdf.com.br\/portal\/#\/schema\/person\/image\/","url":"https:\/\/secure.gravatar.com\/avatar\/060ac8086a7131ef4b79f847ca8f7acd57811aa2a477aca1d2a09b88754dd9de?s=96&d=mm&r=g","contentUrl":"https:\/\/secure.gravatar.com\/avatar\/060ac8086a7131ef4b79f847ca8f7acd57811aa2a477aca1d2a09b88754dd9de?s=96&d=mm&r=g","caption":"Imprensa"},"url":"https:\/\/sindicomdf.com.br\/portal\/author\/imprensa\/"}]}},"_links":{"self":[{"href":"https:\/\/sindicomdf.com.br\/portal\/wp-json\/wp\/v2\/posts\/8156","targetHints":{"allow":["GET"]}}],"collection":[{"href":"https:\/\/sindicomdf.com.br\/portal\/wp-json\/wp\/v2\/posts"}],"about":[{"href":"https:\/\/sindicomdf.com.br\/portal\/wp-json\/wp\/v2\/types\/post"}],"author":[{"embeddable":true,"href":"https:\/\/sindicomdf.com.br\/portal\/wp-json\/wp\/v2\/users\/3"}],"replies":[{"embeddable":true,"href":"https:\/\/sindicomdf.com.br\/portal\/wp-json\/wp\/v2\/comments?post=8156"}],"version-history":[{"count":3,"href":"https:\/\/sindicomdf.com.br\/portal\/wp-json\/wp\/v2\/posts\/8156\/revisions"}],"predecessor-version":[{"id":8160,"href":"https:\/\/sindicomdf.com.br\/portal\/wp-json\/wp\/v2\/posts\/8156\/revisions\/8160"}],"wp:featuredmedia":[{"embeddable":true,"href":"https:\/\/sindicomdf.com.br\/portal\/wp-json\/wp\/v2\/media\/8157"}],"wp:attachment":[{"href":"https:\/\/sindicomdf.com.br\/portal\/wp-json\/wp\/v2\/media?parent=8156"}],"wp:term":[{"taxonomy":"category","embeddable":true,"href":"https:\/\/sindicomdf.com.br\/portal\/wp-json\/wp\/v2\/categories?post=8156"},{"taxonomy":"post_tag","embeddable":true,"href":"https:\/\/sindicomdf.com.br\/portal\/wp-json\/wp\/v2\/tags?post=8156"}],"curies":[{"name":"wp","href":"https:\/\/api.w.org\/{rel}","templated":true}]}}