{"id":8122,"date":"2020-04-22T17:10:33","date_gmt":"2020-04-22T17:10:33","guid":{"rendered":"https:\/\/sindicomdf.com.br\/portal\/?p=8122"},"modified":"2020-04-22T17:10:33","modified_gmt":"2020-04-22T17:10:33","slug":"falecimento-de-maria-pereira","status":"publish","type":"post","link":"https:\/\/sindicomdf.com.br\/portal\/falecimento-de-maria-pereira\/","title":{"rendered":"Falecimento de Maria Pereira"},"content":{"rendered":"<p><a href=\"https:\/\/sindicomdf.com.br\/portal\/wp-content\/uploads\/2020\/04\/WhatsApp-Image-2020-04-17-at-21.15.20.jpeg\"><img loading=\"lazy\" decoding=\"async\" class=\"alignnone size-medium wp-image-8123\" src=\"https:\/\/sindicomdf.com.br\/portal\/wp-content\/uploads\/2020\/04\/WhatsApp-Image-2020-04-17-at-21.15.20-300x300.jpeg\" alt=\"\" width=\"300\" height=\"300\" srcset=\"https:\/\/sindicomdf.com.br\/portal\/wp-content\/uploads\/2020\/04\/WhatsApp-Image-2020-04-17-at-21.15.20-300x300.jpeg 300w, https:\/\/sindicomdf.com.br\/portal\/wp-content\/uploads\/2020\/04\/WhatsApp-Image-2020-04-17-at-21.15.20-150x150.jpeg 150w, https:\/\/sindicomdf.com.br\/portal\/wp-content\/uploads\/2020\/04\/WhatsApp-Image-2020-04-17-at-21.15.20.jpeg 653w\" sizes=\"auto, (max-width: 300px) 100vw, 300px\" \/><\/a><\/p>\n<p>&nbsp;<\/p>\n<p>O sindicato dos comerci\u00e1rios do DF informa o falecimento da funcion\u00e1ria Maria Pereira.<br \/>\n\u00c0 Fam\u00edlia, nossa solidariedade!<\/p>\n","protected":false},"excerpt":{"rendered":"<p>&nbsp; O sindicato dos comerci\u00e1rios do DF informa o falecimento da funcion\u00e1ria Maria Pereira. \u00c0 Fam\u00edlia, nossa solidariedade!<\/p>\n","protected":false},"author":3,"featured_media":0,"comment_status":"open","ping_status":"open","sticky":false,"template":"","format":"standard","meta":{"_bbp_topic_count":0,"_bbp_reply_count":0,"_bbp_total_topic_count":0,"_bbp_total_reply_count":0,"_bbp_voice_count":0,"_bbp_anonymous_reply_count":0,"_bbp_topic_count_hidden":0,"_bbp_reply_count_hidden":0,"_bbp_forum_subforum_count":0,"footnotes":""},"categories":[1,4],"tags":[],"class_list":{"0":"post-8122","1":"post","2":"type-post","3":"status-publish","4":"format-standard","6":"category-outros","7":"category-saude"},"yoast_head":"<!-- This site is optimized with the Yoast SEO plugin v23.7 - https:\/\/yoast.com\/wordpress\/plugins\/seo\/ -->\n<title>Falecimento de Maria Pereira - SINDICOM<\/title>\n<meta name=\"robots\" content=\"index, follow, max-snippet:-1, max-image-preview:large, max-video-preview:-1\" \/>\n<link rel=\"canonical\" href=\"https:\/\/sindicomdf.com.br\/portal\/falecimento-de-maria-pereira\/\" \/>\n<meta property=\"og:locale\" content=\"pt_BR\" \/>\n<meta property=\"og:type\" content=\"article\" \/>\n<meta property=\"og:title\" content=\"Falecimento de Maria Pereira - SINDICOM\" \/>\n<meta property=\"og:description\" content=\"&nbsp; O sindicato dos comerci\u00e1rios do DF informa o falecimento da funcion\u00e1ria Maria Pereira. \u00c0 Fam\u00edlia, nossa solidariedade!\" \/>\n<meta property=\"og:url\" content=\"https:\/\/sindicomdf.com.br\/portal\/falecimento-de-maria-pereira\/\" \/>\n<meta property=\"og:site_name\" content=\"SINDICOM\" \/>\n<meta property=\"article:published_time\" content=\"2020-04-22T17:10:33+00:00\" \/>\n<meta property=\"og:image\" content=\"https:\/\/sindicomdf.com.br\/portal\/wp-content\/uploads\/2020\/04\/WhatsApp-Image-2020-04-17-at-21.15.20-300x300.jpeg\" \/>\n<meta name=\"author\" content=\"Imprensa\" \/>\n<meta name=\"twitter:card\" content=\"summary_large_image\" \/>\n<meta name=\"twitter:label1\" content=\"Escrito por\" \/>\n\t<meta name=\"twitter:data1\" content=\"Imprensa\" \/>\n<script type=\"application\/ld+json\" class=\"yoast-schema-graph\">{\"@context\":\"https:\/\/schema.org\",\"@graph\":[{\"@type\":\"WebPage\",\"@id\":\"https:\/\/sindicomdf.com.br\/portal\/falecimento-de-maria-pereira\/\",\"url\":\"https:\/\/sindicomdf.com.br\/portal\/falecimento-de-maria-pereira\/\",\"name\":\"Falecimento de Maria Pereira - SINDICOM\",\"isPartOf\":{\"@id\":\"https:\/\/sindicomdf.com.br\/portal\/#website\"},\"primaryImageOfPage\":{\"@id\":\"https:\/\/sindicomdf.com.br\/portal\/falecimento-de-maria-pereira\/#primaryimage\"},\"image\":{\"@id\":\"https:\/\/sindicomdf.com.br\/portal\/falecimento-de-maria-pereira\/#primaryimage\"},\"thumbnailUrl\":\"https:\/\/sindicomdf.com.br\/portal\/wp-content\/uploads\/2020\/04\/WhatsApp-Image-2020-04-17-at-21.15.20-300x300.jpeg\",\"datePublished\":\"2020-04-22T17:10:33+00:00\",\"dateModified\":\"2020-04-22T17:10:33+00:00\",\"author\":{\"@id\":\"https:\/\/sindicomdf.com.br\/portal\/#\/schema\/person\/09372242e78b757907e33fe5db53d205\"},\"breadcrumb\":{\"@id\":\"https:\/\/sindicomdf.com.br\/portal\/falecimento-de-maria-pereira\/#breadcrumb\"},\"inLanguage\":\"pt-BR\",\"potentialAction\":[{\"@type\":\"ReadAction\",\"target\":[\"https:\/\/sindicomdf.com.br\/portal\/falecimento-de-maria-pereira\/\"]}]},{\"@type\":\"ImageObject\",\"inLanguage\":\"pt-BR\",\"@id\":\"https:\/\/sindicomdf.com.br\/portal\/falecimento-de-maria-pereira\/#primaryimage\",\"url\":\"https:\/\/sindicomdf.com.br\/portal\/wp-content\/uploads\/2020\/04\/WhatsApp-Image-2020-04-17-at-21.15.20.jpeg\",\"contentUrl\":\"https:\/\/sindicomdf.com.br\/portal\/wp-content\/uploads\/2020\/04\/WhatsApp-Image-2020-04-17-at-21.15.20.jpeg\",\"width\":653,\"height\":653},{\"@type\":\"BreadcrumbList\",\"@id\":\"https:\/\/sindicomdf.com.br\/portal\/falecimento-de-maria-pereira\/#breadcrumb\",\"itemListElement\":[{\"@type\":\"ListItem\",\"position\":1,\"name\":\"In\u00edcio\",\"item\":\"https:\/\/sindicomdf.com.br\/portal\/\"},{\"@type\":\"ListItem\",\"position\":2,\"name\":\"Falecimento de Maria Pereira\"}]},{\"@type\":\"WebSite\",\"@id\":\"https:\/\/sindicomdf.com.br\/portal\/#website\",\"url\":\"https:\/\/sindicomdf.com.br\/portal\/\",\"name\":\"SINDICOM\",\"description\":\"Sindicato dos Empregados no Com\u00e9rcio do DF\",\"potentialAction\":[{\"@type\":\"SearchAction\",\"target\":{\"@type\":\"EntryPoint\",\"urlTemplate\":\"https:\/\/sindicomdf.com.br\/portal\/?s={search_term_string}\"},\"query-input\":{\"@type\":\"PropertyValueSpecification\",\"valueRequired\":true,\"valueName\":\"search_term_string\"}}],\"inLanguage\":\"pt-BR\"},{\"@type\":\"Person\",\"@id\":\"https:\/\/sindicomdf.com.br\/portal\/#\/schema\/person\/09372242e78b757907e33fe5db53d205\",\"name\":\"Imprensa\",\"image\":{\"@type\":\"ImageObject\",\"inLanguage\":\"pt-BR\",\"@id\":\"https:\/\/sindicomdf.com.br\/portal\/#\/schema\/person\/image\/\",\"url\":\"https:\/\/secure.gravatar.com\/avatar\/060ac8086a7131ef4b79f847ca8f7acd57811aa2a477aca1d2a09b88754dd9de?s=96&d=mm&r=g\",\"contentUrl\":\"https:\/\/secure.gravatar.com\/avatar\/060ac8086a7131ef4b79f847ca8f7acd57811aa2a477aca1d2a09b88754dd9de?s=96&d=mm&r=g\",\"caption\":\"Imprensa\"},\"url\":\"https:\/\/sindicomdf.com.br\/portal\/author\/imprensa\/\"}]}<\/script>\n<!-- \/ Yoast SEO plugin. -->","yoast_head_json":{"title":"Falecimento de Maria Pereira - SINDICOM","robots":{"index":"index","follow":"follow","max-snippet":"max-snippet:-1","max-image-preview":"max-image-preview:large","max-video-preview":"max-video-preview:-1"},"canonical":"https:\/\/sindicomdf.com.br\/portal\/falecimento-de-maria-pereira\/","og_locale":"pt_BR","og_type":"article","og_title":"Falecimento de Maria Pereira - SINDICOM","og_description":"&nbsp; O sindicato dos comerci\u00e1rios do DF informa o falecimento da funcion\u00e1ria Maria Pereira. \u00c0 Fam\u00edlia, nossa solidariedade!","og_url":"https:\/\/sindicomdf.com.br\/portal\/falecimento-de-maria-pereira\/","og_site_name":"SINDICOM","article_published_time":"2020-04-22T17:10:33+00:00","og_image":[{"url":"https:\/\/sindicomdf.com.br\/portal\/wp-content\/uploads\/2020\/04\/WhatsApp-Image-2020-04-17-at-21.15.20-300x300.jpeg"}],"author":"Imprensa","twitter_card":"summary_large_image","twitter_misc":{"Escrito por":"Imprensa"},"schema":{"@context":"https:\/\/schema.org","@graph":[{"@type":"WebPage","@id":"https:\/\/sindicomdf.com.br\/portal\/falecimento-de-maria-pereira\/","url":"https:\/\/sindicomdf.com.br\/portal\/falecimento-de-maria-pereira\/","name":"Falecimento de Maria Pereira - SINDICOM","isPartOf":{"@id":"https:\/\/sindicomdf.com.br\/portal\/#website"},"primaryImageOfPage":{"@id":"https:\/\/sindicomdf.com.br\/portal\/falecimento-de-maria-pereira\/#primaryimage"},"image":{"@id":"https:\/\/sindicomdf.com.br\/portal\/falecimento-de-maria-pereira\/#primaryimage"},"thumbnailUrl":"https:\/\/sindicomdf.com.br\/portal\/wp-content\/uploads\/2020\/04\/WhatsApp-Image-2020-04-17-at-21.15.20-300x300.jpeg","datePublished":"2020-04-22T17:10:33+00:00","dateModified":"2020-04-22T17:10:33+00:00","author":{"@id":"https:\/\/sindicomdf.com.br\/portal\/#\/schema\/person\/09372242e78b757907e33fe5db53d205"},"breadcrumb":{"@id":"https:\/\/sindicomdf.com.br\/portal\/falecimento-de-maria-pereira\/#breadcrumb"},"inLanguage":"pt-BR","potentialAction":[{"@type":"ReadAction","target":["https:\/\/sindicomdf.com.br\/portal\/falecimento-de-maria-pereira\/"]}]},{"@type":"ImageObject","inLanguage":"pt-BR","@id":"https:\/\/sindicomdf.com.br\/portal\/falecimento-de-maria-pereira\/#primaryimage","url":"https:\/\/sindicomdf.com.br\/portal\/wp-content\/uploads\/2020\/04\/WhatsApp-Image-2020-04-17-at-21.15.20.jpeg","contentUrl":"https:\/\/sindicomdf.com.br\/portal\/wp-content\/uploads\/2020\/04\/WhatsApp-Image-2020-04-17-at-21.15.20.jpeg","width":653,"height":653},{"@type":"BreadcrumbList","@id":"https:\/\/sindicomdf.com.br\/portal\/falecimento-de-maria-pereira\/#breadcrumb","itemListElement":[{"@type":"ListItem","position":1,"name":"In\u00edcio","item":"https:\/\/sindicomdf.com.br\/portal\/"},{"@type":"ListItem","position":2,"name":"Falecimento de Maria Pereira"}]},{"@type":"WebSite","@id":"https:\/\/sindicomdf.com.br\/portal\/#website","url":"https:\/\/sindicomdf.com.br\/portal\/","name":"SINDICOM","description":"Sindicato dos Empregados no Com\u00e9rcio do DF","potentialAction":[{"@type":"SearchAction","target":{"@type":"EntryPoint","urlTemplate":"https:\/\/sindicomdf.com.br\/portal\/?s={search_term_string}"},"query-input":{"@type":"PropertyValueSpecification","valueRequired":true,"valueName":"search_term_string"}}],"inLanguage":"pt-BR"},{"@type":"Person","@id":"https:\/\/sindicomdf.com.br\/portal\/#\/schema\/person\/09372242e78b757907e33fe5db53d205","name":"Imprensa","image":{"@type":"ImageObject","inLanguage":"pt-BR","@id":"https:\/\/sindicomdf.com.br\/portal\/#\/schema\/person\/image\/","url":"https:\/\/secure.gravatar.com\/avatar\/060ac8086a7131ef4b79f847ca8f7acd57811aa2a477aca1d2a09b88754dd9de?s=96&d=mm&r=g","contentUrl":"https:\/\/secure.gravatar.com\/avatar\/060ac8086a7131ef4b79f847ca8f7acd57811aa2a477aca1d2a09b88754dd9de?s=96&d=mm&r=g","caption":"Imprensa"},"url":"https:\/\/sindicomdf.com.br\/portal\/author\/imprensa\/"}]}},"_links":{"self":[{"href":"https:\/\/sindicomdf.com.br\/portal\/wp-json\/wp\/v2\/posts\/8122","targetHints":{"allow":["GET"]}}],"collection":[{"href":"https:\/\/sindicomdf.com.br\/portal\/wp-json\/wp\/v2\/posts"}],"about":[{"href":"https:\/\/sindicomdf.com.br\/portal\/wp-json\/wp\/v2\/types\/post"}],"author":[{"embeddable":true,"href":"https:\/\/sindicomdf.com.br\/portal\/wp-json\/wp\/v2\/users\/3"}],"replies":[{"embeddable":true,"href":"https:\/\/sindicomdf.com.br\/portal\/wp-json\/wp\/v2\/comments?post=8122"}],"version-history":[{"count":1,"href":"https:\/\/sindicomdf.com.br\/portal\/wp-json\/wp\/v2\/posts\/8122\/revisions"}],"predecessor-version":[{"id":8124,"href":"https:\/\/sindicomdf.com.br\/portal\/wp-json\/wp\/v2\/posts\/8122\/revisions\/8124"}],"wp:attachment":[{"href":"https:\/\/sindicomdf.com.br\/portal\/wp-json\/wp\/v2\/media?parent=8122"}],"wp:term":[{"taxonomy":"category","embeddable":true,"href":"https:\/\/sindicomdf.com.br\/portal\/wp-json\/wp\/v2\/categories?post=8122"},{"taxonomy":"post_tag","embeddable":true,"href":"https:\/\/sindicomdf.com.br\/portal\/wp-json\/wp\/v2\/tags?post=8122"}],"curies":[{"name":"wp","href":"https:\/\/api.w.org\/{rel}","templated":true}]}}