{"id":7980,"date":"2020-01-15T17:49:56","date_gmt":"2020-01-15T17:49:56","guid":{"rendered":"https:\/\/sindicomdf.com.br\/portal\/?p=7980"},"modified":"2020-01-15T17:49:56","modified_gmt":"2020-01-15T17:49:56","slug":"a-luta-unificada-de-estudantes-e-trabalhadores-contra-o-aumento-das-passagens","status":"publish","type":"post","link":"https:\/\/sindicomdf.com.br\/portal\/a-luta-unificada-de-estudantes-e-trabalhadores-contra-o-aumento-das-passagens\/","title":{"rendered":"A luta unificada de estudantes e trabalhadores contra o aumento das passagens"},"content":{"rendered":"<p><a href=\"https:\/\/sindicomdf.com.br\/portal\/wp-content\/uploads\/2020\/01\/Aumento-das-passagens.jpg\"><img loading=\"lazy\" decoding=\"async\" class=\"alignnone size-medium wp-image-7981\" src=\"https:\/\/sindicomdf.com.br\/portal\/wp-content\/uploads\/2020\/01\/Aumento-das-passagens-300x200.jpg\" alt=\"\" width=\"300\" height=\"200\" srcset=\"https:\/\/sindicomdf.com.br\/portal\/wp-content\/uploads\/2020\/01\/Aumento-das-passagens-300x200.jpg 300w, https:\/\/sindicomdf.com.br\/portal\/wp-content\/uploads\/2020\/01\/Aumento-das-passagens-768x512.jpg 768w, https:\/\/sindicomdf.com.br\/portal\/wp-content\/uploads\/2020\/01\/Aumento-das-passagens-1024x683.jpg 1024w, https:\/\/sindicomdf.com.br\/portal\/wp-content\/uploads\/2020\/01\/Aumento-das-passagens-90x60.jpg 90w, https:\/\/sindicomdf.com.br\/portal\/wp-content\/uploads\/2020\/01\/Aumento-das-passagens-180x120.jpg 180w, https:\/\/sindicomdf.com.br\/portal\/wp-content\/uploads\/2020\/01\/Aumento-das-passagens-95x64.jpg 95w, https:\/\/sindicomdf.com.br\/portal\/wp-content\/uploads\/2020\/01\/Aumento-das-passagens.jpg 1068w\" sizes=\"auto, (max-width: 300px) 100vw, 300px\" \/><\/a><\/p>\n<p>Essa ter\u00e7a-feira (14) foi marcada por protesto contra o aumento das passagens em Bras\u00edlia. Unidos para revogar o reajuste abusivo que vigora desde segunda-feira (13), trabalhadores, estudantes e movimentos sociais e sindical marcharam da Pra\u00e7a do Compromisso, na 703 Sul, rumo \u00e0 Rodovi\u00e1ria do Plano Piloto<\/p>\n<p>A concentra\u00e7\u00e3o come\u00e7ou por volta das 18h. Pouco a pouco, mais manifestantes chegavam ao local e davam \u00e0 produ\u00e7\u00e3o de cartazes palavras de ordem contr\u00e1rias ao\u00a0 reajuste. Frases como \u201cIbaneis n\u00e3o que ver a periferia andar no Plano\u201d, \u201cR$ 5,50 \u00e9 roubo\u201d, \u201cVamos derrubar a tarifa\u201d se destacaram.<\/p>\n<p>Em seguida, a manifesta\u00e7\u00e3o seguiu para a Rodovi\u00e1ria do Plano Piloto \u2212 local por onde passam cerca de 700 mil pessoas diariamente. Durante o trajeto, de forma arbitr\u00e1ria, a Pol\u00edcia Militar de Ibaneis usou spray de pimenta contra os manifestantes. Por\u00e9m, a repress\u00e3o n\u00e3o acalmou os \u00e2nimos da mobiliza\u00e7\u00e3o.<\/p>\n<p>Na avalia\u00e7\u00e3o de Pedro Burity, integrante do Movimento Passe Livre (MPL), \u00a0a mobiliza\u00e7\u00e3o foi bastante positiva: \u201cFizemos muito barulho e conseguimos um bom pontap\u00e9 para essa jornada contra o aumento. Mas uma coisa \u00e9 certa: queremos mais atos e menos tarifa. Come\u00e7aremos uma sequ\u00eancia de atos descentralizados nas regi\u00f5es administrativas e o primeiro est\u00e1 planejado para segunda-feira (20), na Pra\u00e7a do Rel\u00f3gio, \u00e0s 18h\u201d, disse.<\/p>\n<p>O debate sobre o tema tamb\u00e9m dominou as redes sociais. No Twitter, a hashtag #550\u00c9UMASSALTO esteve entre os assuntos mais comentados durante todo o dia.<\/p>\n<p>Al\u00e9m de expressarem sua indigna\u00e7\u00e3o com o aumento, os \u201ctuiteiros\u201d destacaram que o reajuste tarif\u00e1rio \u00e9 abusivo e impede que moradores das regi\u00f5es perif\u00e9ricas tenham acesso ao Plano Piloto.<\/p>\n<p><strong>O reajuste<\/strong><\/p>\n<p>O reajuste tarif\u00e1rio de 10% foi publicado no Di\u00e1rio Oficial do DF na manh\u00e3 desta sexta (13) e os valores come\u00e7am a valer a partir da segunda (13). Isso que dizer que a tarifa de R$ 2,50 passa para R$ 2,75; a de R$ 3,50 vai para R$ 3,85; e a de R$ 5 sobe para R$ 5,50. O reajuste vale tanto para as passagens dos \u00f4nibus como do metr\u00f4. O \u00faltimo aumento ocorreu em 2017.<\/p>\n<p>Como justificativa, o GDF afirmou que se trata de um aumento necess\u00e1rio para sanar os d\u00e9ficits gerados pela gratuidade de alguns setores e para arcar com poss\u00edveis manuten\u00e7\u00f5es.<\/p>\n<p>Para o presidente da CUT DF, Rodrigo Rodrigues, trata-se de uma medida arbitr\u00e1ria e excludente, pois \u201cprejudica, principalmente, os usu\u00e1rios que moram nas regi\u00f5es perif\u00e9ricas, mais afastadas do centro da capital federal, e trabalhadores aut\u00f4nomos, que n\u00e3o t\u00eam vale-transporte\u201d.<\/p>\n<p>\u201cAl\u00e9m do mais, o \u00edndice de desemprego \u00e9 muito mais agressivo nessas regi\u00f5es. Dessa forma, dificulta que essas pessoas tenham acesso ao Plano Piloto, regi\u00e3o onde ocorre a maioria das ofertas de emprego. Por isso, continuaremos lutando para que esse reajuste seja revogado\u201d, disse.<\/p>\n<p><em>Fonte: CUT Bras\u00edlia<\/em><\/p>\n","protected":false},"excerpt":{"rendered":"<p>Essa ter\u00e7a-feira (14) foi marcada por protesto contra o aumento das passagens em Bras\u00edlia. Unidos para revogar o reajuste abusivo que vigora desde segunda-feira (13), trabalhadores, estudantes e movimentos sociais e sindical marcharam da Pra\u00e7a do Compromisso, na 703 Sul, rumo \u00e0 Rodovi\u00e1ria do Plano Piloto A concentra\u00e7\u00e3o come\u00e7ou por volta das 18h. Pouco a [&hellip;]<\/p>\n","protected":false},"author":3,"featured_media":7982,"comment_status":"open","ping_status":"open","sticky":false,"template":"","format":"standard","meta":{"_bbp_topic_count":0,"_bbp_reply_count":0,"_bbp_total_topic_count":0,"_bbp_total_reply_count":0,"_bbp_voice_count":0,"_bbp_anonymous_reply_count":0,"_bbp_topic_count_hidden":0,"_bbp_reply_count_hidden":0,"_bbp_forum_subforum_count":0,"footnotes":""},"categories":[2,5,53,3],"tags":[],"class_list":{"0":"post-7980","1":"post","2":"type-post","3":"status-publish","4":"format-standard","5":"has-post-thumbnail","7":"category-destaque","8":"category-economia","9":"category-educacao","10":"category-luta-sindical"},"yoast_head":"<!-- This site is optimized with the Yoast SEO plugin v23.7 - https:\/\/yoast.com\/wordpress\/plugins\/seo\/ -->\n<title>A luta unificada de estudantes e trabalhadores contra o aumento das passagens - SINDICOM<\/title>\n<meta name=\"robots\" content=\"index, follow, max-snippet:-1, max-image-preview:large, max-video-preview:-1\" \/>\n<link rel=\"canonical\" href=\"https:\/\/sindicomdf.com.br\/portal\/a-luta-unificada-de-estudantes-e-trabalhadores-contra-o-aumento-das-passagens\/\" \/>\n<meta property=\"og:locale\" content=\"pt_BR\" \/>\n<meta property=\"og:type\" content=\"article\" \/>\n<meta property=\"og:title\" content=\"A luta unificada de estudantes e trabalhadores contra o aumento das passagens - SINDICOM\" \/>\n<meta property=\"og:description\" content=\"Essa ter\u00e7a-feira (14) foi marcada por protesto contra o aumento das passagens em Bras\u00edlia. Unidos para revogar o reajuste abusivo que vigora desde segunda-feira (13), trabalhadores, estudantes e movimentos sociais e sindical marcharam da Pra\u00e7a do Compromisso, na 703 Sul, rumo \u00e0 Rodovi\u00e1ria do Plano Piloto A concentra\u00e7\u00e3o come\u00e7ou por volta das 18h. Pouco a [&hellip;]\" \/>\n<meta property=\"og:url\" content=\"https:\/\/sindicomdf.com.br\/portal\/a-luta-unificada-de-estudantes-e-trabalhadores-contra-o-aumento-das-passagens\/\" \/>\n<meta property=\"og:site_name\" content=\"SINDICOM\" \/>\n<meta property=\"article:published_time\" content=\"2020-01-15T17:49:56+00:00\" \/>\n<meta property=\"og:image\" content=\"https:\/\/sindicomdf.com.br\/portal\/wp-content\/uploads\/2020\/01\/aumen-de-passagem-2-1024x683.jpg\" \/>\n\t<meta property=\"og:image:width\" content=\"1024\" \/>\n\t<meta property=\"og:image:height\" content=\"683\" \/>\n\t<meta property=\"og:image:type\" content=\"image\/jpeg\" \/>\n<meta name=\"author\" content=\"Imprensa\" \/>\n<meta name=\"twitter:card\" content=\"summary_large_image\" \/>\n<meta name=\"twitter:label1\" content=\"Escrito por\" \/>\n\t<meta name=\"twitter:data1\" content=\"Imprensa\" \/>\n\t<meta name=\"twitter:label2\" content=\"Est. tempo de leitura\" \/>\n\t<meta name=\"twitter:data2\" content=\"2 minutos\" \/>\n<script type=\"application\/ld+json\" class=\"yoast-schema-graph\">{\"@context\":\"https:\/\/schema.org\",\"@graph\":[{\"@type\":\"WebPage\",\"@id\":\"https:\/\/sindicomdf.com.br\/portal\/a-luta-unificada-de-estudantes-e-trabalhadores-contra-o-aumento-das-passagens\/\",\"url\":\"https:\/\/sindicomdf.com.br\/portal\/a-luta-unificada-de-estudantes-e-trabalhadores-contra-o-aumento-das-passagens\/\",\"name\":\"A luta unificada de estudantes e trabalhadores contra o aumento das passagens - SINDICOM\",\"isPartOf\":{\"@id\":\"https:\/\/sindicomdf.com.br\/portal\/#website\"},\"primaryImageOfPage\":{\"@id\":\"https:\/\/sindicomdf.com.br\/portal\/a-luta-unificada-de-estudantes-e-trabalhadores-contra-o-aumento-das-passagens\/#primaryimage\"},\"image\":{\"@id\":\"https:\/\/sindicomdf.com.br\/portal\/a-luta-unificada-de-estudantes-e-trabalhadores-contra-o-aumento-das-passagens\/#primaryimage\"},\"thumbnailUrl\":\"https:\/\/sindicomdf.com.br\/portal\/wp-content\/uploads\/2020\/01\/aumen-de-passagem-2.jpg\",\"datePublished\":\"2020-01-15T17:49:56+00:00\",\"dateModified\":\"2020-01-15T17:49:56+00:00\",\"author\":{\"@id\":\"https:\/\/sindicomdf.com.br\/portal\/#\/schema\/person\/09372242e78b757907e33fe5db53d205\"},\"breadcrumb\":{\"@id\":\"https:\/\/sindicomdf.com.br\/portal\/a-luta-unificada-de-estudantes-e-trabalhadores-contra-o-aumento-das-passagens\/#breadcrumb\"},\"inLanguage\":\"pt-BR\",\"potentialAction\":[{\"@type\":\"ReadAction\",\"target\":[\"https:\/\/sindicomdf.com.br\/portal\/a-luta-unificada-de-estudantes-e-trabalhadores-contra-o-aumento-das-passagens\/\"]}]},{\"@type\":\"ImageObject\",\"inLanguage\":\"pt-BR\",\"@id\":\"https:\/\/sindicomdf.com.br\/portal\/a-luta-unificada-de-estudantes-e-trabalhadores-contra-o-aumento-das-passagens\/#primaryimage\",\"url\":\"https:\/\/sindicomdf.com.br\/portal\/wp-content\/uploads\/2020\/01\/aumen-de-passagem-2.jpg\",\"contentUrl\":\"https:\/\/sindicomdf.com.br\/portal\/wp-content\/uploads\/2020\/01\/aumen-de-passagem-2.jpg\",\"width\":6000,\"height\":4000},{\"@type\":\"BreadcrumbList\",\"@id\":\"https:\/\/sindicomdf.com.br\/portal\/a-luta-unificada-de-estudantes-e-trabalhadores-contra-o-aumento-das-passagens\/#breadcrumb\",\"itemListElement\":[{\"@type\":\"ListItem\",\"position\":1,\"name\":\"In\u00edcio\",\"item\":\"https:\/\/sindicomdf.com.br\/portal\/\"},{\"@type\":\"ListItem\",\"position\":2,\"name\":\"A luta unificada de estudantes e trabalhadores contra o aumento das passagens\"}]},{\"@type\":\"WebSite\",\"@id\":\"https:\/\/sindicomdf.com.br\/portal\/#website\",\"url\":\"https:\/\/sindicomdf.com.br\/portal\/\",\"name\":\"SINDICOM\",\"description\":\"Sindicato dos Empregados no Com\u00e9rcio do DF\",\"potentialAction\":[{\"@type\":\"SearchAction\",\"target\":{\"@type\":\"EntryPoint\",\"urlTemplate\":\"https:\/\/sindicomdf.com.br\/portal\/?s={search_term_string}\"},\"query-input\":{\"@type\":\"PropertyValueSpecification\",\"valueRequired\":true,\"valueName\":\"search_term_string\"}}],\"inLanguage\":\"pt-BR\"},{\"@type\":\"Person\",\"@id\":\"https:\/\/sindicomdf.com.br\/portal\/#\/schema\/person\/09372242e78b757907e33fe5db53d205\",\"name\":\"Imprensa\",\"image\":{\"@type\":\"ImageObject\",\"inLanguage\":\"pt-BR\",\"@id\":\"https:\/\/sindicomdf.com.br\/portal\/#\/schema\/person\/image\/\",\"url\":\"https:\/\/secure.gravatar.com\/avatar\/060ac8086a7131ef4b79f847ca8f7acd57811aa2a477aca1d2a09b88754dd9de?s=96&d=mm&r=g\",\"contentUrl\":\"https:\/\/secure.gravatar.com\/avatar\/060ac8086a7131ef4b79f847ca8f7acd57811aa2a477aca1d2a09b88754dd9de?s=96&d=mm&r=g\",\"caption\":\"Imprensa\"},\"url\":\"https:\/\/sindicomdf.com.br\/portal\/author\/imprensa\/\"}]}<\/script>\n<!-- \/ Yoast SEO plugin. -->","yoast_head_json":{"title":"A luta unificada de estudantes e trabalhadores contra o aumento das passagens - SINDICOM","robots":{"index":"index","follow":"follow","max-snippet":"max-snippet:-1","max-image-preview":"max-image-preview:large","max-video-preview":"max-video-preview:-1"},"canonical":"https:\/\/sindicomdf.com.br\/portal\/a-luta-unificada-de-estudantes-e-trabalhadores-contra-o-aumento-das-passagens\/","og_locale":"pt_BR","og_type":"article","og_title":"A luta unificada de estudantes e trabalhadores contra o aumento das passagens - SINDICOM","og_description":"Essa ter\u00e7a-feira (14) foi marcada por protesto contra o aumento das passagens em Bras\u00edlia. Unidos para revogar o reajuste abusivo que vigora desde segunda-feira (13), trabalhadores, estudantes e movimentos sociais e sindical marcharam da Pra\u00e7a do Compromisso, na 703 Sul, rumo \u00e0 Rodovi\u00e1ria do Plano Piloto A concentra\u00e7\u00e3o come\u00e7ou por volta das 18h. Pouco a [&hellip;]","og_url":"https:\/\/sindicomdf.com.br\/portal\/a-luta-unificada-de-estudantes-e-trabalhadores-contra-o-aumento-das-passagens\/","og_site_name":"SINDICOM","article_published_time":"2020-01-15T17:49:56+00:00","og_image":[{"width":1024,"height":683,"url":"https:\/\/sindicomdf.com.br\/portal\/wp-content\/uploads\/2020\/01\/aumen-de-passagem-2-1024x683.jpg","type":"image\/jpeg"}],"author":"Imprensa","twitter_card":"summary_large_image","twitter_misc":{"Escrito por":"Imprensa","Est. tempo de leitura":"2 minutos"},"schema":{"@context":"https:\/\/schema.org","@graph":[{"@type":"WebPage","@id":"https:\/\/sindicomdf.com.br\/portal\/a-luta-unificada-de-estudantes-e-trabalhadores-contra-o-aumento-das-passagens\/","url":"https:\/\/sindicomdf.com.br\/portal\/a-luta-unificada-de-estudantes-e-trabalhadores-contra-o-aumento-das-passagens\/","name":"A luta unificada de estudantes e trabalhadores contra o aumento das passagens - SINDICOM","isPartOf":{"@id":"https:\/\/sindicomdf.com.br\/portal\/#website"},"primaryImageOfPage":{"@id":"https:\/\/sindicomdf.com.br\/portal\/a-luta-unificada-de-estudantes-e-trabalhadores-contra-o-aumento-das-passagens\/#primaryimage"},"image":{"@id":"https:\/\/sindicomdf.com.br\/portal\/a-luta-unificada-de-estudantes-e-trabalhadores-contra-o-aumento-das-passagens\/#primaryimage"},"thumbnailUrl":"https:\/\/sindicomdf.com.br\/portal\/wp-content\/uploads\/2020\/01\/aumen-de-passagem-2.jpg","datePublished":"2020-01-15T17:49:56+00:00","dateModified":"2020-01-15T17:49:56+00:00","author":{"@id":"https:\/\/sindicomdf.com.br\/portal\/#\/schema\/person\/09372242e78b757907e33fe5db53d205"},"breadcrumb":{"@id":"https:\/\/sindicomdf.com.br\/portal\/a-luta-unificada-de-estudantes-e-trabalhadores-contra-o-aumento-das-passagens\/#breadcrumb"},"inLanguage":"pt-BR","potentialAction":[{"@type":"ReadAction","target":["https:\/\/sindicomdf.com.br\/portal\/a-luta-unificada-de-estudantes-e-trabalhadores-contra-o-aumento-das-passagens\/"]}]},{"@type":"ImageObject","inLanguage":"pt-BR","@id":"https:\/\/sindicomdf.com.br\/portal\/a-luta-unificada-de-estudantes-e-trabalhadores-contra-o-aumento-das-passagens\/#primaryimage","url":"https:\/\/sindicomdf.com.br\/portal\/wp-content\/uploads\/2020\/01\/aumen-de-passagem-2.jpg","contentUrl":"https:\/\/sindicomdf.com.br\/portal\/wp-content\/uploads\/2020\/01\/aumen-de-passagem-2.jpg","width":6000,"height":4000},{"@type":"BreadcrumbList","@id":"https:\/\/sindicomdf.com.br\/portal\/a-luta-unificada-de-estudantes-e-trabalhadores-contra-o-aumento-das-passagens\/#breadcrumb","itemListElement":[{"@type":"ListItem","position":1,"name":"In\u00edcio","item":"https:\/\/sindicomdf.com.br\/portal\/"},{"@type":"ListItem","position":2,"name":"A luta unificada de estudantes e trabalhadores contra o aumento das passagens"}]},{"@type":"WebSite","@id":"https:\/\/sindicomdf.com.br\/portal\/#website","url":"https:\/\/sindicomdf.com.br\/portal\/","name":"SINDICOM","description":"Sindicato dos Empregados no Com\u00e9rcio do DF","potentialAction":[{"@type":"SearchAction","target":{"@type":"EntryPoint","urlTemplate":"https:\/\/sindicomdf.com.br\/portal\/?s={search_term_string}"},"query-input":{"@type":"PropertyValueSpecification","valueRequired":true,"valueName":"search_term_string"}}],"inLanguage":"pt-BR"},{"@type":"Person","@id":"https:\/\/sindicomdf.com.br\/portal\/#\/schema\/person\/09372242e78b757907e33fe5db53d205","name":"Imprensa","image":{"@type":"ImageObject","inLanguage":"pt-BR","@id":"https:\/\/sindicomdf.com.br\/portal\/#\/schema\/person\/image\/","url":"https:\/\/secure.gravatar.com\/avatar\/060ac8086a7131ef4b79f847ca8f7acd57811aa2a477aca1d2a09b88754dd9de?s=96&d=mm&r=g","contentUrl":"https:\/\/secure.gravatar.com\/avatar\/060ac8086a7131ef4b79f847ca8f7acd57811aa2a477aca1d2a09b88754dd9de?s=96&d=mm&r=g","caption":"Imprensa"},"url":"https:\/\/sindicomdf.com.br\/portal\/author\/imprensa\/"}]}},"_links":{"self":[{"href":"https:\/\/sindicomdf.com.br\/portal\/wp-json\/wp\/v2\/posts\/7980","targetHints":{"allow":["GET"]}}],"collection":[{"href":"https:\/\/sindicomdf.com.br\/portal\/wp-json\/wp\/v2\/posts"}],"about":[{"href":"https:\/\/sindicomdf.com.br\/portal\/wp-json\/wp\/v2\/types\/post"}],"author":[{"embeddable":true,"href":"https:\/\/sindicomdf.com.br\/portal\/wp-json\/wp\/v2\/users\/3"}],"replies":[{"embeddable":true,"href":"https:\/\/sindicomdf.com.br\/portal\/wp-json\/wp\/v2\/comments?post=7980"}],"version-history":[{"count":1,"href":"https:\/\/sindicomdf.com.br\/portal\/wp-json\/wp\/v2\/posts\/7980\/revisions"}],"predecessor-version":[{"id":7983,"href":"https:\/\/sindicomdf.com.br\/portal\/wp-json\/wp\/v2\/posts\/7980\/revisions\/7983"}],"wp:featuredmedia":[{"embeddable":true,"href":"https:\/\/sindicomdf.com.br\/portal\/wp-json\/wp\/v2\/media\/7982"}],"wp:attachment":[{"href":"https:\/\/sindicomdf.com.br\/portal\/wp-json\/wp\/v2\/media?parent=7980"}],"wp:term":[{"taxonomy":"category","embeddable":true,"href":"https:\/\/sindicomdf.com.br\/portal\/wp-json\/wp\/v2\/categories?post=7980"},{"taxonomy":"post_tag","embeddable":true,"href":"https:\/\/sindicomdf.com.br\/portal\/wp-json\/wp\/v2\/tags?post=7980"}],"curies":[{"name":"wp","href":"https:\/\/api.w.org\/{rel}","templated":true}]}}