{"id":7969,"date":"2020-01-07T17:44:52","date_gmt":"2020-01-07T17:44:52","guid":{"rendered":"https:\/\/sindicomdf.com.br\/portal\/?p=7969"},"modified":"2020-01-07T18:28:51","modified_gmt":"2020-01-07T18:28:51","slug":"e-o-que-o-trabalhador-tem-a-ver-com-a-privatizacao-do-serpro-e-dataprev","status":"publish","type":"post","link":"https:\/\/sindicomdf.com.br\/portal\/e-o-que-o-trabalhador-tem-a-ver-com-a-privatizacao-do-serpro-e-dataprev\/","title":{"rendered":"E o que o trabalhador tem a ver com a privatiza\u00e7\u00e3o do Serpro e DATAPREV?"},"content":{"rendered":"<p><a href=\"https:\/\/sindicomdf.com.br\/portal\/wp-content\/uploads\/2020\/01\/systemuploadsckarte20rima20serpro-491x873xfit-f9b14.jpeg\"><img loading=\"lazy\" decoding=\"async\" class=\"alignnone size-medium wp-image-7970\" src=\"https:\/\/sindicomdf.com.br\/portal\/wp-content\/uploads\/2020\/01\/systemuploadsckarte20rima20serpro-491x873xfit-f9b14-169x300.jpeg\" alt=\"\" width=\"169\" height=\"300\" srcset=\"https:\/\/sindicomdf.com.br\/portal\/wp-content\/uploads\/2020\/01\/systemuploadsckarte20rima20serpro-491x873xfit-f9b14-169x300.jpeg 169w, https:\/\/sindicomdf.com.br\/portal\/wp-content\/uploads\/2020\/01\/systemuploadsckarte20rima20serpro-491x873xfit-f9b14.jpeg 491w\" sizes=\"auto, (max-width: 169px) 100vw, 169px\" \/><\/a><\/p>\n<p>&nbsp;<\/p>\n<h2 class=\"noticiah2\">A privatiza\u00e7\u00e3o do Serpro e da Dataprev, respons\u00e1veis por dados sigilosos do governo e de todos os brasileiros, coloca em risco o pa\u00eds e a sua vida. Saiba como<\/h2>\n<h3 class=\"colunistaNome\"><span style=\"font-size: 16px;\">Seus dados confidenciais poder\u00e3o ficar nas m\u00e3os de empresas privadas e estrangeiras caso o governo de Jair Bolsonaro cumpra a promessa de privatizar a Empresa de Tecnologia e Informa\u00e7\u00f5es da Previd\u00eancia (Dataprev) e o Servi\u00e7o Federal de Processamento de Dados (Serpro).<\/span><\/h3>\n<div id=\"ck\" class=\"ck\">\n<p>Mesmo para quem acredite que n\u00e3o h\u00e1 nenhum problema em ser importunado a qualquer hora do dia por empresas de telemarketing, que poder\u00e3o ter livre acesso a seus n\u00fameros de telefones residencial e celular, o \u201cburaco \u00e9 mais embaixo\u201d, como diz o ditado popular.<\/p>\n<p>Na s\u00e9rie \u201c E eu com isso? \u201c vamos explicar quais os perigos que voc\u00ea e o pa\u00eds correm com as vendas da Serpro e da Dataprev.<\/p>\n<p>As duas estatais s\u00e3o respons\u00e1veis pelo armazenamento de dados sigilosos e estrat\u00e9gicos do pa\u00eds, de empresas e de milh\u00f5es de brasileiros. O Serpro processa 90,5 milh\u00f5es de impostos de renda anualmente tanto pessoa f\u00edsica como jur\u00eddica.<\/p>\n<p>O Servi\u00e7o Federal de Processamento armazena os dados da Ag\u00eancia Brasileira de Intelig\u00eancia, do sistema de com\u00e9rcio exterior, das transa\u00e7\u00f5es que passaram pelos portos e aeroportos nacionais, do imposto de renda, emiss\u00e3o de passaportes, carteiras de motoristas, CPF, CNPJ e o pagamento do Bolsa Fam\u00edlia, entre outras informa\u00e7\u00f5es sigilosas da vida dos brasileiros, da Uni\u00e3o, do Legislativo e do Judici\u00e1rio.<\/p>\n<p>Em seus 55 anos, o Serpro tem mais de 10 premia\u00e7\u00f5es como a melhor empresa digital do pa\u00eds por sua inova\u00e7\u00e3o e gest\u00e3o.<\/p>\n<p>Dos seus 3353 sistemas ativos, 3200 servi\u00e7os j\u00e1 est\u00e3o digitalizados sendo 1500 disponibilizados para a sociedade brasileira pela internet, dando oportunidade ao cidad\u00e3o de acessar atrav\u00e9s de 48 aplicativos em celulares, centenas de servi\u00e7os como carteira nacional de habilita\u00e7\u00e3o, certificado de registro de licenciamento, carteira profissional , emiss\u00e3o de CPF e CNPJ, al\u00e9m de imposto de renda pessoa f\u00edsica e jur\u00eddica, certificado digital em nuvem, passaporte e acesso a requerimentos em cart\u00f3rios, certid\u00f5es negativas e acompanhamento dessas e outras demandas.<\/p>\n<p>J\u00e1 o Dataprev, al\u00e9m de processar os dados da Previd\u00eancia Social, como o dos pagamentos de aposentadorias, pens\u00f5es e seguro desemprego, possui todos os registros de nascimento e \u00f3bitos no pa\u00eds, cadastros trabalhistas de nacionais e estrangeiros e detalhes das empresas registradas em todos os Estados. S\u00e3o 15 bilh\u00f5es de dados de v\u00ednculos e remunera\u00e7\u00f5es que constam no Cadastro Nacional de informa\u00e7\u00f5es Sociais (CNIS).<\/p>\n<p>Os 720 sistemas da estatal t\u00eam todo o cadastro da Previd\u00eancia Social, todos os v\u00ednculos dos trabalhadores e dos empr\u00e9stimos consignados, entre outros dados da vida laboral dos trabalhadores e das trabalhadoras.<\/p>\n<p>Segundo Telma Dantas, diretora de pol\u00edtica da Federa\u00e7\u00e3o Nacional dos Empregados em Empresas de Processamento de Dados (Fenadados) &#8211; entidade filiada \u00e0 Contracs\/CUT -, a privatiza\u00e7\u00e3o n\u00e3o \u00e9 apenas uma quest\u00e3o de ser importunado por empresas de telemarketing. S\u00e3o dados fiscais desde que nascemos at\u00e9 morremos, dados previdenci\u00e1rios seus e toda a sua fam\u00edlia que ficar\u00e3o nas m\u00e3os de terceiros.<\/p>\n<p>\u201cN\u00e3o tem como voc\u00ea deixar que isso saia da guarda e prote\u00e7\u00e3o do Estado. N\u00e3o tem como achar normal ter seus dados privatizados. S\u00e3o as suas certid\u00f5es de nascimento, de casamento, sua carteira profissional. \u00c9 a sua vida nas m\u00e3os de uma empresa privada, que poder\u00e1 ser estrangeira\u201d, diz Telma .<\/p>\n<p>A dirigente lembra que informa\u00e7\u00e3o \u00e9 poder e essas informa\u00e7\u00f5es s\u00e3o uma preciosidade n\u00e3o s\u00f3 para empresas privadas as utilizarem para ter vantagens econ\u00f4micas, mas porque a tecnologia da informa\u00e7\u00e3o \u00e9 o principal instrumento de organiza\u00e7\u00e3o de uma sociedade, n\u00e3o s\u00f3 a brasileira como a do mundo.<\/p>\n<h3><strong>Risco \u00e0 soberania nacional<\/strong><\/h3>\n<p>O Serpro \u00e9 tamb\u00e9m respons\u00e1vel por informa\u00e7\u00f5es sigilosas e estrat\u00e9gicas do governo, das empresas, fotos e biometria, informa\u00e7\u00f5es financeiras, cont\u00e1beis e dados importa\u00e7\u00e3o e exporta\u00e7\u00e3o, dentre outros.<\/p>\n<p>Somente o Sistema Integrado de Administra\u00e7\u00e3o Financeira (SIAF) fornece meios para agilizar a programa\u00e7\u00e3o financeira, otimiza\u00e7\u00e3o dos recursos do tesouro nacional, registra e acompanha a execu\u00e7\u00e3o do or\u00e7amento do governo federal e possibilita a transpar\u00eancia nas contas p\u00fablicas e a fiscaliza\u00e7\u00e3o e controle da administra\u00e7\u00e3o da Uni\u00e3o, do Legislativo e do Judici\u00e1rio.<\/p>\n<p>J\u00e1 o Sistema Integral de Administra\u00e7\u00e3o de Pessoal (SIAP) \u00e9 respons\u00e1vel pela folha de pagamento de todos os servidores e processa mais de 2 milh\u00f5es de contracheques por m\u00eas de servidores ativos e aposentados em todo o territ\u00f3rio nacional.<\/p>\n<p>Outro sistema importante \u00e9 o Siscoaf, respons\u00e1vel pelo controle de atividade financeira, preven\u00e7\u00e3o e controle do crime de lavagem de dinheiro e \u00a0de combate \u00e0 corrup\u00e7\u00e3o.<\/p>\n<p>\u201cO governo est\u00e1 entregando fun\u00e7\u00f5es que s\u00e3o de sua responsabilidade. O Serpro investe em seguran\u00e7a da informa\u00e7\u00e3o, atrav\u00e9s de verba destinada para evitar vazamentos, como tamb\u00e9m investe na rastreabilidade dos acessos. Por isso que podemos afirmar que os dados da popula\u00e7\u00e3o brasileira, das empresas e do governo t\u00eam de ficar sob guarda e posse do Estado e n\u00e3o entregar \u00e0 iniciativa privada e ao capital estrangeiro\u201d, afirma Telma Dantas.<\/p>\n<p>Para a funcion\u00e1ria da Dataprev e secret\u00e1ria da Mulher Trabalhadora da Fenadados, Maria do Socorro Lago Gomes Martins, ao querer entregar informa\u00e7\u00f5es t\u00e3o sigilosas da Dataprev, que gerou lucro de R$ 1,26 bilh\u00f5es somente em 2018, o governo Bolsonaro demonstra desconhecer o Brasil.<\/p>\n<p>\u201cO pior \u00e9 que se algu\u00e9m quiser prejudicar o governo brasileiro pode boicotar pagamentos ou vazar informa\u00e7\u00f5es para a m\u00eddia. Bolsonaro n\u00e3o tem no\u00e7\u00e3o do o grau do problema que o Brasil pode ter\u201d, analisou Socorro,\u00a0<a href=\"https:\/\/www.cut.org.br\/noticias\/governo-vai-entregar-dados-sigilosos-de-milhoes-de-brasileiros-para-estrangeiros-a152\"><strong>em entrevista ao Portal CUT.<\/strong><\/a><\/p>\n<\/div>\n<p>Fonte: Contracs<\/p>\n","protected":false},"excerpt":{"rendered":"<p>&nbsp; A privatiza\u00e7\u00e3o do Serpro e da Dataprev, respons\u00e1veis por dados sigilosos do governo e de todos os brasileiros, coloca em risco o pa\u00eds e a sua vida. Saiba como Seus dados confidenciais poder\u00e3o ficar nas m\u00e3os de empresas privadas e estrangeiras caso o governo de Jair Bolsonaro cumpra a promessa de privatizar a Empresa [&hellip;]<\/p>\n","protected":false},"author":3,"featured_media":7970,"comment_status":"open","ping_status":"open","sticky":false,"template":"","format":"standard","meta":{"_bbp_topic_count":0,"_bbp_reply_count":0,"_bbp_total_topic_count":0,"_bbp_total_reply_count":0,"_bbp_voice_count":0,"_bbp_anonymous_reply_count":0,"_bbp_topic_count_hidden":0,"_bbp_reply_count_hidden":0,"_bbp_forum_subforum_count":0,"footnotes":""},"categories":[2,3,1,7],"tags":[],"class_list":{"0":"post-7969","1":"post","2":"type-post","3":"status-publish","4":"format-standard","5":"has-post-thumbnail","7":"category-destaque","8":"category-luta-sindical","9":"category-outros","10":"category-politica"},"yoast_head":"<!-- This site is optimized with the Yoast SEO plugin v23.7 - https:\/\/yoast.com\/wordpress\/plugins\/seo\/ -->\n<title>E o que o trabalhador tem a ver com a privatiza\u00e7\u00e3o do Serpro e DATAPREV? - SINDICOM<\/title>\n<meta name=\"robots\" content=\"index, follow, max-snippet:-1, max-image-preview:large, max-video-preview:-1\" \/>\n<link rel=\"canonical\" href=\"https:\/\/sindicomdf.com.br\/portal\/e-o-que-o-trabalhador-tem-a-ver-com-a-privatizacao-do-serpro-e-dataprev\/\" \/>\n<meta property=\"og:locale\" content=\"pt_BR\" \/>\n<meta property=\"og:type\" content=\"article\" \/>\n<meta property=\"og:title\" content=\"E o que o trabalhador tem a ver com a privatiza\u00e7\u00e3o do Serpro e DATAPREV? - SINDICOM\" \/>\n<meta property=\"og:description\" content=\"&nbsp; A privatiza\u00e7\u00e3o do Serpro e da Dataprev, respons\u00e1veis por dados sigilosos do governo e de todos os brasileiros, coloca em risco o pa\u00eds e a sua vida. Saiba como Seus dados confidenciais poder\u00e3o ficar nas m\u00e3os de empresas privadas e estrangeiras caso o governo de Jair Bolsonaro cumpra a promessa de privatizar a Empresa [&hellip;]\" \/>\n<meta property=\"og:url\" content=\"https:\/\/sindicomdf.com.br\/portal\/e-o-que-o-trabalhador-tem-a-ver-com-a-privatizacao-do-serpro-e-dataprev\/\" \/>\n<meta property=\"og:site_name\" content=\"SINDICOM\" \/>\n<meta property=\"article:published_time\" content=\"2020-01-07T17:44:52+00:00\" \/>\n<meta property=\"article:modified_time\" content=\"2020-01-07T18:28:51+00:00\" \/>\n<meta property=\"og:image\" content=\"https:\/\/sindicomdf.com.br\/portal\/wp-content\/uploads\/2020\/01\/systemuploadsckarte20rima20serpro-491x873xfit-f9b14.jpeg\" \/>\n\t<meta property=\"og:image:width\" content=\"491\" \/>\n\t<meta property=\"og:image:height\" content=\"873\" \/>\n\t<meta property=\"og:image:type\" content=\"image\/jpeg\" \/>\n<meta name=\"author\" content=\"Imprensa\" \/>\n<meta name=\"twitter:card\" content=\"summary_large_image\" \/>\n<meta name=\"twitter:label1\" content=\"Escrito por\" \/>\n\t<meta name=\"twitter:data1\" content=\"Imprensa\" \/>\n\t<meta name=\"twitter:label2\" content=\"Est. tempo de leitura\" \/>\n\t<meta name=\"twitter:data2\" content=\"5 minutos\" \/>\n<script type=\"application\/ld+json\" class=\"yoast-schema-graph\">{\"@context\":\"https:\/\/schema.org\",\"@graph\":[{\"@type\":\"WebPage\",\"@id\":\"https:\/\/sindicomdf.com.br\/portal\/e-o-que-o-trabalhador-tem-a-ver-com-a-privatizacao-do-serpro-e-dataprev\/\",\"url\":\"https:\/\/sindicomdf.com.br\/portal\/e-o-que-o-trabalhador-tem-a-ver-com-a-privatizacao-do-serpro-e-dataprev\/\",\"name\":\"E o que o trabalhador tem a ver com a privatiza\u00e7\u00e3o do Serpro e DATAPREV? - SINDICOM\",\"isPartOf\":{\"@id\":\"https:\/\/sindicomdf.com.br\/portal\/#website\"},\"primaryImageOfPage\":{\"@id\":\"https:\/\/sindicomdf.com.br\/portal\/e-o-que-o-trabalhador-tem-a-ver-com-a-privatizacao-do-serpro-e-dataprev\/#primaryimage\"},\"image\":{\"@id\":\"https:\/\/sindicomdf.com.br\/portal\/e-o-que-o-trabalhador-tem-a-ver-com-a-privatizacao-do-serpro-e-dataprev\/#primaryimage\"},\"thumbnailUrl\":\"https:\/\/sindicomdf.com.br\/portal\/wp-content\/uploads\/2020\/01\/systemuploadsckarte20rima20serpro-491x873xfit-f9b14.jpeg\",\"datePublished\":\"2020-01-07T17:44:52+00:00\",\"dateModified\":\"2020-01-07T18:28:51+00:00\",\"author\":{\"@id\":\"https:\/\/sindicomdf.com.br\/portal\/#\/schema\/person\/09372242e78b757907e33fe5db53d205\"},\"breadcrumb\":{\"@id\":\"https:\/\/sindicomdf.com.br\/portal\/e-o-que-o-trabalhador-tem-a-ver-com-a-privatizacao-do-serpro-e-dataprev\/#breadcrumb\"},\"inLanguage\":\"pt-BR\",\"potentialAction\":[{\"@type\":\"ReadAction\",\"target\":[\"https:\/\/sindicomdf.com.br\/portal\/e-o-que-o-trabalhador-tem-a-ver-com-a-privatizacao-do-serpro-e-dataprev\/\"]}]},{\"@type\":\"ImageObject\",\"inLanguage\":\"pt-BR\",\"@id\":\"https:\/\/sindicomdf.com.br\/portal\/e-o-que-o-trabalhador-tem-a-ver-com-a-privatizacao-do-serpro-e-dataprev\/#primaryimage\",\"url\":\"https:\/\/sindicomdf.com.br\/portal\/wp-content\/uploads\/2020\/01\/systemuploadsckarte20rima20serpro-491x873xfit-f9b14.jpeg\",\"contentUrl\":\"https:\/\/sindicomdf.com.br\/portal\/wp-content\/uploads\/2020\/01\/systemuploadsckarte20rima20serpro-491x873xfit-f9b14.jpeg\",\"width\":491,\"height\":873},{\"@type\":\"BreadcrumbList\",\"@id\":\"https:\/\/sindicomdf.com.br\/portal\/e-o-que-o-trabalhador-tem-a-ver-com-a-privatizacao-do-serpro-e-dataprev\/#breadcrumb\",\"itemListElement\":[{\"@type\":\"ListItem\",\"position\":1,\"name\":\"In\u00edcio\",\"item\":\"https:\/\/sindicomdf.com.br\/portal\/\"},{\"@type\":\"ListItem\",\"position\":2,\"name\":\"E o que o trabalhador tem a ver com a privatiza\u00e7\u00e3o do Serpro e DATAPREV?\"}]},{\"@type\":\"WebSite\",\"@id\":\"https:\/\/sindicomdf.com.br\/portal\/#website\",\"url\":\"https:\/\/sindicomdf.com.br\/portal\/\",\"name\":\"SINDICOM\",\"description\":\"Sindicato dos Empregados no Com\u00e9rcio do DF\",\"potentialAction\":[{\"@type\":\"SearchAction\",\"target\":{\"@type\":\"EntryPoint\",\"urlTemplate\":\"https:\/\/sindicomdf.com.br\/portal\/?s={search_term_string}\"},\"query-input\":{\"@type\":\"PropertyValueSpecification\",\"valueRequired\":true,\"valueName\":\"search_term_string\"}}],\"inLanguage\":\"pt-BR\"},{\"@type\":\"Person\",\"@id\":\"https:\/\/sindicomdf.com.br\/portal\/#\/schema\/person\/09372242e78b757907e33fe5db53d205\",\"name\":\"Imprensa\",\"image\":{\"@type\":\"ImageObject\",\"inLanguage\":\"pt-BR\",\"@id\":\"https:\/\/sindicomdf.com.br\/portal\/#\/schema\/person\/image\/\",\"url\":\"https:\/\/secure.gravatar.com\/avatar\/060ac8086a7131ef4b79f847ca8f7acd57811aa2a477aca1d2a09b88754dd9de?s=96&d=mm&r=g\",\"contentUrl\":\"https:\/\/secure.gravatar.com\/avatar\/060ac8086a7131ef4b79f847ca8f7acd57811aa2a477aca1d2a09b88754dd9de?s=96&d=mm&r=g\",\"caption\":\"Imprensa\"},\"url\":\"https:\/\/sindicomdf.com.br\/portal\/author\/imprensa\/\"}]}<\/script>\n<!-- \/ Yoast SEO plugin. -->","yoast_head_json":{"title":"E o que o trabalhador tem a ver com a privatiza\u00e7\u00e3o do Serpro e DATAPREV? - SINDICOM","robots":{"index":"index","follow":"follow","max-snippet":"max-snippet:-1","max-image-preview":"max-image-preview:large","max-video-preview":"max-video-preview:-1"},"canonical":"https:\/\/sindicomdf.com.br\/portal\/e-o-que-o-trabalhador-tem-a-ver-com-a-privatizacao-do-serpro-e-dataprev\/","og_locale":"pt_BR","og_type":"article","og_title":"E o que o trabalhador tem a ver com a privatiza\u00e7\u00e3o do Serpro e DATAPREV? - SINDICOM","og_description":"&nbsp; A privatiza\u00e7\u00e3o do Serpro e da Dataprev, respons\u00e1veis por dados sigilosos do governo e de todos os brasileiros, coloca em risco o pa\u00eds e a sua vida. Saiba como Seus dados confidenciais poder\u00e3o ficar nas m\u00e3os de empresas privadas e estrangeiras caso o governo de Jair Bolsonaro cumpra a promessa de privatizar a Empresa [&hellip;]","og_url":"https:\/\/sindicomdf.com.br\/portal\/e-o-que-o-trabalhador-tem-a-ver-com-a-privatizacao-do-serpro-e-dataprev\/","og_site_name":"SINDICOM","article_published_time":"2020-01-07T17:44:52+00:00","article_modified_time":"2020-01-07T18:28:51+00:00","og_image":[{"width":491,"height":873,"url":"https:\/\/sindicomdf.com.br\/portal\/wp-content\/uploads\/2020\/01\/systemuploadsckarte20rima20serpro-491x873xfit-f9b14.jpeg","type":"image\/jpeg"}],"author":"Imprensa","twitter_card":"summary_large_image","twitter_misc":{"Escrito por":"Imprensa","Est. tempo de leitura":"5 minutos"},"schema":{"@context":"https:\/\/schema.org","@graph":[{"@type":"WebPage","@id":"https:\/\/sindicomdf.com.br\/portal\/e-o-que-o-trabalhador-tem-a-ver-com-a-privatizacao-do-serpro-e-dataprev\/","url":"https:\/\/sindicomdf.com.br\/portal\/e-o-que-o-trabalhador-tem-a-ver-com-a-privatizacao-do-serpro-e-dataprev\/","name":"E o que o trabalhador tem a ver com a privatiza\u00e7\u00e3o do Serpro e DATAPREV? - SINDICOM","isPartOf":{"@id":"https:\/\/sindicomdf.com.br\/portal\/#website"},"primaryImageOfPage":{"@id":"https:\/\/sindicomdf.com.br\/portal\/e-o-que-o-trabalhador-tem-a-ver-com-a-privatizacao-do-serpro-e-dataprev\/#primaryimage"},"image":{"@id":"https:\/\/sindicomdf.com.br\/portal\/e-o-que-o-trabalhador-tem-a-ver-com-a-privatizacao-do-serpro-e-dataprev\/#primaryimage"},"thumbnailUrl":"https:\/\/sindicomdf.com.br\/portal\/wp-content\/uploads\/2020\/01\/systemuploadsckarte20rima20serpro-491x873xfit-f9b14.jpeg","datePublished":"2020-01-07T17:44:52+00:00","dateModified":"2020-01-07T18:28:51+00:00","author":{"@id":"https:\/\/sindicomdf.com.br\/portal\/#\/schema\/person\/09372242e78b757907e33fe5db53d205"},"breadcrumb":{"@id":"https:\/\/sindicomdf.com.br\/portal\/e-o-que-o-trabalhador-tem-a-ver-com-a-privatizacao-do-serpro-e-dataprev\/#breadcrumb"},"inLanguage":"pt-BR","potentialAction":[{"@type":"ReadAction","target":["https:\/\/sindicomdf.com.br\/portal\/e-o-que-o-trabalhador-tem-a-ver-com-a-privatizacao-do-serpro-e-dataprev\/"]}]},{"@type":"ImageObject","inLanguage":"pt-BR","@id":"https:\/\/sindicomdf.com.br\/portal\/e-o-que-o-trabalhador-tem-a-ver-com-a-privatizacao-do-serpro-e-dataprev\/#primaryimage","url":"https:\/\/sindicomdf.com.br\/portal\/wp-content\/uploads\/2020\/01\/systemuploadsckarte20rima20serpro-491x873xfit-f9b14.jpeg","contentUrl":"https:\/\/sindicomdf.com.br\/portal\/wp-content\/uploads\/2020\/01\/systemuploadsckarte20rima20serpro-491x873xfit-f9b14.jpeg","width":491,"height":873},{"@type":"BreadcrumbList","@id":"https:\/\/sindicomdf.com.br\/portal\/e-o-que-o-trabalhador-tem-a-ver-com-a-privatizacao-do-serpro-e-dataprev\/#breadcrumb","itemListElement":[{"@type":"ListItem","position":1,"name":"In\u00edcio","item":"https:\/\/sindicomdf.com.br\/portal\/"},{"@type":"ListItem","position":2,"name":"E o que o trabalhador tem a ver com a privatiza\u00e7\u00e3o do Serpro e DATAPREV?"}]},{"@type":"WebSite","@id":"https:\/\/sindicomdf.com.br\/portal\/#website","url":"https:\/\/sindicomdf.com.br\/portal\/","name":"SINDICOM","description":"Sindicato dos Empregados no Com\u00e9rcio do DF","potentialAction":[{"@type":"SearchAction","target":{"@type":"EntryPoint","urlTemplate":"https:\/\/sindicomdf.com.br\/portal\/?s={search_term_string}"},"query-input":{"@type":"PropertyValueSpecification","valueRequired":true,"valueName":"search_term_string"}}],"inLanguage":"pt-BR"},{"@type":"Person","@id":"https:\/\/sindicomdf.com.br\/portal\/#\/schema\/person\/09372242e78b757907e33fe5db53d205","name":"Imprensa","image":{"@type":"ImageObject","inLanguage":"pt-BR","@id":"https:\/\/sindicomdf.com.br\/portal\/#\/schema\/person\/image\/","url":"https:\/\/secure.gravatar.com\/avatar\/060ac8086a7131ef4b79f847ca8f7acd57811aa2a477aca1d2a09b88754dd9de?s=96&d=mm&r=g","contentUrl":"https:\/\/secure.gravatar.com\/avatar\/060ac8086a7131ef4b79f847ca8f7acd57811aa2a477aca1d2a09b88754dd9de?s=96&d=mm&r=g","caption":"Imprensa"},"url":"https:\/\/sindicomdf.com.br\/portal\/author\/imprensa\/"}]}},"_links":{"self":[{"href":"https:\/\/sindicomdf.com.br\/portal\/wp-json\/wp\/v2\/posts\/7969","targetHints":{"allow":["GET"]}}],"collection":[{"href":"https:\/\/sindicomdf.com.br\/portal\/wp-json\/wp\/v2\/posts"}],"about":[{"href":"https:\/\/sindicomdf.com.br\/portal\/wp-json\/wp\/v2\/types\/post"}],"author":[{"embeddable":true,"href":"https:\/\/sindicomdf.com.br\/portal\/wp-json\/wp\/v2\/users\/3"}],"replies":[{"embeddable":true,"href":"https:\/\/sindicomdf.com.br\/portal\/wp-json\/wp\/v2\/comments?post=7969"}],"version-history":[{"count":1,"href":"https:\/\/sindicomdf.com.br\/portal\/wp-json\/wp\/v2\/posts\/7969\/revisions"}],"predecessor-version":[{"id":7971,"href":"https:\/\/sindicomdf.com.br\/portal\/wp-json\/wp\/v2\/posts\/7969\/revisions\/7971"}],"wp:featuredmedia":[{"embeddable":true,"href":"https:\/\/sindicomdf.com.br\/portal\/wp-json\/wp\/v2\/media\/7970"}],"wp:attachment":[{"href":"https:\/\/sindicomdf.com.br\/portal\/wp-json\/wp\/v2\/media?parent=7969"}],"wp:term":[{"taxonomy":"category","embeddable":true,"href":"https:\/\/sindicomdf.com.br\/portal\/wp-json\/wp\/v2\/categories?post=7969"},{"taxonomy":"post_tag","embeddable":true,"href":"https:\/\/sindicomdf.com.br\/portal\/wp-json\/wp\/v2\/tags?post=7969"}],"curies":[{"name":"wp","href":"https:\/\/api.w.org\/{rel}","templated":true}]}}