{"id":7815,"date":"2019-09-17T19:59:37","date_gmt":"2019-09-17T19:59:37","guid":{"rendered":"https:\/\/sindicomdf.com.br\/portal\/?p=7815"},"modified":"2019-09-17T20:00:13","modified_gmt":"2019-09-17T20:00:13","slug":"brics-discute-o-futuro-do-trabalho-em-brasilia","status":"publish","type":"post","link":"https:\/\/sindicomdf.com.br\/portal\/brics-discute-o-futuro-do-trabalho-em-brasilia\/","title":{"rendered":"Brics discute o futuro do trabalho, em Bras\u00edlia"},"content":{"rendered":"<p>Encontro re\u00fane ministros do trabalho dos pa\u00edses do bloco econ\u00f4mico e representantes sindicais. Para Antonio Lisboa, debate \u00e9 importante para que se reconhe\u00e7a o Brics Sindical e dar voz aos trabalhadores<\/p>\n<p>Bras\u00edlia sedia um encontro para\u00a0<em>discutir \u201co presente e o futuro do emprego e trabalho<\/em>\u201d, com ministros do trabalho e sindicalistas dos cinco pa\u00edses que comp\u00f5em o Brics: Brasil, R\u00fassia, \u00cdndia ,China e \u00c1frica do Sul.<\/p>\n<p>O debate que teve in\u00edcio nesta segunda-feira (16) e vai at\u00e9 a pr\u00f3xima sexta-feira (20), vem num momento importante, j\u00e1 que o Brasil ocupa temporariamente a presid\u00eancia do Brics , durante os preparativos para a sua XI C\u00fapula.<\/p>\n<p>Para o secret\u00e1rio de Rela\u00e7\u00f5es Internacionais da CUT, Antonio Lisboa , esse debate \u00e9 importante para que se reconhe\u00e7a o Brics Sindical, para que a voz dos trabalhadores e das trabalhadoras seja ouvida, num momento em que o Brasil n\u00e3o tem, sequer, ministro do Trabalho, e quem cuida da \u00e1rea \u00e9 uma subsecretaria da Secretaria do Trabalho, ligada ao Minist\u00e9rio da Economia.<\/p>\n<p>\u201cO que queremos \u00e9 o reconhecimento na pr\u00e1tica do f\u00f3rum sindical para exigir a\u00a0 manuten\u00e7\u00e3o dos nossos direitos, que t\u00eam sido retirados pelo governo brasileiro, a negocia\u00e7\u00e3o coletiva com os pa\u00edses do bloco e elaborar pol\u00edticas p\u00fablicas\u201d ,afirma o secret\u00e1rio da CUT.<\/p>\n<p>Em Bras\u00edlia, est\u00e3o sendo realizados o f\u00f3rum de empres\u00e1rios e o f\u00f3rum sindical, em paralelo ao encontro dos ministros do trabalho.<\/p>\n<p>\u201cO Brics conta ainda com os f\u00f3runs acad\u00eamico, da juventude , que t\u00eam participa\u00e7\u00e3o efetiva na elabora\u00e7\u00e3o de propostas para o bloco econ\u00f4mico e, sem reconhecimento oficial do f\u00f3rum sindical n\u00e3o poderemos agir diretamente e intervir na formula\u00e7\u00e3o de propostas para a defini\u00e7\u00e3o de onde aplicar os recursos, por exemplo\u201d, diz Antonio Lisboa.<\/p>\n<p>Apesar do bloco ser heterog\u00eaneo do ponto de vista econ\u00f4mico, cultural e pol\u00edtico, os pa\u00edses que o comp\u00f5em tem em comum a precariza\u00e7\u00e3o do trabalho, em fun\u00e7\u00e3o das novas tecnologias e nos direitos laborais.<\/p>\n<p>\u201cOs modelos de produ\u00e7\u00e3o e da industrializa\u00e7\u00e3o geram pontos em comum aos trabalhadores. Precisamos discutir como o crescimento desses pa\u00edses ir\u00e1 gerar melhores condi\u00e7\u00f5es de vida e de trabalho\u201d, analisa o dirigente da CUT.<\/p>\n<p>A discuss\u00e3o em Bras\u00edlia envolve t\u00e9cnicos das na\u00e7\u00f5es integrantes do grupo; depois, ministros e vice-ministros. S\u00e3o quatro os temas de discuss\u00e3o: governan\u00e7a de dados do mercado de trabalho; futuro do trabalho inclusivo; liberaliza\u00e7\u00e3o do mercado e o impacto nos mercados de trabalho do Brics; e promo\u00e7\u00e3o de melhores condi\u00e7\u00f5es de trabalho para um sistema de seguridade social sustent\u00e1vel.<\/p>\n<p><strong>Subordina\u00e7\u00e3o do governo Bolsonaro aos EUA p\u00f5e em risco futuro do Brics<\/strong><\/p>\n<p>O futuro do bloco econ\u00f4mico formado por Brasil, R\u00fassia, \u00cdndia, China e \u00c1frica do Sul (Brics) pode estar em risco se o governo de Jair Bolsonaro (PSL) continuar a ser subserviente aos interesses dos Estados Unidos e atacar por motivos ideol\u00f3gicos parceiros comerciais do pa\u00eds, como a China e R\u00fassia. A afirma\u00e7\u00e3o \u00e9 do secret\u00e1rio de Rela\u00e7\u00f5es Internacionais da CUT, Antonio Lisboa, ao criticar a postura do governo, que ignora a import\u00e2ncia do bloco econ\u00f4mico criado em 2006.<\/p>\n<p>\u201cSe voc\u00ea tem um bloco formado por pa\u00edses que t\u00eam uma grande capacidade de mercado consumido, com desenvolvimento tecnol\u00f3gico, grandes parques industriais como a R\u00fassia e a \u00cdndia e ainda tem a China, a segunda maior economia do mundo, voc\u00ea tem de fortalecer o com\u00e9rcio entre esses mercados\u201d, diz Lisboa, que diz ainda que os cinco pa\u00edses do Brics s\u00e3o, juntos, respons\u00e1veis por 23% do Produto Interno Bruto (PIB) e 18% do com\u00e9rcio mundiais, al\u00e9m de representarem 42% da popula\u00e7\u00e3o do planeta, 45% da for\u00e7a de trabalho e 30% do territ\u00f3rio.<\/p>\n<p>Lisboa lembra que a cria\u00e7\u00e3o do bloco, durante o governo Lula, veio da compreens\u00e3o de um governo progressista que valorizava as rela\u00e7\u00f5es multilaterais de com\u00e9rcio e estrat\u00e9gicas com os pa\u00edses do sul do mundo.<\/p>\n<p>\u201c\u00c9 um mercado enorme com produ\u00e7\u00e3o de tecnologia das mais diversas \u00e1reas e com esse entendimento de interesse comercial, de coopera\u00e7\u00e3o t\u00e9cnica que o Brics foi efetivado\u201d, conta o dirigente.<\/p>\n<p><strong>BRICS<\/strong><\/p>\n<p>BRIC, no in\u00edcio, era apenas uma classifica\u00e7\u00e3o utilizada por economistas e cientistas pol\u00edticos para designar um grupo de pa\u00edses com caracter\u00edsticas econ\u00f4micas em comum, que levava as iniciais dos quatro pa\u00edses considerados emergentes: Brasil, R\u00fassia e \u00cdndia. A \u00c1frica do Sul foi incorporada em 2011, o que modificou a sigla para BRICS (o S vem do ingl\u00eas South Africa).<\/p>\n<p>As tratativas para a sua cria\u00e7\u00e3o tiveram in\u00edcio em 2006, durante o primeiro mandato do ex-presidente Lula, numa reuni\u00e3o de trabalho entre os chanceleres dos quatro pa\u00edses \u00e0 margem da Assembleia Geral das Na\u00e7\u00f5es Unidas (ONU), que decidiram dar um car\u00e1ter diplom\u00e1tico a essa express\u00e3o, propiciando a realiza\u00e7\u00e3o de a\u00e7\u00f5es econ\u00f4micas coletivas por parte desses pa\u00edses, bem como uma maior comunica\u00e7\u00e3o entre eles.<\/p>\n<p>Em 2015 foi criado o Novo Banco de Desenvolvimento (NBD), para oferecer cr\u00e9dito a projetos de infraestrutura e desenvolvimento sustent\u00e1vel nos BRICS e em outros pa\u00edses em desenvolvimento, o NDB aprovou, entre 2016 e 2018, 30 projetos num total de US$ 8,1 bilh\u00f5es.<\/p>\n<p>Nos tr\u00eas primeiros anos de opera\u00e7\u00e3o da institui\u00e7\u00e3o, foram aprovados quatro projetos brasileiros que abrangem as \u00e1reas de energia renov\u00e1vel (e\u00f3lica, solar e hidrel\u00e9trica), constru\u00e7\u00e3o de estradas, reconstru\u00e7\u00e3o de rodovia f\u00e9rrea, esgotamento sanit\u00e1rio, telecomunica\u00e7\u00f5es e refinarias da Petrobras.<\/p>\n<p>&nbsp;<\/p>\n<p>Fonte: Cut Bras\u00edlia<\/p>\n","protected":false},"excerpt":{"rendered":"<p>Encontro re\u00fane ministros do trabalho dos pa\u00edses do bloco econ\u00f4mico e representantes sindicais. Para Antonio Lisboa, debate \u00e9 importante para que se reconhe\u00e7a o Brics Sindical e dar voz aos trabalhadores Bras\u00edlia sedia um encontro para\u00a0discutir \u201co presente e o futuro do emprego e trabalho\u201d, com ministros do trabalho e sindicalistas dos cinco pa\u00edses que [&hellip;]<\/p>\n","protected":false},"author":3,"featured_media":7816,"comment_status":"open","ping_status":"open","sticky":false,"template":"","format":"standard","meta":{"_bbp_topic_count":0,"_bbp_reply_count":0,"_bbp_total_topic_count":0,"_bbp_total_reply_count":0,"_bbp_voice_count":0,"_bbp_anonymous_reply_count":0,"_bbp_topic_count_hidden":0,"_bbp_reply_count_hidden":0,"_bbp_forum_subforum_count":0,"footnotes":""},"categories":[2,5,3,7],"tags":[],"class_list":{"0":"post-7815","1":"post","2":"type-post","3":"status-publish","4":"format-standard","5":"has-post-thumbnail","7":"category-destaque","8":"category-economia","9":"category-luta-sindical","10":"category-politica"},"yoast_head":"<!-- This site is optimized with the Yoast SEO plugin v23.7 - https:\/\/yoast.com\/wordpress\/plugins\/seo\/ -->\n<title>Brics discute o futuro do trabalho, em Bras\u00edlia - SINDICOM<\/title>\n<meta name=\"robots\" content=\"index, follow, max-snippet:-1, max-image-preview:large, max-video-preview:-1\" \/>\n<link rel=\"canonical\" href=\"https:\/\/sindicomdf.com.br\/portal\/brics-discute-o-futuro-do-trabalho-em-brasilia\/\" \/>\n<meta property=\"og:locale\" content=\"pt_BR\" \/>\n<meta property=\"og:type\" content=\"article\" \/>\n<meta property=\"og:title\" content=\"Brics discute o futuro do trabalho, em Bras\u00edlia - SINDICOM\" \/>\n<meta property=\"og:description\" content=\"Encontro re\u00fane ministros do trabalho dos pa\u00edses do bloco econ\u00f4mico e representantes sindicais. Para Antonio Lisboa, debate \u00e9 importante para que se reconhe\u00e7a o Brics Sindical e dar voz aos trabalhadores Bras\u00edlia sedia um encontro para\u00a0discutir \u201co presente e o futuro do emprego e trabalho\u201d, com ministros do trabalho e sindicalistas dos cinco pa\u00edses que [&hellip;]\" \/>\n<meta property=\"og:url\" content=\"https:\/\/sindicomdf.com.br\/portal\/brics-discute-o-futuro-do-trabalho-em-brasilia\/\" \/>\n<meta property=\"og:site_name\" content=\"SINDICOM\" \/>\n<meta property=\"article:published_time\" content=\"2019-09-17T19:59:37+00:00\" \/>\n<meta property=\"article:modified_time\" content=\"2019-09-17T20:00:13+00:00\" \/>\n<meta property=\"og:image\" content=\"https:\/\/sindicomdf.com.br\/portal\/wp-content\/uploads\/2019\/09\/Brics-sindical.jpeg\" \/>\n\t<meta property=\"og:image:width\" content=\"700\" \/>\n\t<meta property=\"og:image:height\" content=\"460\" \/>\n\t<meta property=\"og:image:type\" content=\"image\/jpeg\" \/>\n<meta name=\"author\" content=\"Imprensa\" \/>\n<meta name=\"twitter:card\" content=\"summary_large_image\" \/>\n<meta name=\"twitter:label1\" content=\"Escrito por\" \/>\n\t<meta name=\"twitter:data1\" content=\"Imprensa\" \/>\n\t<meta name=\"twitter:label2\" content=\"Est. tempo de leitura\" \/>\n\t<meta name=\"twitter:data2\" content=\"5 minutos\" \/>\n<script type=\"application\/ld+json\" class=\"yoast-schema-graph\">{\"@context\":\"https:\/\/schema.org\",\"@graph\":[{\"@type\":\"WebPage\",\"@id\":\"https:\/\/sindicomdf.com.br\/portal\/brics-discute-o-futuro-do-trabalho-em-brasilia\/\",\"url\":\"https:\/\/sindicomdf.com.br\/portal\/brics-discute-o-futuro-do-trabalho-em-brasilia\/\",\"name\":\"Brics discute o futuro do trabalho, em Bras\u00edlia - SINDICOM\",\"isPartOf\":{\"@id\":\"https:\/\/sindicomdf.com.br\/portal\/#website\"},\"primaryImageOfPage\":{\"@id\":\"https:\/\/sindicomdf.com.br\/portal\/brics-discute-o-futuro-do-trabalho-em-brasilia\/#primaryimage\"},\"image\":{\"@id\":\"https:\/\/sindicomdf.com.br\/portal\/brics-discute-o-futuro-do-trabalho-em-brasilia\/#primaryimage\"},\"thumbnailUrl\":\"https:\/\/sindicomdf.com.br\/portal\/wp-content\/uploads\/2019\/09\/Brics-sindical.jpeg\",\"datePublished\":\"2019-09-17T19:59:37+00:00\",\"dateModified\":\"2019-09-17T20:00:13+00:00\",\"author\":{\"@id\":\"https:\/\/sindicomdf.com.br\/portal\/#\/schema\/person\/09372242e78b757907e33fe5db53d205\"},\"breadcrumb\":{\"@id\":\"https:\/\/sindicomdf.com.br\/portal\/brics-discute-o-futuro-do-trabalho-em-brasilia\/#breadcrumb\"},\"inLanguage\":\"pt-BR\",\"potentialAction\":[{\"@type\":\"ReadAction\",\"target\":[\"https:\/\/sindicomdf.com.br\/portal\/brics-discute-o-futuro-do-trabalho-em-brasilia\/\"]}]},{\"@type\":\"ImageObject\",\"inLanguage\":\"pt-BR\",\"@id\":\"https:\/\/sindicomdf.com.br\/portal\/brics-discute-o-futuro-do-trabalho-em-brasilia\/#primaryimage\",\"url\":\"https:\/\/sindicomdf.com.br\/portal\/wp-content\/uploads\/2019\/09\/Brics-sindical.jpeg\",\"contentUrl\":\"https:\/\/sindicomdf.com.br\/portal\/wp-content\/uploads\/2019\/09\/Brics-sindical.jpeg\",\"width\":700,\"height\":460},{\"@type\":\"BreadcrumbList\",\"@id\":\"https:\/\/sindicomdf.com.br\/portal\/brics-discute-o-futuro-do-trabalho-em-brasilia\/#breadcrumb\",\"itemListElement\":[{\"@type\":\"ListItem\",\"position\":1,\"name\":\"In\u00edcio\",\"item\":\"https:\/\/sindicomdf.com.br\/portal\/\"},{\"@type\":\"ListItem\",\"position\":2,\"name\":\"Brics discute o futuro do trabalho, em Bras\u00edlia\"}]},{\"@type\":\"WebSite\",\"@id\":\"https:\/\/sindicomdf.com.br\/portal\/#website\",\"url\":\"https:\/\/sindicomdf.com.br\/portal\/\",\"name\":\"SINDICOM\",\"description\":\"Sindicato dos Empregados no Com\u00e9rcio do DF\",\"potentialAction\":[{\"@type\":\"SearchAction\",\"target\":{\"@type\":\"EntryPoint\",\"urlTemplate\":\"https:\/\/sindicomdf.com.br\/portal\/?s={search_term_string}\"},\"query-input\":{\"@type\":\"PropertyValueSpecification\",\"valueRequired\":true,\"valueName\":\"search_term_string\"}}],\"inLanguage\":\"pt-BR\"},{\"@type\":\"Person\",\"@id\":\"https:\/\/sindicomdf.com.br\/portal\/#\/schema\/person\/09372242e78b757907e33fe5db53d205\",\"name\":\"Imprensa\",\"image\":{\"@type\":\"ImageObject\",\"inLanguage\":\"pt-BR\",\"@id\":\"https:\/\/sindicomdf.com.br\/portal\/#\/schema\/person\/image\/\",\"url\":\"https:\/\/secure.gravatar.com\/avatar\/060ac8086a7131ef4b79f847ca8f7acd57811aa2a477aca1d2a09b88754dd9de?s=96&d=mm&r=g\",\"contentUrl\":\"https:\/\/secure.gravatar.com\/avatar\/060ac8086a7131ef4b79f847ca8f7acd57811aa2a477aca1d2a09b88754dd9de?s=96&d=mm&r=g\",\"caption\":\"Imprensa\"},\"url\":\"https:\/\/sindicomdf.com.br\/portal\/author\/imprensa\/\"}]}<\/script>\n<!-- \/ Yoast SEO plugin. -->","yoast_head_json":{"title":"Brics discute o futuro do trabalho, em Bras\u00edlia - SINDICOM","robots":{"index":"index","follow":"follow","max-snippet":"max-snippet:-1","max-image-preview":"max-image-preview:large","max-video-preview":"max-video-preview:-1"},"canonical":"https:\/\/sindicomdf.com.br\/portal\/brics-discute-o-futuro-do-trabalho-em-brasilia\/","og_locale":"pt_BR","og_type":"article","og_title":"Brics discute o futuro do trabalho, em Bras\u00edlia - SINDICOM","og_description":"Encontro re\u00fane ministros do trabalho dos pa\u00edses do bloco econ\u00f4mico e representantes sindicais. Para Antonio Lisboa, debate \u00e9 importante para que se reconhe\u00e7a o Brics Sindical e dar voz aos trabalhadores Bras\u00edlia sedia um encontro para\u00a0discutir \u201co presente e o futuro do emprego e trabalho\u201d, com ministros do trabalho e sindicalistas dos cinco pa\u00edses que [&hellip;]","og_url":"https:\/\/sindicomdf.com.br\/portal\/brics-discute-o-futuro-do-trabalho-em-brasilia\/","og_site_name":"SINDICOM","article_published_time":"2019-09-17T19:59:37+00:00","article_modified_time":"2019-09-17T20:00:13+00:00","og_image":[{"width":700,"height":460,"url":"https:\/\/sindicomdf.com.br\/portal\/wp-content\/uploads\/2019\/09\/Brics-sindical.jpeg","type":"image\/jpeg"}],"author":"Imprensa","twitter_card":"summary_large_image","twitter_misc":{"Escrito por":"Imprensa","Est. tempo de leitura":"5 minutos"},"schema":{"@context":"https:\/\/schema.org","@graph":[{"@type":"WebPage","@id":"https:\/\/sindicomdf.com.br\/portal\/brics-discute-o-futuro-do-trabalho-em-brasilia\/","url":"https:\/\/sindicomdf.com.br\/portal\/brics-discute-o-futuro-do-trabalho-em-brasilia\/","name":"Brics discute o futuro do trabalho, em Bras\u00edlia - SINDICOM","isPartOf":{"@id":"https:\/\/sindicomdf.com.br\/portal\/#website"},"primaryImageOfPage":{"@id":"https:\/\/sindicomdf.com.br\/portal\/brics-discute-o-futuro-do-trabalho-em-brasilia\/#primaryimage"},"image":{"@id":"https:\/\/sindicomdf.com.br\/portal\/brics-discute-o-futuro-do-trabalho-em-brasilia\/#primaryimage"},"thumbnailUrl":"https:\/\/sindicomdf.com.br\/portal\/wp-content\/uploads\/2019\/09\/Brics-sindical.jpeg","datePublished":"2019-09-17T19:59:37+00:00","dateModified":"2019-09-17T20:00:13+00:00","author":{"@id":"https:\/\/sindicomdf.com.br\/portal\/#\/schema\/person\/09372242e78b757907e33fe5db53d205"},"breadcrumb":{"@id":"https:\/\/sindicomdf.com.br\/portal\/brics-discute-o-futuro-do-trabalho-em-brasilia\/#breadcrumb"},"inLanguage":"pt-BR","potentialAction":[{"@type":"ReadAction","target":["https:\/\/sindicomdf.com.br\/portal\/brics-discute-o-futuro-do-trabalho-em-brasilia\/"]}]},{"@type":"ImageObject","inLanguage":"pt-BR","@id":"https:\/\/sindicomdf.com.br\/portal\/brics-discute-o-futuro-do-trabalho-em-brasilia\/#primaryimage","url":"https:\/\/sindicomdf.com.br\/portal\/wp-content\/uploads\/2019\/09\/Brics-sindical.jpeg","contentUrl":"https:\/\/sindicomdf.com.br\/portal\/wp-content\/uploads\/2019\/09\/Brics-sindical.jpeg","width":700,"height":460},{"@type":"BreadcrumbList","@id":"https:\/\/sindicomdf.com.br\/portal\/brics-discute-o-futuro-do-trabalho-em-brasilia\/#breadcrumb","itemListElement":[{"@type":"ListItem","position":1,"name":"In\u00edcio","item":"https:\/\/sindicomdf.com.br\/portal\/"},{"@type":"ListItem","position":2,"name":"Brics discute o futuro do trabalho, em Bras\u00edlia"}]},{"@type":"WebSite","@id":"https:\/\/sindicomdf.com.br\/portal\/#website","url":"https:\/\/sindicomdf.com.br\/portal\/","name":"SINDICOM","description":"Sindicato dos Empregados no Com\u00e9rcio do DF","potentialAction":[{"@type":"SearchAction","target":{"@type":"EntryPoint","urlTemplate":"https:\/\/sindicomdf.com.br\/portal\/?s={search_term_string}"},"query-input":{"@type":"PropertyValueSpecification","valueRequired":true,"valueName":"search_term_string"}}],"inLanguage":"pt-BR"},{"@type":"Person","@id":"https:\/\/sindicomdf.com.br\/portal\/#\/schema\/person\/09372242e78b757907e33fe5db53d205","name":"Imprensa","image":{"@type":"ImageObject","inLanguage":"pt-BR","@id":"https:\/\/sindicomdf.com.br\/portal\/#\/schema\/person\/image\/","url":"https:\/\/secure.gravatar.com\/avatar\/060ac8086a7131ef4b79f847ca8f7acd57811aa2a477aca1d2a09b88754dd9de?s=96&d=mm&r=g","contentUrl":"https:\/\/secure.gravatar.com\/avatar\/060ac8086a7131ef4b79f847ca8f7acd57811aa2a477aca1d2a09b88754dd9de?s=96&d=mm&r=g","caption":"Imprensa"},"url":"https:\/\/sindicomdf.com.br\/portal\/author\/imprensa\/"}]}},"_links":{"self":[{"href":"https:\/\/sindicomdf.com.br\/portal\/wp-json\/wp\/v2\/posts\/7815","targetHints":{"allow":["GET"]}}],"collection":[{"href":"https:\/\/sindicomdf.com.br\/portal\/wp-json\/wp\/v2\/posts"}],"about":[{"href":"https:\/\/sindicomdf.com.br\/portal\/wp-json\/wp\/v2\/types\/post"}],"author":[{"embeddable":true,"href":"https:\/\/sindicomdf.com.br\/portal\/wp-json\/wp\/v2\/users\/3"}],"replies":[{"embeddable":true,"href":"https:\/\/sindicomdf.com.br\/portal\/wp-json\/wp\/v2\/comments?post=7815"}],"version-history":[{"count":2,"href":"https:\/\/sindicomdf.com.br\/portal\/wp-json\/wp\/v2\/posts\/7815\/revisions"}],"predecessor-version":[{"id":7818,"href":"https:\/\/sindicomdf.com.br\/portal\/wp-json\/wp\/v2\/posts\/7815\/revisions\/7818"}],"wp:featuredmedia":[{"embeddable":true,"href":"https:\/\/sindicomdf.com.br\/portal\/wp-json\/wp\/v2\/media\/7816"}],"wp:attachment":[{"href":"https:\/\/sindicomdf.com.br\/portal\/wp-json\/wp\/v2\/media?parent=7815"}],"wp:term":[{"taxonomy":"category","embeddable":true,"href":"https:\/\/sindicomdf.com.br\/portal\/wp-json\/wp\/v2\/categories?post=7815"},{"taxonomy":"post_tag","embeddable":true,"href":"https:\/\/sindicomdf.com.br\/portal\/wp-json\/wp\/v2\/tags?post=7815"}],"curies":[{"name":"wp","href":"https:\/\/api.w.org\/{rel}","templated":true}]}}