{"id":6998,"date":"2017-07-06T17:41:36","date_gmt":"2017-07-06T17:41:36","guid":{"rendered":"http:\/\/sindicomdf.com.br\/portal\/?p=6998"},"modified":"2017-07-06T18:00:33","modified_gmt":"2017-07-06T18:00:33","slug":"mulheres-unidas-pelo-futuro-das-trabalhadoras","status":"publish","type":"post","link":"https:\/\/sindicomdf.com.br\/portal\/mulheres-unidas-pelo-futuro-das-trabalhadoras\/","title":{"rendered":"Mulheres unidas pelo futuro das trabalhadoras"},"content":{"rendered":"<p><span data-offset-key=\"39s4j-0-0\">Aconteceu, nos dias 28 e 29 de junho a VII Oficina da Rede de Mulheres Uni Am\u00e9rica Brasil com o tema Mulher e o futuro no mundo do trabalho: onde estamos e para onde vamos. A secretaria de pol\u00edtica para as mulheres estava presente, representada pela secret\u00e1ria Oneides Pacheco. \u00c9 a for\u00e7as mulheres unidas. Juntas somos mais fortes!<\/span><\/p>\n<p>&nbsp;<\/p>\n<p><span data-offset-key=\"39s4j-0-0\"> <a href=\"http:\/\/sindicomdf.com.br\/portal\/wp-content\/uploads\/2017\/07\/WhatsApp-Image-2017-07-04-at-15.40.42.jpeg\"><img loading=\"lazy\" decoding=\"async\" class=\"alignnone size-medium wp-image-7000\" src=\"http:\/\/sindicomdf.com.br\/portal\/wp-content\/uploads\/2017\/07\/WhatsApp-Image-2017-07-04-at-15.40.42-300x225.jpeg\" alt=\"\" width=\"300\" height=\"225\" srcset=\"https:\/\/sindicomdf.com.br\/portal\/wp-content\/uploads\/2017\/07\/WhatsApp-Image-2017-07-04-at-15.40.42-300x225.jpeg 300w, https:\/\/sindicomdf.com.br\/portal\/wp-content\/uploads\/2017\/07\/WhatsApp-Image-2017-07-04-at-15.40.42-768x576.jpeg 768w, https:\/\/sindicomdf.com.br\/portal\/wp-content\/uploads\/2017\/07\/WhatsApp-Image-2017-07-04-at-15.40.42-1024x768.jpeg 1024w, https:\/\/sindicomdf.com.br\/portal\/wp-content\/uploads\/2017\/07\/WhatsApp-Image-2017-07-04-at-15.40.42-45x35.jpeg 45w, https:\/\/sindicomdf.com.br\/portal\/wp-content\/uploads\/2017\/07\/WhatsApp-Image-2017-07-04-at-15.40.42.jpeg 1032w\" sizes=\"auto, (max-width: 300px) 100vw, 300px\" \/><\/a> <a href=\"http:\/\/sindicomdf.com.br\/portal\/wp-content\/uploads\/2017\/07\/WhatsApp-Image-2017-07-04-at-15.41.57.jpeg\"><img loading=\"lazy\" decoding=\"async\" class=\"alignnone size-medium wp-image-7001\" src=\"http:\/\/sindicomdf.com.br\/portal\/wp-content\/uploads\/2017\/07\/WhatsApp-Image-2017-07-04-at-15.41.57-300x225.jpeg\" alt=\"\" width=\"300\" height=\"225\" srcset=\"https:\/\/sindicomdf.com.br\/portal\/wp-content\/uploads\/2017\/07\/WhatsApp-Image-2017-07-04-at-15.41.57-300x225.jpeg 300w, https:\/\/sindicomdf.com.br\/portal\/wp-content\/uploads\/2017\/07\/WhatsApp-Image-2017-07-04-at-15.41.57-768x576.jpeg 768w, https:\/\/sindicomdf.com.br\/portal\/wp-content\/uploads\/2017\/07\/WhatsApp-Image-2017-07-04-at-15.41.57-1024x768.jpeg 1024w, https:\/\/sindicomdf.com.br\/portal\/wp-content\/uploads\/2017\/07\/WhatsApp-Image-2017-07-04-at-15.41.57-45x35.jpeg 45w, https:\/\/sindicomdf.com.br\/portal\/wp-content\/uploads\/2017\/07\/WhatsApp-Image-2017-07-04-at-15.41.57.jpeg 1032w\" sizes=\"auto, (max-width: 300px) 100vw, 300px\" \/><\/a><a href=\"http:\/\/sindicomdf.com.br\/portal\/wp-content\/uploads\/2017\/07\/WhatsApp-Image-2017-07-04-at-15.39.22.jpeg\"><img loading=\"lazy\" decoding=\"async\" class=\"alignnone size-medium wp-image-6999\" src=\"http:\/\/sindicomdf.com.br\/portal\/wp-content\/uploads\/2017\/07\/WhatsApp-Image-2017-07-04-at-15.39.22-300x169.jpeg\" alt=\"\" width=\"300\" height=\"169\" srcset=\"https:\/\/sindicomdf.com.br\/portal\/wp-content\/uploads\/2017\/07\/WhatsApp-Image-2017-07-04-at-15.39.22-300x169.jpeg 300w, https:\/\/sindicomdf.com.br\/portal\/wp-content\/uploads\/2017\/07\/WhatsApp-Image-2017-07-04-at-15.39.22-768x432.jpeg 768w, https:\/\/sindicomdf.com.br\/portal\/wp-content\/uploads\/2017\/07\/WhatsApp-Image-2017-07-04-at-15.39.22-1024x576.jpeg 1024w, https:\/\/sindicomdf.com.br\/portal\/wp-content\/uploads\/2017\/07\/WhatsApp-Image-2017-07-04-at-15.39.22.jpeg 1152w\" sizes=\"auto, (max-width: 300px) 100vw, 300px\" \/><\/a><\/span><\/p>\n","protected":false},"excerpt":{"rendered":"<p>Aconteceu, nos dias 28 e 29 de junho a VII Oficina da Rede de Mulheres Uni Am\u00e9rica Brasil com o tema Mulher e o futuro no mundo do trabalho: onde estamos e para onde vamos. A secretaria de pol\u00edtica para as mulheres estava presente, representada pela secret\u00e1ria Oneides Pacheco. \u00c9 a for\u00e7as mulheres unidas. Juntas [&hellip;]<\/p>\n","protected":false},"author":3,"featured_media":6999,"comment_status":"open","ping_status":"open","sticky":false,"template":"","format":"standard","meta":{"_bbp_topic_count":0,"_bbp_reply_count":0,"_bbp_total_topic_count":0,"_bbp_total_reply_count":0,"_bbp_voice_count":0,"_bbp_anonymous_reply_count":0,"_bbp_topic_count_hidden":0,"_bbp_reply_count_hidden":0,"_bbp_forum_subforum_count":0,"footnotes":""},"categories":[2,3,7],"tags":[],"class_list":{"0":"post-6998","1":"post","2":"type-post","3":"status-publish","4":"format-standard","5":"has-post-thumbnail","7":"category-destaque","8":"category-luta-sindical","9":"category-politica"},"yoast_head":"<!-- This site is optimized with the Yoast SEO plugin v23.7 - https:\/\/yoast.com\/wordpress\/plugins\/seo\/ -->\n<title>Mulheres unidas pelo futuro das trabalhadoras - SINDICOM<\/title>\n<meta name=\"robots\" content=\"index, follow, max-snippet:-1, max-image-preview:large, max-video-preview:-1\" \/>\n<link rel=\"canonical\" href=\"https:\/\/sindicomdf.com.br\/portal\/mulheres-unidas-pelo-futuro-das-trabalhadoras\/\" \/>\n<meta property=\"og:locale\" content=\"pt_BR\" \/>\n<meta property=\"og:type\" content=\"article\" \/>\n<meta property=\"og:title\" content=\"Mulheres unidas pelo futuro das trabalhadoras - SINDICOM\" \/>\n<meta property=\"og:description\" content=\"Aconteceu, nos dias 28 e 29 de junho a VII Oficina da Rede de Mulheres Uni Am\u00e9rica Brasil com o tema Mulher e o futuro no mundo do trabalho: onde estamos e para onde vamos. A secretaria de pol\u00edtica para as mulheres estava presente, representada pela secret\u00e1ria Oneides Pacheco. \u00c9 a for\u00e7as mulheres unidas. Juntas [&hellip;]\" \/>\n<meta property=\"og:url\" content=\"https:\/\/sindicomdf.com.br\/portal\/mulheres-unidas-pelo-futuro-das-trabalhadoras\/\" \/>\n<meta property=\"og:site_name\" content=\"SINDICOM\" \/>\n<meta property=\"article:published_time\" content=\"2017-07-06T17:41:36+00:00\" \/>\n<meta property=\"article:modified_time\" content=\"2017-07-06T18:00:33+00:00\" \/>\n<meta property=\"og:image\" content=\"https:\/\/sindicomdf.com.br\/portal\/wp-content\/uploads\/2017\/07\/WhatsApp-Image-2017-07-04-at-15.39.22.jpeg\" \/>\n\t<meta property=\"og:image:width\" content=\"1152\" \/>\n\t<meta property=\"og:image:height\" content=\"648\" \/>\n\t<meta property=\"og:image:type\" content=\"image\/jpeg\" \/>\n<meta name=\"author\" content=\"Imprensa\" \/>\n<meta name=\"twitter:card\" content=\"summary_large_image\" \/>\n<meta name=\"twitter:label1\" content=\"Escrito por\" \/>\n\t<meta name=\"twitter:data1\" content=\"Imprensa\" \/>\n<script type=\"application\/ld+json\" class=\"yoast-schema-graph\">{\"@context\":\"https:\/\/schema.org\",\"@graph\":[{\"@type\":\"WebPage\",\"@id\":\"https:\/\/sindicomdf.com.br\/portal\/mulheres-unidas-pelo-futuro-das-trabalhadoras\/\",\"url\":\"https:\/\/sindicomdf.com.br\/portal\/mulheres-unidas-pelo-futuro-das-trabalhadoras\/\",\"name\":\"Mulheres unidas pelo futuro das trabalhadoras - SINDICOM\",\"isPartOf\":{\"@id\":\"https:\/\/sindicomdf.com.br\/portal\/#website\"},\"primaryImageOfPage\":{\"@id\":\"https:\/\/sindicomdf.com.br\/portal\/mulheres-unidas-pelo-futuro-das-trabalhadoras\/#primaryimage\"},\"image\":{\"@id\":\"https:\/\/sindicomdf.com.br\/portal\/mulheres-unidas-pelo-futuro-das-trabalhadoras\/#primaryimage\"},\"thumbnailUrl\":\"https:\/\/sindicomdf.com.br\/portal\/wp-content\/uploads\/2017\/07\/WhatsApp-Image-2017-07-04-at-15.39.22.jpeg\",\"datePublished\":\"2017-07-06T17:41:36+00:00\",\"dateModified\":\"2017-07-06T18:00:33+00:00\",\"author\":{\"@id\":\"https:\/\/sindicomdf.com.br\/portal\/#\/schema\/person\/09372242e78b757907e33fe5db53d205\"},\"breadcrumb\":{\"@id\":\"https:\/\/sindicomdf.com.br\/portal\/mulheres-unidas-pelo-futuro-das-trabalhadoras\/#breadcrumb\"},\"inLanguage\":\"pt-BR\",\"potentialAction\":[{\"@type\":\"ReadAction\",\"target\":[\"https:\/\/sindicomdf.com.br\/portal\/mulheres-unidas-pelo-futuro-das-trabalhadoras\/\"]}]},{\"@type\":\"ImageObject\",\"inLanguage\":\"pt-BR\",\"@id\":\"https:\/\/sindicomdf.com.br\/portal\/mulheres-unidas-pelo-futuro-das-trabalhadoras\/#primaryimage\",\"url\":\"https:\/\/sindicomdf.com.br\/portal\/wp-content\/uploads\/2017\/07\/WhatsApp-Image-2017-07-04-at-15.39.22.jpeg\",\"contentUrl\":\"https:\/\/sindicomdf.com.br\/portal\/wp-content\/uploads\/2017\/07\/WhatsApp-Image-2017-07-04-at-15.39.22.jpeg\",\"width\":1152,\"height\":648},{\"@type\":\"BreadcrumbList\",\"@id\":\"https:\/\/sindicomdf.com.br\/portal\/mulheres-unidas-pelo-futuro-das-trabalhadoras\/#breadcrumb\",\"itemListElement\":[{\"@type\":\"ListItem\",\"position\":1,\"name\":\"In\u00edcio\",\"item\":\"https:\/\/sindicomdf.com.br\/portal\/\"},{\"@type\":\"ListItem\",\"position\":2,\"name\":\"Mulheres unidas pelo futuro das trabalhadoras\"}]},{\"@type\":\"WebSite\",\"@id\":\"https:\/\/sindicomdf.com.br\/portal\/#website\",\"url\":\"https:\/\/sindicomdf.com.br\/portal\/\",\"name\":\"SINDICOM\",\"description\":\"Sindicato dos Empregados no Com\u00e9rcio do DF\",\"potentialAction\":[{\"@type\":\"SearchAction\",\"target\":{\"@type\":\"EntryPoint\",\"urlTemplate\":\"https:\/\/sindicomdf.com.br\/portal\/?s={search_term_string}\"},\"query-input\":{\"@type\":\"PropertyValueSpecification\",\"valueRequired\":true,\"valueName\":\"search_term_string\"}}],\"inLanguage\":\"pt-BR\"},{\"@type\":\"Person\",\"@id\":\"https:\/\/sindicomdf.com.br\/portal\/#\/schema\/person\/09372242e78b757907e33fe5db53d205\",\"name\":\"Imprensa\",\"image\":{\"@type\":\"ImageObject\",\"inLanguage\":\"pt-BR\",\"@id\":\"https:\/\/sindicomdf.com.br\/portal\/#\/schema\/person\/image\/\",\"url\":\"https:\/\/secure.gravatar.com\/avatar\/060ac8086a7131ef4b79f847ca8f7acd57811aa2a477aca1d2a09b88754dd9de?s=96&d=mm&r=g\",\"contentUrl\":\"https:\/\/secure.gravatar.com\/avatar\/060ac8086a7131ef4b79f847ca8f7acd57811aa2a477aca1d2a09b88754dd9de?s=96&d=mm&r=g\",\"caption\":\"Imprensa\"},\"url\":\"https:\/\/sindicomdf.com.br\/portal\/author\/imprensa\/\"}]}<\/script>\n<!-- \/ Yoast SEO plugin. -->","yoast_head_json":{"title":"Mulheres unidas pelo futuro das trabalhadoras - SINDICOM","robots":{"index":"index","follow":"follow","max-snippet":"max-snippet:-1","max-image-preview":"max-image-preview:large","max-video-preview":"max-video-preview:-1"},"canonical":"https:\/\/sindicomdf.com.br\/portal\/mulheres-unidas-pelo-futuro-das-trabalhadoras\/","og_locale":"pt_BR","og_type":"article","og_title":"Mulheres unidas pelo futuro das trabalhadoras - SINDICOM","og_description":"Aconteceu, nos dias 28 e 29 de junho a VII Oficina da Rede de Mulheres Uni Am\u00e9rica Brasil com o tema Mulher e o futuro no mundo do trabalho: onde estamos e para onde vamos. A secretaria de pol\u00edtica para as mulheres estava presente, representada pela secret\u00e1ria Oneides Pacheco. \u00c9 a for\u00e7as mulheres unidas. Juntas [&hellip;]","og_url":"https:\/\/sindicomdf.com.br\/portal\/mulheres-unidas-pelo-futuro-das-trabalhadoras\/","og_site_name":"SINDICOM","article_published_time":"2017-07-06T17:41:36+00:00","article_modified_time":"2017-07-06T18:00:33+00:00","og_image":[{"width":1152,"height":648,"url":"https:\/\/sindicomdf.com.br\/portal\/wp-content\/uploads\/2017\/07\/WhatsApp-Image-2017-07-04-at-15.39.22.jpeg","type":"image\/jpeg"}],"author":"Imprensa","twitter_card":"summary_large_image","twitter_misc":{"Escrito por":"Imprensa"},"schema":{"@context":"https:\/\/schema.org","@graph":[{"@type":"WebPage","@id":"https:\/\/sindicomdf.com.br\/portal\/mulheres-unidas-pelo-futuro-das-trabalhadoras\/","url":"https:\/\/sindicomdf.com.br\/portal\/mulheres-unidas-pelo-futuro-das-trabalhadoras\/","name":"Mulheres unidas pelo futuro das trabalhadoras - SINDICOM","isPartOf":{"@id":"https:\/\/sindicomdf.com.br\/portal\/#website"},"primaryImageOfPage":{"@id":"https:\/\/sindicomdf.com.br\/portal\/mulheres-unidas-pelo-futuro-das-trabalhadoras\/#primaryimage"},"image":{"@id":"https:\/\/sindicomdf.com.br\/portal\/mulheres-unidas-pelo-futuro-das-trabalhadoras\/#primaryimage"},"thumbnailUrl":"https:\/\/sindicomdf.com.br\/portal\/wp-content\/uploads\/2017\/07\/WhatsApp-Image-2017-07-04-at-15.39.22.jpeg","datePublished":"2017-07-06T17:41:36+00:00","dateModified":"2017-07-06T18:00:33+00:00","author":{"@id":"https:\/\/sindicomdf.com.br\/portal\/#\/schema\/person\/09372242e78b757907e33fe5db53d205"},"breadcrumb":{"@id":"https:\/\/sindicomdf.com.br\/portal\/mulheres-unidas-pelo-futuro-das-trabalhadoras\/#breadcrumb"},"inLanguage":"pt-BR","potentialAction":[{"@type":"ReadAction","target":["https:\/\/sindicomdf.com.br\/portal\/mulheres-unidas-pelo-futuro-das-trabalhadoras\/"]}]},{"@type":"ImageObject","inLanguage":"pt-BR","@id":"https:\/\/sindicomdf.com.br\/portal\/mulheres-unidas-pelo-futuro-das-trabalhadoras\/#primaryimage","url":"https:\/\/sindicomdf.com.br\/portal\/wp-content\/uploads\/2017\/07\/WhatsApp-Image-2017-07-04-at-15.39.22.jpeg","contentUrl":"https:\/\/sindicomdf.com.br\/portal\/wp-content\/uploads\/2017\/07\/WhatsApp-Image-2017-07-04-at-15.39.22.jpeg","width":1152,"height":648},{"@type":"BreadcrumbList","@id":"https:\/\/sindicomdf.com.br\/portal\/mulheres-unidas-pelo-futuro-das-trabalhadoras\/#breadcrumb","itemListElement":[{"@type":"ListItem","position":1,"name":"In\u00edcio","item":"https:\/\/sindicomdf.com.br\/portal\/"},{"@type":"ListItem","position":2,"name":"Mulheres unidas pelo futuro das trabalhadoras"}]},{"@type":"WebSite","@id":"https:\/\/sindicomdf.com.br\/portal\/#website","url":"https:\/\/sindicomdf.com.br\/portal\/","name":"SINDICOM","description":"Sindicato dos Empregados no Com\u00e9rcio do DF","potentialAction":[{"@type":"SearchAction","target":{"@type":"EntryPoint","urlTemplate":"https:\/\/sindicomdf.com.br\/portal\/?s={search_term_string}"},"query-input":{"@type":"PropertyValueSpecification","valueRequired":true,"valueName":"search_term_string"}}],"inLanguage":"pt-BR"},{"@type":"Person","@id":"https:\/\/sindicomdf.com.br\/portal\/#\/schema\/person\/09372242e78b757907e33fe5db53d205","name":"Imprensa","image":{"@type":"ImageObject","inLanguage":"pt-BR","@id":"https:\/\/sindicomdf.com.br\/portal\/#\/schema\/person\/image\/","url":"https:\/\/secure.gravatar.com\/avatar\/060ac8086a7131ef4b79f847ca8f7acd57811aa2a477aca1d2a09b88754dd9de?s=96&d=mm&r=g","contentUrl":"https:\/\/secure.gravatar.com\/avatar\/060ac8086a7131ef4b79f847ca8f7acd57811aa2a477aca1d2a09b88754dd9de?s=96&d=mm&r=g","caption":"Imprensa"},"url":"https:\/\/sindicomdf.com.br\/portal\/author\/imprensa\/"}]}},"_links":{"self":[{"href":"https:\/\/sindicomdf.com.br\/portal\/wp-json\/wp\/v2\/posts\/6998","targetHints":{"allow":["GET"]}}],"collection":[{"href":"https:\/\/sindicomdf.com.br\/portal\/wp-json\/wp\/v2\/posts"}],"about":[{"href":"https:\/\/sindicomdf.com.br\/portal\/wp-json\/wp\/v2\/types\/post"}],"author":[{"embeddable":true,"href":"https:\/\/sindicomdf.com.br\/portal\/wp-json\/wp\/v2\/users\/3"}],"replies":[{"embeddable":true,"href":"https:\/\/sindicomdf.com.br\/portal\/wp-json\/wp\/v2\/comments?post=6998"}],"version-history":[{"count":2,"href":"https:\/\/sindicomdf.com.br\/portal\/wp-json\/wp\/v2\/posts\/6998\/revisions"}],"predecessor-version":[{"id":7003,"href":"https:\/\/sindicomdf.com.br\/portal\/wp-json\/wp\/v2\/posts\/6998\/revisions\/7003"}],"wp:featuredmedia":[{"embeddable":true,"href":"https:\/\/sindicomdf.com.br\/portal\/wp-json\/wp\/v2\/media\/6999"}],"wp:attachment":[{"href":"https:\/\/sindicomdf.com.br\/portal\/wp-json\/wp\/v2\/media?parent=6998"}],"wp:term":[{"taxonomy":"category","embeddable":true,"href":"https:\/\/sindicomdf.com.br\/portal\/wp-json\/wp\/v2\/categories?post=6998"},{"taxonomy":"post_tag","embeddable":true,"href":"https:\/\/sindicomdf.com.br\/portal\/wp-json\/wp\/v2\/tags?post=6998"}],"curies":[{"name":"wp","href":"https:\/\/api.w.org\/{rel}","templated":true}]}}