{"id":6958,"date":"2017-05-22T13:52:00","date_gmt":"2017-05-22T13:52:00","guid":{"rendered":"http:\/\/sindicomdf.com.br\/portal\/?p=6958"},"modified":"2017-05-22T14:15:25","modified_gmt":"2017-05-22T14:15:25","slug":"atencao-comerciarios-o-sindicato-e-contra-a-retirada-de-direitos","status":"publish","type":"post","link":"https:\/\/sindicomdf.com.br\/portal\/atencao-comerciarios-o-sindicato-e-contra-a-retirada-de-direitos\/","title":{"rendered":"Aten\u00e7\u00e3o comerci\u00e1rios, o sindicato \u00e9 contra a retirada de direitos!"},"content":{"rendered":"<p>#nenhumamenos<\/p>\n<p><a href=\"http:\/\/sindicomdf.com.br\/portal\/wp-content\/uploads\/2017\/05\/reforma-diaria-5.jpg\"><img loading=\"lazy\" decoding=\"async\" class=\"alignnone size-medium wp-image-6960\" src=\"http:\/\/sindicomdf.com.br\/portal\/wp-content\/uploads\/2017\/05\/reforma-diaria-5-300x300.jpg\" alt=\"\" width=\"300\" height=\"300\" srcset=\"https:\/\/sindicomdf.com.br\/portal\/wp-content\/uploads\/2017\/05\/reforma-diaria-5-300x300.jpg 300w, https:\/\/sindicomdf.com.br\/portal\/wp-content\/uploads\/2017\/05\/reforma-diaria-5-150x150.jpg 150w, https:\/\/sindicomdf.com.br\/portal\/wp-content\/uploads\/2017\/05\/reforma-diaria-5-768x768.jpg 768w, https:\/\/sindicomdf.com.br\/portal\/wp-content\/uploads\/2017\/05\/reforma-diaria-5-1024x1024.jpg 1024w, https:\/\/sindicomdf.com.br\/portal\/wp-content\/uploads\/2017\/05\/reforma-diaria-5.jpg 1181w\" sizes=\"auto, (max-width: 300px) 100vw, 300px\" \/><\/a><\/p>\n","protected":false},"excerpt":{"rendered":"<p>#nenhumamenos<\/p>\n","protected":false},"author":3,"featured_media":6960,"comment_status":"open","ping_status":"open","sticky":false,"template":"","format":"standard","meta":{"_bbp_topic_count":0,"_bbp_reply_count":0,"_bbp_total_topic_count":0,"_bbp_total_reply_count":0,"_bbp_voice_count":0,"_bbp_anonymous_reply_count":0,"_bbp_topic_count_hidden":0,"_bbp_reply_count_hidden":0,"_bbp_forum_subforum_count":0,"footnotes":""},"categories":[2,3,7],"tags":[],"class_list":{"0":"post-6958","1":"post","2":"type-post","3":"status-publish","4":"format-standard","5":"has-post-thumbnail","7":"category-destaque","8":"category-luta-sindical","9":"category-politica"},"yoast_head":"<!-- This site is optimized with the Yoast SEO plugin v23.7 - https:\/\/yoast.com\/wordpress\/plugins\/seo\/ -->\n<title>Aten\u00e7\u00e3o comerci\u00e1rios, o sindicato \u00e9 contra a retirada de direitos! - SINDICOM<\/title>\n<meta name=\"robots\" content=\"index, follow, max-snippet:-1, max-image-preview:large, max-video-preview:-1\" \/>\n<link rel=\"canonical\" href=\"https:\/\/sindicomdf.com.br\/portal\/atencao-comerciarios-o-sindicato-e-contra-a-retirada-de-direitos\/\" \/>\n<meta property=\"og:locale\" content=\"pt_BR\" \/>\n<meta property=\"og:type\" content=\"article\" \/>\n<meta property=\"og:title\" content=\"Aten\u00e7\u00e3o comerci\u00e1rios, o sindicato \u00e9 contra a retirada de direitos! - SINDICOM\" \/>\n<meta property=\"og:description\" content=\"#nenhumamenos\" \/>\n<meta property=\"og:url\" content=\"https:\/\/sindicomdf.com.br\/portal\/atencao-comerciarios-o-sindicato-e-contra-a-retirada-de-direitos\/\" \/>\n<meta property=\"og:site_name\" content=\"SINDICOM\" \/>\n<meta property=\"article:published_time\" content=\"2017-05-22T13:52:00+00:00\" \/>\n<meta property=\"article:modified_time\" content=\"2017-05-22T14:15:25+00:00\" \/>\n<meta property=\"og:image\" content=\"https:\/\/sindicomdf.com.br\/portal\/wp-content\/uploads\/2017\/05\/reforma-diaria-5.jpg\" \/>\n\t<meta property=\"og:image:width\" content=\"1181\" \/>\n\t<meta property=\"og:image:height\" content=\"1181\" \/>\n\t<meta property=\"og:image:type\" content=\"image\/jpeg\" \/>\n<meta name=\"author\" content=\"Imprensa\" \/>\n<meta name=\"twitter:card\" content=\"summary_large_image\" \/>\n<meta name=\"twitter:label1\" content=\"Escrito por\" \/>\n\t<meta name=\"twitter:data1\" content=\"Imprensa\" \/>\n<script type=\"application\/ld+json\" class=\"yoast-schema-graph\">{\"@context\":\"https:\/\/schema.org\",\"@graph\":[{\"@type\":\"WebPage\",\"@id\":\"https:\/\/sindicomdf.com.br\/portal\/atencao-comerciarios-o-sindicato-e-contra-a-retirada-de-direitos\/\",\"url\":\"https:\/\/sindicomdf.com.br\/portal\/atencao-comerciarios-o-sindicato-e-contra-a-retirada-de-direitos\/\",\"name\":\"Aten\u00e7\u00e3o comerci\u00e1rios, o sindicato \u00e9 contra a retirada de direitos! - SINDICOM\",\"isPartOf\":{\"@id\":\"https:\/\/sindicomdf.com.br\/portal\/#website\"},\"primaryImageOfPage\":{\"@id\":\"https:\/\/sindicomdf.com.br\/portal\/atencao-comerciarios-o-sindicato-e-contra-a-retirada-de-direitos\/#primaryimage\"},\"image\":{\"@id\":\"https:\/\/sindicomdf.com.br\/portal\/atencao-comerciarios-o-sindicato-e-contra-a-retirada-de-direitos\/#primaryimage\"},\"thumbnailUrl\":\"https:\/\/sindicomdf.com.br\/portal\/wp-content\/uploads\/2017\/05\/reforma-diaria-5.jpg\",\"datePublished\":\"2017-05-22T13:52:00+00:00\",\"dateModified\":\"2017-05-22T14:15:25+00:00\",\"author\":{\"@id\":\"https:\/\/sindicomdf.com.br\/portal\/#\/schema\/person\/09372242e78b757907e33fe5db53d205\"},\"breadcrumb\":{\"@id\":\"https:\/\/sindicomdf.com.br\/portal\/atencao-comerciarios-o-sindicato-e-contra-a-retirada-de-direitos\/#breadcrumb\"},\"inLanguage\":\"pt-BR\",\"potentialAction\":[{\"@type\":\"ReadAction\",\"target\":[\"https:\/\/sindicomdf.com.br\/portal\/atencao-comerciarios-o-sindicato-e-contra-a-retirada-de-direitos\/\"]}]},{\"@type\":\"ImageObject\",\"inLanguage\":\"pt-BR\",\"@id\":\"https:\/\/sindicomdf.com.br\/portal\/atencao-comerciarios-o-sindicato-e-contra-a-retirada-de-direitos\/#primaryimage\",\"url\":\"https:\/\/sindicomdf.com.br\/portal\/wp-content\/uploads\/2017\/05\/reforma-diaria-5.jpg\",\"contentUrl\":\"https:\/\/sindicomdf.com.br\/portal\/wp-content\/uploads\/2017\/05\/reforma-diaria-5.jpg\",\"width\":1181,\"height\":1181},{\"@type\":\"BreadcrumbList\",\"@id\":\"https:\/\/sindicomdf.com.br\/portal\/atencao-comerciarios-o-sindicato-e-contra-a-retirada-de-direitos\/#breadcrumb\",\"itemListElement\":[{\"@type\":\"ListItem\",\"position\":1,\"name\":\"In\u00edcio\",\"item\":\"https:\/\/sindicomdf.com.br\/portal\/\"},{\"@type\":\"ListItem\",\"position\":2,\"name\":\"Aten\u00e7\u00e3o comerci\u00e1rios, o sindicato \u00e9 contra a retirada de direitos!\"}]},{\"@type\":\"WebSite\",\"@id\":\"https:\/\/sindicomdf.com.br\/portal\/#website\",\"url\":\"https:\/\/sindicomdf.com.br\/portal\/\",\"name\":\"SINDICOM\",\"description\":\"Sindicato dos Empregados no Com\u00e9rcio do DF\",\"potentialAction\":[{\"@type\":\"SearchAction\",\"target\":{\"@type\":\"EntryPoint\",\"urlTemplate\":\"https:\/\/sindicomdf.com.br\/portal\/?s={search_term_string}\"},\"query-input\":{\"@type\":\"PropertyValueSpecification\",\"valueRequired\":true,\"valueName\":\"search_term_string\"}}],\"inLanguage\":\"pt-BR\"},{\"@type\":\"Person\",\"@id\":\"https:\/\/sindicomdf.com.br\/portal\/#\/schema\/person\/09372242e78b757907e33fe5db53d205\",\"name\":\"Imprensa\",\"image\":{\"@type\":\"ImageObject\",\"inLanguage\":\"pt-BR\",\"@id\":\"https:\/\/sindicomdf.com.br\/portal\/#\/schema\/person\/image\/\",\"url\":\"https:\/\/secure.gravatar.com\/avatar\/060ac8086a7131ef4b79f847ca8f7acd57811aa2a477aca1d2a09b88754dd9de?s=96&d=mm&r=g\",\"contentUrl\":\"https:\/\/secure.gravatar.com\/avatar\/060ac8086a7131ef4b79f847ca8f7acd57811aa2a477aca1d2a09b88754dd9de?s=96&d=mm&r=g\",\"caption\":\"Imprensa\"},\"url\":\"https:\/\/sindicomdf.com.br\/portal\/author\/imprensa\/\"}]}<\/script>\n<!-- \/ Yoast SEO plugin. -->","yoast_head_json":{"title":"Aten\u00e7\u00e3o comerci\u00e1rios, o sindicato \u00e9 contra a retirada de direitos! - SINDICOM","robots":{"index":"index","follow":"follow","max-snippet":"max-snippet:-1","max-image-preview":"max-image-preview:large","max-video-preview":"max-video-preview:-1"},"canonical":"https:\/\/sindicomdf.com.br\/portal\/atencao-comerciarios-o-sindicato-e-contra-a-retirada-de-direitos\/","og_locale":"pt_BR","og_type":"article","og_title":"Aten\u00e7\u00e3o comerci\u00e1rios, o sindicato \u00e9 contra a retirada de direitos! - SINDICOM","og_description":"#nenhumamenos","og_url":"https:\/\/sindicomdf.com.br\/portal\/atencao-comerciarios-o-sindicato-e-contra-a-retirada-de-direitos\/","og_site_name":"SINDICOM","article_published_time":"2017-05-22T13:52:00+00:00","article_modified_time":"2017-05-22T14:15:25+00:00","og_image":[{"width":1181,"height":1181,"url":"https:\/\/sindicomdf.com.br\/portal\/wp-content\/uploads\/2017\/05\/reforma-diaria-5.jpg","type":"image\/jpeg"}],"author":"Imprensa","twitter_card":"summary_large_image","twitter_misc":{"Escrito por":"Imprensa"},"schema":{"@context":"https:\/\/schema.org","@graph":[{"@type":"WebPage","@id":"https:\/\/sindicomdf.com.br\/portal\/atencao-comerciarios-o-sindicato-e-contra-a-retirada-de-direitos\/","url":"https:\/\/sindicomdf.com.br\/portal\/atencao-comerciarios-o-sindicato-e-contra-a-retirada-de-direitos\/","name":"Aten\u00e7\u00e3o comerci\u00e1rios, o sindicato \u00e9 contra a retirada de direitos! - SINDICOM","isPartOf":{"@id":"https:\/\/sindicomdf.com.br\/portal\/#website"},"primaryImageOfPage":{"@id":"https:\/\/sindicomdf.com.br\/portal\/atencao-comerciarios-o-sindicato-e-contra-a-retirada-de-direitos\/#primaryimage"},"image":{"@id":"https:\/\/sindicomdf.com.br\/portal\/atencao-comerciarios-o-sindicato-e-contra-a-retirada-de-direitos\/#primaryimage"},"thumbnailUrl":"https:\/\/sindicomdf.com.br\/portal\/wp-content\/uploads\/2017\/05\/reforma-diaria-5.jpg","datePublished":"2017-05-22T13:52:00+00:00","dateModified":"2017-05-22T14:15:25+00:00","author":{"@id":"https:\/\/sindicomdf.com.br\/portal\/#\/schema\/person\/09372242e78b757907e33fe5db53d205"},"breadcrumb":{"@id":"https:\/\/sindicomdf.com.br\/portal\/atencao-comerciarios-o-sindicato-e-contra-a-retirada-de-direitos\/#breadcrumb"},"inLanguage":"pt-BR","potentialAction":[{"@type":"ReadAction","target":["https:\/\/sindicomdf.com.br\/portal\/atencao-comerciarios-o-sindicato-e-contra-a-retirada-de-direitos\/"]}]},{"@type":"ImageObject","inLanguage":"pt-BR","@id":"https:\/\/sindicomdf.com.br\/portal\/atencao-comerciarios-o-sindicato-e-contra-a-retirada-de-direitos\/#primaryimage","url":"https:\/\/sindicomdf.com.br\/portal\/wp-content\/uploads\/2017\/05\/reforma-diaria-5.jpg","contentUrl":"https:\/\/sindicomdf.com.br\/portal\/wp-content\/uploads\/2017\/05\/reforma-diaria-5.jpg","width":1181,"height":1181},{"@type":"BreadcrumbList","@id":"https:\/\/sindicomdf.com.br\/portal\/atencao-comerciarios-o-sindicato-e-contra-a-retirada-de-direitos\/#breadcrumb","itemListElement":[{"@type":"ListItem","position":1,"name":"In\u00edcio","item":"https:\/\/sindicomdf.com.br\/portal\/"},{"@type":"ListItem","position":2,"name":"Aten\u00e7\u00e3o comerci\u00e1rios, o sindicato \u00e9 contra a retirada de direitos!"}]},{"@type":"WebSite","@id":"https:\/\/sindicomdf.com.br\/portal\/#website","url":"https:\/\/sindicomdf.com.br\/portal\/","name":"SINDICOM","description":"Sindicato dos Empregados no Com\u00e9rcio do DF","potentialAction":[{"@type":"SearchAction","target":{"@type":"EntryPoint","urlTemplate":"https:\/\/sindicomdf.com.br\/portal\/?s={search_term_string}"},"query-input":{"@type":"PropertyValueSpecification","valueRequired":true,"valueName":"search_term_string"}}],"inLanguage":"pt-BR"},{"@type":"Person","@id":"https:\/\/sindicomdf.com.br\/portal\/#\/schema\/person\/09372242e78b757907e33fe5db53d205","name":"Imprensa","image":{"@type":"ImageObject","inLanguage":"pt-BR","@id":"https:\/\/sindicomdf.com.br\/portal\/#\/schema\/person\/image\/","url":"https:\/\/secure.gravatar.com\/avatar\/060ac8086a7131ef4b79f847ca8f7acd57811aa2a477aca1d2a09b88754dd9de?s=96&d=mm&r=g","contentUrl":"https:\/\/secure.gravatar.com\/avatar\/060ac8086a7131ef4b79f847ca8f7acd57811aa2a477aca1d2a09b88754dd9de?s=96&d=mm&r=g","caption":"Imprensa"},"url":"https:\/\/sindicomdf.com.br\/portal\/author\/imprensa\/"}]}},"_links":{"self":[{"href":"https:\/\/sindicomdf.com.br\/portal\/wp-json\/wp\/v2\/posts\/6958","targetHints":{"allow":["GET"]}}],"collection":[{"href":"https:\/\/sindicomdf.com.br\/portal\/wp-json\/wp\/v2\/posts"}],"about":[{"href":"https:\/\/sindicomdf.com.br\/portal\/wp-json\/wp\/v2\/types\/post"}],"author":[{"embeddable":true,"href":"https:\/\/sindicomdf.com.br\/portal\/wp-json\/wp\/v2\/users\/3"}],"replies":[{"embeddable":true,"href":"https:\/\/sindicomdf.com.br\/portal\/wp-json\/wp\/v2\/comments?post=6958"}],"version-history":[{"count":1,"href":"https:\/\/sindicomdf.com.br\/portal\/wp-json\/wp\/v2\/posts\/6958\/revisions"}],"predecessor-version":[{"id":6961,"href":"https:\/\/sindicomdf.com.br\/portal\/wp-json\/wp\/v2\/posts\/6958\/revisions\/6961"}],"wp:featuredmedia":[{"embeddable":true,"href":"https:\/\/sindicomdf.com.br\/portal\/wp-json\/wp\/v2\/media\/6960"}],"wp:attachment":[{"href":"https:\/\/sindicomdf.com.br\/portal\/wp-json\/wp\/v2\/media?parent=6958"}],"wp:term":[{"taxonomy":"category","embeddable":true,"href":"https:\/\/sindicomdf.com.br\/portal\/wp-json\/wp\/v2\/categories?post=6958"},{"taxonomy":"post_tag","embeddable":true,"href":"https:\/\/sindicomdf.com.br\/portal\/wp-json\/wp\/v2\/tags?post=6958"}],"curies":[{"name":"wp","href":"https:\/\/api.w.org\/{rel}","templated":true}]}}