{"id":6943,"date":"2017-05-03T17:16:08","date_gmt":"2017-05-03T17:16:08","guid":{"rendered":"http:\/\/sindicomdf.com.br\/portal\/?p=6943"},"modified":"2017-05-09T12:31:35","modified_gmt":"2017-05-09T12:31:35","slug":"1-de-maio-de-2017","status":"publish","type":"post","link":"https:\/\/sindicomdf.com.br\/portal\/1-de-maio-de-2017\/","title":{"rendered":"1 de maio de 2017"},"content":{"rendered":"<p><span class=\" _50f4\">O primeiro de maio \u00e9 uma data hist\u00f3rica para os trabalhadores, principalmente os do com\u00e9rcio. \u00c9 um dia conquistado com muita luta do sindicato junto aos seus filiados. Este ano contamos com a anima\u00e7\u00e3o das bandas; Vibratto e Nexos, v\u00e1rias brincadeiras para a crian\u00e7ada e o grande torneio do trabalhador. O grande campe\u00e3o do torneio foi o Supermercado Canteiros e a artilharia ficou por conta de Luciano Silva do supermercado Santa Felicidade, que fez 4 gols. O Sindicato dos Comerci\u00e1rios tem orgulho de defender o trabalhador. <\/span><\/p>\n<p><span class=\" _50f4\">Venha fazer parte do sindicato que cuida de voc\u00ea. Filie-se, juntos somos mais fortes! <\/span><\/p>\n<p><span class=\" _50f4\">Parab\u00e9ns trabalhador pelo seu dia! <\/span><\/p>\n<p><span class=\" _50f4\">Arbitragem: Vivaldo\/Jos\u00e9 Carlos &#8211; Federa\u00e7\u00e3o Brasiliense de Arbitragem\/SEAF Organiza\u00e7\u00e3o: Edward Machado, Neudo, Juscelino, Raimundo Pato, Rocha, Eudes Silva Locu\u00e7\u00e3o: Fernandes Silva<\/span><\/p>\n<p><span class=\" _50f4\">Fotografia: Neuton Rocha Frisselli Fotografia<br \/>\n<\/span><\/p>\n<p>*Confira o \u00e1lbum completo na p\u00e1gina do facebook <a href=\"https:\/\/www.facebook.com\/pg\/sindicatodoscomerciarios.dodf\/photos\/?tab=album&amp;album_id=1102422123195583\">https:\/\/www.facebook.com\/pg\/sindicatodoscomerciarios.dodf\/photos\/?tab=album&amp;album_id=1102422123195583 <\/a><\/p>\n<p><a href=\"http:\/\/sindicomdf.com.br\/portal\/wp-content\/uploads\/2017\/05\/MG_2709.jpg\"><img loading=\"lazy\" decoding=\"async\" class=\"alignnone size-medium wp-image-6944\" src=\"http:\/\/sindicomdf.com.br\/portal\/wp-content\/uploads\/2017\/05\/MG_2709-300x200.jpg\" alt=\"\" width=\"300\" height=\"200\" srcset=\"https:\/\/sindicomdf.com.br\/portal\/wp-content\/uploads\/2017\/05\/MG_2709-300x200.jpg 300w, https:\/\/sindicomdf.com.br\/portal\/wp-content\/uploads\/2017\/05\/MG_2709-768x512.jpg 768w, https:\/\/sindicomdf.com.br\/portal\/wp-content\/uploads\/2017\/05\/MG_2709-1024x683.jpg 1024w, https:\/\/sindicomdf.com.br\/portal\/wp-content\/uploads\/2017\/05\/MG_2709-90x60.jpg 90w, https:\/\/sindicomdf.com.br\/portal\/wp-content\/uploads\/2017\/05\/MG_2709-180x120.jpg 180w, https:\/\/sindicomdf.com.br\/portal\/wp-content\/uploads\/2017\/05\/MG_2709-95x64.jpg 95w\" sizes=\"auto, (max-width: 300px) 100vw, 300px\" \/><\/a><\/p>\n","protected":false},"excerpt":{"rendered":"<p>O primeiro de maio \u00e9 uma data hist\u00f3rica para os trabalhadores, principalmente os do com\u00e9rcio. \u00c9 um dia conquistado com muita luta do sindicato junto aos seus filiados. Este ano contamos com a anima\u00e7\u00e3o das bandas; Vibratto e Nexos, v\u00e1rias brincadeiras para a crian\u00e7ada e o grande torneio do trabalhador. O grande campe\u00e3o do torneio [&hellip;]<\/p>\n","protected":false},"author":3,"featured_media":6944,"comment_status":"open","ping_status":"open","sticky":false,"template":"","format":"standard","meta":{"_bbp_topic_count":0,"_bbp_reply_count":0,"_bbp_total_topic_count":0,"_bbp_total_reply_count":0,"_bbp_voice_count":0,"_bbp_anonymous_reply_count":0,"_bbp_topic_count_hidden":0,"_bbp_reply_count_hidden":0,"_bbp_forum_subforum_count":0,"footnotes":""},"categories":[2,48],"tags":[],"class_list":{"0":"post-6943","1":"post","2":"type-post","3":"status-publish","4":"format-standard","5":"has-post-thumbnail","7":"category-destaque","8":"category-eventos"},"yoast_head":"<!-- This site is optimized with the Yoast SEO plugin v23.7 - https:\/\/yoast.com\/wordpress\/plugins\/seo\/ -->\n<title>1 de maio de 2017 - SINDICOM<\/title>\n<meta name=\"robots\" content=\"index, follow, max-snippet:-1, max-image-preview:large, max-video-preview:-1\" \/>\n<link rel=\"canonical\" href=\"https:\/\/sindicomdf.com.br\/portal\/1-de-maio-de-2017\/\" \/>\n<meta property=\"og:locale\" content=\"pt_BR\" \/>\n<meta property=\"og:type\" content=\"article\" \/>\n<meta property=\"og:title\" content=\"1 de maio de 2017 - SINDICOM\" \/>\n<meta property=\"og:description\" content=\"O primeiro de maio \u00e9 uma data hist\u00f3rica para os trabalhadores, principalmente os do com\u00e9rcio. \u00c9 um dia conquistado com muita luta do sindicato junto aos seus filiados. Este ano contamos com a anima\u00e7\u00e3o das bandas; Vibratto e Nexos, v\u00e1rias brincadeiras para a crian\u00e7ada e o grande torneio do trabalhador. O grande campe\u00e3o do torneio [&hellip;]\" \/>\n<meta property=\"og:url\" content=\"https:\/\/sindicomdf.com.br\/portal\/1-de-maio-de-2017\/\" \/>\n<meta property=\"og:site_name\" content=\"SINDICOM\" \/>\n<meta property=\"article:published_time\" content=\"2017-05-03T17:16:08+00:00\" \/>\n<meta property=\"article:modified_time\" content=\"2017-05-09T12:31:35+00:00\" \/>\n<meta property=\"og:image\" content=\"https:\/\/sindicomdf.com.br\/portal\/wp-content\/uploads\/2017\/05\/MG_2709.jpg\" \/>\n\t<meta property=\"og:image:width\" content=\"5184\" \/>\n\t<meta property=\"og:image:height\" content=\"3456\" \/>\n\t<meta property=\"og:image:type\" content=\"image\/jpeg\" \/>\n<meta name=\"author\" content=\"Imprensa\" \/>\n<meta name=\"twitter:card\" content=\"summary_large_image\" \/>\n<meta name=\"twitter:label1\" content=\"Escrito por\" \/>\n\t<meta name=\"twitter:data1\" content=\"Imprensa\" \/>\n\t<meta name=\"twitter:label2\" content=\"Est. tempo de leitura\" \/>\n\t<meta name=\"twitter:data2\" content=\"1 minuto\" \/>\n<script type=\"application\/ld+json\" class=\"yoast-schema-graph\">{\"@context\":\"https:\/\/schema.org\",\"@graph\":[{\"@type\":\"WebPage\",\"@id\":\"https:\/\/sindicomdf.com.br\/portal\/1-de-maio-de-2017\/\",\"url\":\"https:\/\/sindicomdf.com.br\/portal\/1-de-maio-de-2017\/\",\"name\":\"1 de maio de 2017 - SINDICOM\",\"isPartOf\":{\"@id\":\"https:\/\/sindicomdf.com.br\/portal\/#website\"},\"primaryImageOfPage\":{\"@id\":\"https:\/\/sindicomdf.com.br\/portal\/1-de-maio-de-2017\/#primaryimage\"},\"image\":{\"@id\":\"https:\/\/sindicomdf.com.br\/portal\/1-de-maio-de-2017\/#primaryimage\"},\"thumbnailUrl\":\"https:\/\/sindicomdf.com.br\/portal\/wp-content\/uploads\/2017\/05\/MG_2709.jpg\",\"datePublished\":\"2017-05-03T17:16:08+00:00\",\"dateModified\":\"2017-05-09T12:31:35+00:00\",\"author\":{\"@id\":\"https:\/\/sindicomdf.com.br\/portal\/#\/schema\/person\/09372242e78b757907e33fe5db53d205\"},\"breadcrumb\":{\"@id\":\"https:\/\/sindicomdf.com.br\/portal\/1-de-maio-de-2017\/#breadcrumb\"},\"inLanguage\":\"pt-BR\",\"potentialAction\":[{\"@type\":\"ReadAction\",\"target\":[\"https:\/\/sindicomdf.com.br\/portal\/1-de-maio-de-2017\/\"]}]},{\"@type\":\"ImageObject\",\"inLanguage\":\"pt-BR\",\"@id\":\"https:\/\/sindicomdf.com.br\/portal\/1-de-maio-de-2017\/#primaryimage\",\"url\":\"https:\/\/sindicomdf.com.br\/portal\/wp-content\/uploads\/2017\/05\/MG_2709.jpg\",\"contentUrl\":\"https:\/\/sindicomdf.com.br\/portal\/wp-content\/uploads\/2017\/05\/MG_2709.jpg\",\"width\":5184,\"height\":3456},{\"@type\":\"BreadcrumbList\",\"@id\":\"https:\/\/sindicomdf.com.br\/portal\/1-de-maio-de-2017\/#breadcrumb\",\"itemListElement\":[{\"@type\":\"ListItem\",\"position\":1,\"name\":\"In\u00edcio\",\"item\":\"https:\/\/sindicomdf.com.br\/portal\/\"},{\"@type\":\"ListItem\",\"position\":2,\"name\":\"1 de maio de 2017\"}]},{\"@type\":\"WebSite\",\"@id\":\"https:\/\/sindicomdf.com.br\/portal\/#website\",\"url\":\"https:\/\/sindicomdf.com.br\/portal\/\",\"name\":\"SINDICOM\",\"description\":\"Sindicato dos Empregados no Com\u00e9rcio do DF\",\"potentialAction\":[{\"@type\":\"SearchAction\",\"target\":{\"@type\":\"EntryPoint\",\"urlTemplate\":\"https:\/\/sindicomdf.com.br\/portal\/?s={search_term_string}\"},\"query-input\":{\"@type\":\"PropertyValueSpecification\",\"valueRequired\":true,\"valueName\":\"search_term_string\"}}],\"inLanguage\":\"pt-BR\"},{\"@type\":\"Person\",\"@id\":\"https:\/\/sindicomdf.com.br\/portal\/#\/schema\/person\/09372242e78b757907e33fe5db53d205\",\"name\":\"Imprensa\",\"image\":{\"@type\":\"ImageObject\",\"inLanguage\":\"pt-BR\",\"@id\":\"https:\/\/sindicomdf.com.br\/portal\/#\/schema\/person\/image\/\",\"url\":\"https:\/\/secure.gravatar.com\/avatar\/060ac8086a7131ef4b79f847ca8f7acd57811aa2a477aca1d2a09b88754dd9de?s=96&d=mm&r=g\",\"contentUrl\":\"https:\/\/secure.gravatar.com\/avatar\/060ac8086a7131ef4b79f847ca8f7acd57811aa2a477aca1d2a09b88754dd9de?s=96&d=mm&r=g\",\"caption\":\"Imprensa\"},\"url\":\"https:\/\/sindicomdf.com.br\/portal\/author\/imprensa\/\"}]}<\/script>\n<!-- \/ Yoast SEO plugin. -->","yoast_head_json":{"title":"1 de maio de 2017 - SINDICOM","robots":{"index":"index","follow":"follow","max-snippet":"max-snippet:-1","max-image-preview":"max-image-preview:large","max-video-preview":"max-video-preview:-1"},"canonical":"https:\/\/sindicomdf.com.br\/portal\/1-de-maio-de-2017\/","og_locale":"pt_BR","og_type":"article","og_title":"1 de maio de 2017 - SINDICOM","og_description":"O primeiro de maio \u00e9 uma data hist\u00f3rica para os trabalhadores, principalmente os do com\u00e9rcio. \u00c9 um dia conquistado com muita luta do sindicato junto aos seus filiados. Este ano contamos com a anima\u00e7\u00e3o das bandas; Vibratto e Nexos, v\u00e1rias brincadeiras para a crian\u00e7ada e o grande torneio do trabalhador. O grande campe\u00e3o do torneio [&hellip;]","og_url":"https:\/\/sindicomdf.com.br\/portal\/1-de-maio-de-2017\/","og_site_name":"SINDICOM","article_published_time":"2017-05-03T17:16:08+00:00","article_modified_time":"2017-05-09T12:31:35+00:00","og_image":[{"width":5184,"height":3456,"url":"https:\/\/sindicomdf.com.br\/portal\/wp-content\/uploads\/2017\/05\/MG_2709.jpg","type":"image\/jpeg"}],"author":"Imprensa","twitter_card":"summary_large_image","twitter_misc":{"Escrito por":"Imprensa","Est. tempo de leitura":"1 minuto"},"schema":{"@context":"https:\/\/schema.org","@graph":[{"@type":"WebPage","@id":"https:\/\/sindicomdf.com.br\/portal\/1-de-maio-de-2017\/","url":"https:\/\/sindicomdf.com.br\/portal\/1-de-maio-de-2017\/","name":"1 de maio de 2017 - SINDICOM","isPartOf":{"@id":"https:\/\/sindicomdf.com.br\/portal\/#website"},"primaryImageOfPage":{"@id":"https:\/\/sindicomdf.com.br\/portal\/1-de-maio-de-2017\/#primaryimage"},"image":{"@id":"https:\/\/sindicomdf.com.br\/portal\/1-de-maio-de-2017\/#primaryimage"},"thumbnailUrl":"https:\/\/sindicomdf.com.br\/portal\/wp-content\/uploads\/2017\/05\/MG_2709.jpg","datePublished":"2017-05-03T17:16:08+00:00","dateModified":"2017-05-09T12:31:35+00:00","author":{"@id":"https:\/\/sindicomdf.com.br\/portal\/#\/schema\/person\/09372242e78b757907e33fe5db53d205"},"breadcrumb":{"@id":"https:\/\/sindicomdf.com.br\/portal\/1-de-maio-de-2017\/#breadcrumb"},"inLanguage":"pt-BR","potentialAction":[{"@type":"ReadAction","target":["https:\/\/sindicomdf.com.br\/portal\/1-de-maio-de-2017\/"]}]},{"@type":"ImageObject","inLanguage":"pt-BR","@id":"https:\/\/sindicomdf.com.br\/portal\/1-de-maio-de-2017\/#primaryimage","url":"https:\/\/sindicomdf.com.br\/portal\/wp-content\/uploads\/2017\/05\/MG_2709.jpg","contentUrl":"https:\/\/sindicomdf.com.br\/portal\/wp-content\/uploads\/2017\/05\/MG_2709.jpg","width":5184,"height":3456},{"@type":"BreadcrumbList","@id":"https:\/\/sindicomdf.com.br\/portal\/1-de-maio-de-2017\/#breadcrumb","itemListElement":[{"@type":"ListItem","position":1,"name":"In\u00edcio","item":"https:\/\/sindicomdf.com.br\/portal\/"},{"@type":"ListItem","position":2,"name":"1 de maio de 2017"}]},{"@type":"WebSite","@id":"https:\/\/sindicomdf.com.br\/portal\/#website","url":"https:\/\/sindicomdf.com.br\/portal\/","name":"SINDICOM","description":"Sindicato dos Empregados no Com\u00e9rcio do DF","potentialAction":[{"@type":"SearchAction","target":{"@type":"EntryPoint","urlTemplate":"https:\/\/sindicomdf.com.br\/portal\/?s={search_term_string}"},"query-input":{"@type":"PropertyValueSpecification","valueRequired":true,"valueName":"search_term_string"}}],"inLanguage":"pt-BR"},{"@type":"Person","@id":"https:\/\/sindicomdf.com.br\/portal\/#\/schema\/person\/09372242e78b757907e33fe5db53d205","name":"Imprensa","image":{"@type":"ImageObject","inLanguage":"pt-BR","@id":"https:\/\/sindicomdf.com.br\/portal\/#\/schema\/person\/image\/","url":"https:\/\/secure.gravatar.com\/avatar\/060ac8086a7131ef4b79f847ca8f7acd57811aa2a477aca1d2a09b88754dd9de?s=96&d=mm&r=g","contentUrl":"https:\/\/secure.gravatar.com\/avatar\/060ac8086a7131ef4b79f847ca8f7acd57811aa2a477aca1d2a09b88754dd9de?s=96&d=mm&r=g","caption":"Imprensa"},"url":"https:\/\/sindicomdf.com.br\/portal\/author\/imprensa\/"}]}},"_links":{"self":[{"href":"https:\/\/sindicomdf.com.br\/portal\/wp-json\/wp\/v2\/posts\/6943","targetHints":{"allow":["GET"]}}],"collection":[{"href":"https:\/\/sindicomdf.com.br\/portal\/wp-json\/wp\/v2\/posts"}],"about":[{"href":"https:\/\/sindicomdf.com.br\/portal\/wp-json\/wp\/v2\/types\/post"}],"author":[{"embeddable":true,"href":"https:\/\/sindicomdf.com.br\/portal\/wp-json\/wp\/v2\/users\/3"}],"replies":[{"embeddable":true,"href":"https:\/\/sindicomdf.com.br\/portal\/wp-json\/wp\/v2\/comments?post=6943"}],"version-history":[{"count":1,"href":"https:\/\/sindicomdf.com.br\/portal\/wp-json\/wp\/v2\/posts\/6943\/revisions"}],"predecessor-version":[{"id":6945,"href":"https:\/\/sindicomdf.com.br\/portal\/wp-json\/wp\/v2\/posts\/6943\/revisions\/6945"}],"wp:featuredmedia":[{"embeddable":true,"href":"https:\/\/sindicomdf.com.br\/portal\/wp-json\/wp\/v2\/media\/6944"}],"wp:attachment":[{"href":"https:\/\/sindicomdf.com.br\/portal\/wp-json\/wp\/v2\/media?parent=6943"}],"wp:term":[{"taxonomy":"category","embeddable":true,"href":"https:\/\/sindicomdf.com.br\/portal\/wp-json\/wp\/v2\/categories?post=6943"},{"taxonomy":"post_tag","embeddable":true,"href":"https:\/\/sindicomdf.com.br\/portal\/wp-json\/wp\/v2\/tags?post=6943"}],"curies":[{"name":"wp","href":"https:\/\/api.w.org\/{rel}","templated":true}]}}