{"id":4857,"date":"2015-09-04T16:18:24","date_gmt":"2015-09-04T16:18:24","guid":{"rendered":"http:\/\/sindicomdf.com.br\/portal\/?p=4857"},"modified":"2015-09-04T17:06:54","modified_gmt":"2015-09-04T17:06:54","slug":"aos-empregados-do-segmento-de-carnes-frescas-generos-alimenticios-frutas-verduras-flores-e-plantas-de-material-de-escritorio-papelaria-e-livraria-de-opticas-e-estabelecimentos-fotograficos","status":"publish","type":"post","link":"https:\/\/sindicomdf.com.br\/portal\/aos-empregados-do-segmento-de-carnes-frescas-generos-alimenticios-frutas-verduras-flores-e-plantas-de-material-de-escritorio-papelaria-e-livraria-de-opticas-e-estabelecimentos-fotograficos\/","title":{"rendered":"Aos empregados do segmento de carnes frescas, g\u00eaneros aliment\u00edcios, frutas, verduras, flores e plantas; de material de escrit\u00f3rio, papelaria e livraria, de \u00f3pticas e estabelecimentos fotogr\u00e1ficos"},"content":{"rendered":"<p>O Sindicato dos Comerci\u00e1rios no DF, por meio de negocia\u00e7\u00e3o coletiva, conquistou o direito de fechar o com\u00e9rcio no dia 07\/09\/2015 (segunda-feira 7 de setembro). Em caso de descumprimento, conforme a cl\u00e1usula 43\u00aa da Conven\u00e7\u00e3o Coletiva de Trabalho, a empresa ter\u00e1 de pagar uma multa de<span class=\"text_exposed_show\"> 1\/3 do sal\u00e1rio a cada empregado prejudicado. Entre em contato com o Sindicom DF no telefone 3038-2200 e denuncie.<br \/>\nO Clube dos Comerci\u00e1rios estar\u00e1 aberto neste dia com toda estrutura (Piscinas, sauna, sal\u00e3o de jogos, campos de futebol, restaurantes e muita divers\u00e3o) al\u00e9m do tradicional torneio de futebol para receb\u00ea-los. Comerci\u00e1rio, para que nossas lutas sejam vitoriosas precisamos estar juntos. Por isso, participe sempre das atividades do nosso sindicato.<\/span><\/p>\n","protected":false},"excerpt":{"rendered":"<p>O Sindicato dos Comerci\u00e1rios no DF, por meio de negocia\u00e7\u00e3o coletiva, conquistou o direito de fechar o com\u00e9rcio no dia 07\/09\/2015 (segunda-feira 7 de setembro). Em caso de descumprimento, conforme a cl\u00e1usula 43\u00aa da Conven\u00e7\u00e3o Coletiva de Trabalho, a empresa ter\u00e1 de pagar uma multa de 1\/3 do sal\u00e1rio a cada empregado prejudicado. Entre em [&hellip;]<\/p>\n","protected":false},"author":1,"featured_media":0,"comment_status":"open","ping_status":"open","sticky":false,"template":"","format":"standard","meta":{"_bbp_topic_count":0,"_bbp_reply_count":0,"_bbp_total_topic_count":0,"_bbp_total_reply_count":0,"_bbp_voice_count":0,"_bbp_anonymous_reply_count":0,"_bbp_topic_count_hidden":0,"_bbp_reply_count_hidden":0,"_bbp_forum_subforum_count":0,"footnotes":""},"categories":[2,6,3,7],"tags":[],"class_list":{"0":"post-4857","1":"post","2":"type-post","3":"status-publish","4":"format-standard","6":"category-destaque","7":"category-esporte-e-lazer","8":"category-luta-sindical","9":"category-politica"},"yoast_head":"<!-- This site is optimized with the Yoast SEO plugin v23.7 - https:\/\/yoast.com\/wordpress\/plugins\/seo\/ -->\n<title>Aos empregados do segmento de carnes frescas, g\u00eaneros aliment\u00edcios, frutas, verduras, flores e plantas; de material de escrit\u00f3rio, papelaria e livraria, de \u00f3pticas e estabelecimentos fotogr\u00e1ficos - SINDICOM<\/title>\n<meta name=\"robots\" content=\"index, follow, max-snippet:-1, max-image-preview:large, max-video-preview:-1\" \/>\n<link rel=\"canonical\" href=\"https:\/\/sindicomdf.com.br\/portal\/aos-empregados-do-segmento-de-carnes-frescas-generos-alimenticios-frutas-verduras-flores-e-plantas-de-material-de-escritorio-papelaria-e-livraria-de-opticas-e-estabelecimentos-fotograficos\/\" \/>\n<meta property=\"og:locale\" content=\"pt_BR\" \/>\n<meta property=\"og:type\" content=\"article\" \/>\n<meta property=\"og:title\" content=\"Aos empregados do segmento de carnes frescas, g\u00eaneros aliment\u00edcios, frutas, verduras, flores e plantas; de material de escrit\u00f3rio, papelaria e livraria, de \u00f3pticas e estabelecimentos fotogr\u00e1ficos - SINDICOM\" \/>\n<meta property=\"og:description\" content=\"O Sindicato dos Comerci\u00e1rios no DF, por meio de negocia\u00e7\u00e3o coletiva, conquistou o direito de fechar o com\u00e9rcio no dia 07\/09\/2015 (segunda-feira 7 de setembro). Em caso de descumprimento, conforme a cl\u00e1usula 43\u00aa da Conven\u00e7\u00e3o Coletiva de Trabalho, a empresa ter\u00e1 de pagar uma multa de 1\/3 do sal\u00e1rio a cada empregado prejudicado. Entre em [&hellip;]\" \/>\n<meta property=\"og:url\" content=\"https:\/\/sindicomdf.com.br\/portal\/aos-empregados-do-segmento-de-carnes-frescas-generos-alimenticios-frutas-verduras-flores-e-plantas-de-material-de-escritorio-papelaria-e-livraria-de-opticas-e-estabelecimentos-fotograficos\/\" \/>\n<meta property=\"og:site_name\" content=\"SINDICOM\" \/>\n<meta property=\"article:published_time\" content=\"2015-09-04T16:18:24+00:00\" \/>\n<meta property=\"article:modified_time\" content=\"2015-09-04T17:06:54+00:00\" \/>\n<meta name=\"author\" content=\"Anacleto\" \/>\n<meta name=\"twitter:card\" content=\"summary_large_image\" \/>\n<meta name=\"twitter:label1\" content=\"Escrito por\" \/>\n\t<meta name=\"twitter:data1\" content=\"Anacleto\" \/>\n\t<meta name=\"twitter:label2\" content=\"Est. tempo de leitura\" \/>\n\t<meta name=\"twitter:data2\" content=\"1 minuto\" \/>\n<script type=\"application\/ld+json\" class=\"yoast-schema-graph\">{\"@context\":\"https:\/\/schema.org\",\"@graph\":[{\"@type\":\"WebPage\",\"@id\":\"https:\/\/sindicomdf.com.br\/portal\/aos-empregados-do-segmento-de-carnes-frescas-generos-alimenticios-frutas-verduras-flores-e-plantas-de-material-de-escritorio-papelaria-e-livraria-de-opticas-e-estabelecimentos-fotograficos\/\",\"url\":\"https:\/\/sindicomdf.com.br\/portal\/aos-empregados-do-segmento-de-carnes-frescas-generos-alimenticios-frutas-verduras-flores-e-plantas-de-material-de-escritorio-papelaria-e-livraria-de-opticas-e-estabelecimentos-fotograficos\/\",\"name\":\"Aos empregados do segmento de carnes frescas, g\u00eaneros aliment\u00edcios, frutas, verduras, flores e plantas; de material de escrit\u00f3rio, papelaria e livraria, de \u00f3pticas e estabelecimentos fotogr\u00e1ficos - SINDICOM\",\"isPartOf\":{\"@id\":\"https:\/\/sindicomdf.com.br\/portal\/#website\"},\"datePublished\":\"2015-09-04T16:18:24+00:00\",\"dateModified\":\"2015-09-04T17:06:54+00:00\",\"author\":{\"@id\":\"https:\/\/sindicomdf.com.br\/portal\/#\/schema\/person\/d0b3d5e583090e99455a15a5994e6964\"},\"breadcrumb\":{\"@id\":\"https:\/\/sindicomdf.com.br\/portal\/aos-empregados-do-segmento-de-carnes-frescas-generos-alimenticios-frutas-verduras-flores-e-plantas-de-material-de-escritorio-papelaria-e-livraria-de-opticas-e-estabelecimentos-fotograficos\/#breadcrumb\"},\"inLanguage\":\"pt-BR\",\"potentialAction\":[{\"@type\":\"ReadAction\",\"target\":[\"https:\/\/sindicomdf.com.br\/portal\/aos-empregados-do-segmento-de-carnes-frescas-generos-alimenticios-frutas-verduras-flores-e-plantas-de-material-de-escritorio-papelaria-e-livraria-de-opticas-e-estabelecimentos-fotograficos\/\"]}]},{\"@type\":\"BreadcrumbList\",\"@id\":\"https:\/\/sindicomdf.com.br\/portal\/aos-empregados-do-segmento-de-carnes-frescas-generos-alimenticios-frutas-verduras-flores-e-plantas-de-material-de-escritorio-papelaria-e-livraria-de-opticas-e-estabelecimentos-fotograficos\/#breadcrumb\",\"itemListElement\":[{\"@type\":\"ListItem\",\"position\":1,\"name\":\"In\u00edcio\",\"item\":\"https:\/\/sindicomdf.com.br\/portal\/\"},{\"@type\":\"ListItem\",\"position\":2,\"name\":\"Aos empregados do segmento de carnes frescas, g\u00eaneros aliment\u00edcios, frutas, verduras, flores e plantas; de material de escrit\u00f3rio, papelaria e livraria, de \u00f3pticas e estabelecimentos fotogr\u00e1ficos\"}]},{\"@type\":\"WebSite\",\"@id\":\"https:\/\/sindicomdf.com.br\/portal\/#website\",\"url\":\"https:\/\/sindicomdf.com.br\/portal\/\",\"name\":\"SINDICOM\",\"description\":\"Sindicato dos Empregados no Com\u00e9rcio do DF\",\"potentialAction\":[{\"@type\":\"SearchAction\",\"target\":{\"@type\":\"EntryPoint\",\"urlTemplate\":\"https:\/\/sindicomdf.com.br\/portal\/?s={search_term_string}\"},\"query-input\":{\"@type\":\"PropertyValueSpecification\",\"valueRequired\":true,\"valueName\":\"search_term_string\"}}],\"inLanguage\":\"pt-BR\"},{\"@type\":\"Person\",\"@id\":\"https:\/\/sindicomdf.com.br\/portal\/#\/schema\/person\/d0b3d5e583090e99455a15a5994e6964\",\"name\":\"Anacleto\",\"image\":{\"@type\":\"ImageObject\",\"inLanguage\":\"pt-BR\",\"@id\":\"https:\/\/sindicomdf.com.br\/portal\/#\/schema\/person\/image\/\",\"url\":\"https:\/\/secure.gravatar.com\/avatar\/1683b7fd567d7eb1b0b61927c478b658e15aae2b4bc17db06d10248de884431a?s=96&d=mm&r=g\",\"contentUrl\":\"https:\/\/secure.gravatar.com\/avatar\/1683b7fd567d7eb1b0b61927c478b658e15aae2b4bc17db06d10248de884431a?s=96&d=mm&r=g\",\"caption\":\"Anacleto\"},\"url\":\"https:\/\/sindicomdf.com.br\/portal\/author\/anacleto\/\"}]}<\/script>\n<!-- \/ Yoast SEO plugin. -->","yoast_head_json":{"title":"Aos empregados do segmento de carnes frescas, g\u00eaneros aliment\u00edcios, frutas, verduras, flores e plantas; de material de escrit\u00f3rio, papelaria e livraria, de \u00f3pticas e estabelecimentos fotogr\u00e1ficos - SINDICOM","robots":{"index":"index","follow":"follow","max-snippet":"max-snippet:-1","max-image-preview":"max-image-preview:large","max-video-preview":"max-video-preview:-1"},"canonical":"https:\/\/sindicomdf.com.br\/portal\/aos-empregados-do-segmento-de-carnes-frescas-generos-alimenticios-frutas-verduras-flores-e-plantas-de-material-de-escritorio-papelaria-e-livraria-de-opticas-e-estabelecimentos-fotograficos\/","og_locale":"pt_BR","og_type":"article","og_title":"Aos empregados do segmento de carnes frescas, g\u00eaneros aliment\u00edcios, frutas, verduras, flores e plantas; de material de escrit\u00f3rio, papelaria e livraria, de \u00f3pticas e estabelecimentos fotogr\u00e1ficos - SINDICOM","og_description":"O Sindicato dos Comerci\u00e1rios no DF, por meio de negocia\u00e7\u00e3o coletiva, conquistou o direito de fechar o com\u00e9rcio no dia 07\/09\/2015 (segunda-feira 7 de setembro). Em caso de descumprimento, conforme a cl\u00e1usula 43\u00aa da Conven\u00e7\u00e3o Coletiva de Trabalho, a empresa ter\u00e1 de pagar uma multa de 1\/3 do sal\u00e1rio a cada empregado prejudicado. Entre em [&hellip;]","og_url":"https:\/\/sindicomdf.com.br\/portal\/aos-empregados-do-segmento-de-carnes-frescas-generos-alimenticios-frutas-verduras-flores-e-plantas-de-material-de-escritorio-papelaria-e-livraria-de-opticas-e-estabelecimentos-fotograficos\/","og_site_name":"SINDICOM","article_published_time":"2015-09-04T16:18:24+00:00","article_modified_time":"2015-09-04T17:06:54+00:00","author":"Anacleto","twitter_card":"summary_large_image","twitter_misc":{"Escrito por":"Anacleto","Est. tempo de leitura":"1 minuto"},"schema":{"@context":"https:\/\/schema.org","@graph":[{"@type":"WebPage","@id":"https:\/\/sindicomdf.com.br\/portal\/aos-empregados-do-segmento-de-carnes-frescas-generos-alimenticios-frutas-verduras-flores-e-plantas-de-material-de-escritorio-papelaria-e-livraria-de-opticas-e-estabelecimentos-fotograficos\/","url":"https:\/\/sindicomdf.com.br\/portal\/aos-empregados-do-segmento-de-carnes-frescas-generos-alimenticios-frutas-verduras-flores-e-plantas-de-material-de-escritorio-papelaria-e-livraria-de-opticas-e-estabelecimentos-fotograficos\/","name":"Aos empregados do segmento de carnes frescas, g\u00eaneros aliment\u00edcios, frutas, verduras, flores e plantas; de material de escrit\u00f3rio, papelaria e livraria, de \u00f3pticas e estabelecimentos fotogr\u00e1ficos - SINDICOM","isPartOf":{"@id":"https:\/\/sindicomdf.com.br\/portal\/#website"},"datePublished":"2015-09-04T16:18:24+00:00","dateModified":"2015-09-04T17:06:54+00:00","author":{"@id":"https:\/\/sindicomdf.com.br\/portal\/#\/schema\/person\/d0b3d5e583090e99455a15a5994e6964"},"breadcrumb":{"@id":"https:\/\/sindicomdf.com.br\/portal\/aos-empregados-do-segmento-de-carnes-frescas-generos-alimenticios-frutas-verduras-flores-e-plantas-de-material-de-escritorio-papelaria-e-livraria-de-opticas-e-estabelecimentos-fotograficos\/#breadcrumb"},"inLanguage":"pt-BR","potentialAction":[{"@type":"ReadAction","target":["https:\/\/sindicomdf.com.br\/portal\/aos-empregados-do-segmento-de-carnes-frescas-generos-alimenticios-frutas-verduras-flores-e-plantas-de-material-de-escritorio-papelaria-e-livraria-de-opticas-e-estabelecimentos-fotograficos\/"]}]},{"@type":"BreadcrumbList","@id":"https:\/\/sindicomdf.com.br\/portal\/aos-empregados-do-segmento-de-carnes-frescas-generos-alimenticios-frutas-verduras-flores-e-plantas-de-material-de-escritorio-papelaria-e-livraria-de-opticas-e-estabelecimentos-fotograficos\/#breadcrumb","itemListElement":[{"@type":"ListItem","position":1,"name":"In\u00edcio","item":"https:\/\/sindicomdf.com.br\/portal\/"},{"@type":"ListItem","position":2,"name":"Aos empregados do segmento de carnes frescas, g\u00eaneros aliment\u00edcios, frutas, verduras, flores e plantas; de material de escrit\u00f3rio, papelaria e livraria, de \u00f3pticas e estabelecimentos fotogr\u00e1ficos"}]},{"@type":"WebSite","@id":"https:\/\/sindicomdf.com.br\/portal\/#website","url":"https:\/\/sindicomdf.com.br\/portal\/","name":"SINDICOM","description":"Sindicato dos Empregados no Com\u00e9rcio do DF","potentialAction":[{"@type":"SearchAction","target":{"@type":"EntryPoint","urlTemplate":"https:\/\/sindicomdf.com.br\/portal\/?s={search_term_string}"},"query-input":{"@type":"PropertyValueSpecification","valueRequired":true,"valueName":"search_term_string"}}],"inLanguage":"pt-BR"},{"@type":"Person","@id":"https:\/\/sindicomdf.com.br\/portal\/#\/schema\/person\/d0b3d5e583090e99455a15a5994e6964","name":"Anacleto","image":{"@type":"ImageObject","inLanguage":"pt-BR","@id":"https:\/\/sindicomdf.com.br\/portal\/#\/schema\/person\/image\/","url":"https:\/\/secure.gravatar.com\/avatar\/1683b7fd567d7eb1b0b61927c478b658e15aae2b4bc17db06d10248de884431a?s=96&d=mm&r=g","contentUrl":"https:\/\/secure.gravatar.com\/avatar\/1683b7fd567d7eb1b0b61927c478b658e15aae2b4bc17db06d10248de884431a?s=96&d=mm&r=g","caption":"Anacleto"},"url":"https:\/\/sindicomdf.com.br\/portal\/author\/anacleto\/"}]}},"_links":{"self":[{"href":"https:\/\/sindicomdf.com.br\/portal\/wp-json\/wp\/v2\/posts\/4857","targetHints":{"allow":["GET"]}}],"collection":[{"href":"https:\/\/sindicomdf.com.br\/portal\/wp-json\/wp\/v2\/posts"}],"about":[{"href":"https:\/\/sindicomdf.com.br\/portal\/wp-json\/wp\/v2\/types\/post"}],"author":[{"embeddable":true,"href":"https:\/\/sindicomdf.com.br\/portal\/wp-json\/wp\/v2\/users\/1"}],"replies":[{"embeddable":true,"href":"https:\/\/sindicomdf.com.br\/portal\/wp-json\/wp\/v2\/comments?post=4857"}],"version-history":[{"count":1,"href":"https:\/\/sindicomdf.com.br\/portal\/wp-json\/wp\/v2\/posts\/4857\/revisions"}],"predecessor-version":[{"id":4858,"href":"https:\/\/sindicomdf.com.br\/portal\/wp-json\/wp\/v2\/posts\/4857\/revisions\/4858"}],"wp:attachment":[{"href":"https:\/\/sindicomdf.com.br\/portal\/wp-json\/wp\/v2\/media?parent=4857"}],"wp:term":[{"taxonomy":"category","embeddable":true,"href":"https:\/\/sindicomdf.com.br\/portal\/wp-json\/wp\/v2\/categories?post=4857"},{"taxonomy":"post_tag","embeddable":true,"href":"https:\/\/sindicomdf.com.br\/portal\/wp-json\/wp\/v2\/tags?post=4857"}],"curies":[{"name":"wp","href":"https:\/\/api.w.org\/{rel}","templated":true}]}}