{"id":12207,"date":"2026-03-18T14:46:11","date_gmt":"2026-03-18T14:46:11","guid":{"rendered":"https:\/\/sindicomdf.com.br\/portal\/?p=12207"},"modified":"2026-03-18T15:49:44","modified_gmt":"2026-03-18T15:49:44","slug":"assembleia-da-campanha-salarial-2026-em-taguatinga-fortalece-construcao-da-pauta-de-reivindicacoes","status":"publish","type":"post","link":"https:\/\/sindicomdf.com.br\/portal\/assembleia-da-campanha-salarial-2026-em-taguatinga-fortalece-construcao-da-pauta-de-reivindicacoes\/","title":{"rendered":"Assembleia em Taguatinga fortalece constru\u00e7\u00e3o da pauta de reivindica\u00e7\u00f5es da Campanha Salarial 2026"},"content":{"rendered":"<p>O <strong>Sindicato dos Comerci\u00e1rios do Distrito Federal (Sindicom-DF)<\/strong> realizou, na tarde dessa <strong>ter\u00e7a-feira (17)<\/strong>, em <strong>Taguatinga<\/strong>, mais uma assembleia da <strong>Campanha Salarial 2026 dos trabalhadores e trabalhadoras do com\u00e9rcio varejista do DF<\/strong>. O encontro aconteceu na <strong>CNB 05, pr\u00f3ximo \u00e0 loja Riachuelo<\/strong>, reunindo comerci\u00e1rios da regi\u00e3o para debater as principais demandas da categoria e contribuir com a constru\u00e7\u00e3o da <strong>pauta de reivindica\u00e7\u00f5es da data-base 2026<\/strong>.<\/p>\n<p>Durante a assembleia, os participantes puderam apresentar sugest\u00f5es e discutir propostas relacionadas a <strong>reajuste salarial, amplia\u00e7\u00e3o de benef\u00edcios e melhorias nas condi\u00e7\u00f5es de trabalho<\/strong>. O espa\u00e7o tamb\u00e9m foi marcado pelo di\u00e1logo aberto entre a dire\u00e7\u00e3o sindical e a categoria, refor\u00e7ando o car\u00e1ter coletivo da campanha salarial.<\/p>\n<p>Sempre destaque nas assembleias, o uso de <strong>urnas para coleta de reivindica\u00e7\u00f5es escritas<\/strong>, garante que trabalhadores e trabalhadoras que n\u00e3o desejam se manifestar ao microfone tamb\u00e9m possam registrar suas sugest\u00f5es e participar do processo de constru\u00e7\u00e3o da pauta.<\/p>\n<p>A <strong>secret\u00e1ria-geral do Sindicom-DF, Geralda Godinho<\/strong>, sempre ressalta que a iniciativa amplia a participa\u00e7\u00e3o da categoria e fortalece a escuta das demandas dos comerci\u00e1rios e comerci\u00e1rias.<\/p>\n<p>\u201cNosso compromisso \u00e9 garantir que todos e todas tenham espa\u00e7o para contribuir com a campanha salarial. As urnas s\u00e3o uma forma de acolher quem prefere registrar sua opini\u00e3o por escrito, assegurando que nenhuma reivindica\u00e7\u00e3o deixe de ser considerada\u201d, destacou.<\/p>\n<p>A rodada de encontros setoriais da campanha salarial continua nesta quarta (18), \u00e0s 16h, no Conjunto Nacional, e ser\u00e1 conclu\u00edda com a <strong>Assembleia Geral Extraordin\u00e1ria da categoria<\/strong>, marcada para o <strong>dia 22 de mar\u00e7o (domingo), \u00e0s 11h<\/strong>, no <strong>Clube dos Comerci\u00e1rios<\/strong>, onde a pauta final de reivindica\u00e7\u00f5es ser\u00e1 discutida e aprovada pelos trabalhadores e trabalhadoras.<\/p>\n<div id='gallery-1' class='gallery galleryid-12207 gallery-columns-3 gallery-size-large'><dl class='gallery-item'>\n\t\t\t<dt class='gallery-icon landscape'>\n\t\t\t\t<a href='https:\/\/sindicomdf.com.br\/portal\/wp-content\/uploads\/2026\/03\/img2.jpg'><img loading=\"lazy\" decoding=\"async\" width=\"1024\" height=\"768\" src=\"https:\/\/sindicomdf.com.br\/portal\/wp-content\/uploads\/2026\/03\/img2-1024x768.jpg\" class=\"attachment-large size-large\" alt=\"\" srcset=\"https:\/\/sindicomdf.com.br\/portal\/wp-content\/uploads\/2026\/03\/img2-1024x768.jpg 1024w, https:\/\/sindicomdf.com.br\/portal\/wp-content\/uploads\/2026\/03\/img2-300x225.jpg 300w, https:\/\/sindicomdf.com.br\/portal\/wp-content\/uploads\/2026\/03\/img2-768x576.jpg 768w, https:\/\/sindicomdf.com.br\/portal\/wp-content\/uploads\/2026\/03\/img2-45x35.jpg 45w, https:\/\/sindicomdf.com.br\/portal\/wp-content\/uploads\/2026\/03\/img2.jpg 1280w\" sizes=\"auto, (max-width: 1024px) 100vw, 1024px\" \/><\/a>\n\t\t\t<\/dt><\/dl><dl class='gallery-item'>\n\t\t\t<dt class='gallery-icon landscape'>\n\t\t\t\t<a href='https:\/\/sindicomdf.com.br\/portal\/wp-content\/uploads\/2026\/03\/95f26a2d-600f-4f9f-90fe-4b219342e63f.jpg'><img loading=\"lazy\" decoding=\"async\" width=\"1024\" height=\"768\" src=\"https:\/\/sindicomdf.com.br\/portal\/wp-content\/uploads\/2026\/03\/95f26a2d-600f-4f9f-90fe-4b219342e63f-1024x768.jpg\" class=\"attachment-large size-large\" alt=\"\" srcset=\"https:\/\/sindicomdf.com.br\/portal\/wp-content\/uploads\/2026\/03\/95f26a2d-600f-4f9f-90fe-4b219342e63f-1024x768.jpg 1024w, https:\/\/sindicomdf.com.br\/portal\/wp-content\/uploads\/2026\/03\/95f26a2d-600f-4f9f-90fe-4b219342e63f-300x225.jpg 300w, https:\/\/sindicomdf.com.br\/portal\/wp-content\/uploads\/2026\/03\/95f26a2d-600f-4f9f-90fe-4b219342e63f-768x576.jpg 768w, https:\/\/sindicomdf.com.br\/portal\/wp-content\/uploads\/2026\/03\/95f26a2d-600f-4f9f-90fe-4b219342e63f-1536x1152.jpg 1536w, https:\/\/sindicomdf.com.br\/portal\/wp-content\/uploads\/2026\/03\/95f26a2d-600f-4f9f-90fe-4b219342e63f-45x35.jpg 45w, https:\/\/sindicomdf.com.br\/portal\/wp-content\/uploads\/2026\/03\/95f26a2d-600f-4f9f-90fe-4b219342e63f.jpg 1600w\" sizes=\"auto, (max-width: 1024px) 100vw, 1024px\" \/><\/a>\n\t\t\t<\/dt><\/dl><dl class='gallery-item'>\n\t\t\t<dt class='gallery-icon landscape'>\n\t\t\t\t<a href='https:\/\/sindicomdf.com.br\/portal\/wp-content\/uploads\/2026\/03\/img1-2.jpg'><img loading=\"lazy\" decoding=\"async\" width=\"1024\" height=\"768\" src=\"https:\/\/sindicomdf.com.br\/portal\/wp-content\/uploads\/2026\/03\/img1-2-1024x768.jpg\" class=\"attachment-large size-large\" alt=\"\" srcset=\"https:\/\/sindicomdf.com.br\/portal\/wp-content\/uploads\/2026\/03\/img1-2-1024x768.jpg 1024w, https:\/\/sindicomdf.com.br\/portal\/wp-content\/uploads\/2026\/03\/img1-2-300x225.jpg 300w, https:\/\/sindicomdf.com.br\/portal\/wp-content\/uploads\/2026\/03\/img1-2-768x576.jpg 768w, https:\/\/sindicomdf.com.br\/portal\/wp-content\/uploads\/2026\/03\/img1-2-1536x1152.jpg 1536w, https:\/\/sindicomdf.com.br\/portal\/wp-content\/uploads\/2026\/03\/img1-2-45x35.jpg 45w, https:\/\/sindicomdf.com.br\/portal\/wp-content\/uploads\/2026\/03\/img1-2.jpg 1600w\" sizes=\"auto, (max-width: 1024px) 100vw, 1024px\" \/><\/a>\n\t\t\t<\/dt><\/dl><br style=\"clear: both\" \/><dl class='gallery-item'>\n\t\t\t<dt class='gallery-icon landscape'>\n\t\t\t\t<a href='https:\/\/sindicomdf.com.br\/portal\/wp-content\/uploads\/2026\/03\/img3.jpg'><img loading=\"lazy\" decoding=\"async\" width=\"1024\" height=\"768\" src=\"https:\/\/sindicomdf.com.br\/portal\/wp-content\/uploads\/2026\/03\/img3-1024x768.jpg\" class=\"attachment-large size-large\" alt=\"\" srcset=\"https:\/\/sindicomdf.com.br\/portal\/wp-content\/uploads\/2026\/03\/img3-1024x768.jpg 1024w, https:\/\/sindicomdf.com.br\/portal\/wp-content\/uploads\/2026\/03\/img3-300x225.jpg 300w, https:\/\/sindicomdf.com.br\/portal\/wp-content\/uploads\/2026\/03\/img3-768x576.jpg 768w, https:\/\/sindicomdf.com.br\/portal\/wp-content\/uploads\/2026\/03\/img3-45x35.jpg 45w, https:\/\/sindicomdf.com.br\/portal\/wp-content\/uploads\/2026\/03\/img3.jpg 1280w\" sizes=\"auto, (max-width: 1024px) 100vw, 1024px\" \/><\/a>\n\t\t\t<\/dt><\/dl><dl class='gallery-item'>\n\t\t\t<dt class='gallery-icon landscape'>\n\t\t\t\t<a href='https:\/\/sindicomdf.com.br\/portal\/wp-content\/uploads\/2026\/03\/img4.jpg'><img loading=\"lazy\" decoding=\"async\" width=\"1024\" height=\"768\" src=\"https:\/\/sindicomdf.com.br\/portal\/wp-content\/uploads\/2026\/03\/img4-1024x768.jpg\" class=\"attachment-large size-large\" alt=\"\" srcset=\"https:\/\/sindicomdf.com.br\/portal\/wp-content\/uploads\/2026\/03\/img4-1024x768.jpg 1024w, https:\/\/sindicomdf.com.br\/portal\/wp-content\/uploads\/2026\/03\/img4-300x225.jpg 300w, https:\/\/sindicomdf.com.br\/portal\/wp-content\/uploads\/2026\/03\/img4-768x576.jpg 768w, https:\/\/sindicomdf.com.br\/portal\/wp-content\/uploads\/2026\/03\/img4-45x35.jpg 45w, https:\/\/sindicomdf.com.br\/portal\/wp-content\/uploads\/2026\/03\/img4.jpg 1280w\" sizes=\"auto, (max-width: 1024px) 100vw, 1024px\" \/><\/a>\n\t\t\t<\/dt><\/dl><dl class='gallery-item'>\n\t\t\t<dt class='gallery-icon landscape'>\n\t\t\t\t<a href='https:\/\/sindicomdf.com.br\/portal\/wp-content\/uploads\/2026\/03\/img5.jpg'><img loading=\"lazy\" decoding=\"async\" width=\"1024\" height=\"768\" src=\"https:\/\/sindicomdf.com.br\/portal\/wp-content\/uploads\/2026\/03\/img5-1024x768.jpg\" class=\"attachment-large size-large\" alt=\"\" srcset=\"https:\/\/sindicomdf.com.br\/portal\/wp-content\/uploads\/2026\/03\/img5-1024x768.jpg 1024w, https:\/\/sindicomdf.com.br\/portal\/wp-content\/uploads\/2026\/03\/img5-300x225.jpg 300w, https:\/\/sindicomdf.com.br\/portal\/wp-content\/uploads\/2026\/03\/img5-768x576.jpg 768w, https:\/\/sindicomdf.com.br\/portal\/wp-content\/uploads\/2026\/03\/img5-45x35.jpg 45w, https:\/\/sindicomdf.com.br\/portal\/wp-content\/uploads\/2026\/03\/img5.jpg 1280w\" sizes=\"auto, (max-width: 1024px) 100vw, 1024px\" \/><\/a>\n\t\t\t<\/dt><\/dl><br style=\"clear: both\" \/><dl class='gallery-item'>\n\t\t\t<dt class='gallery-icon landscape'>\n\t\t\t\t<a href='https:\/\/sindicomdf.com.br\/portal\/wp-content\/uploads\/2026\/03\/img6.jpg'><img loading=\"lazy\" decoding=\"async\" width=\"1024\" height=\"768\" src=\"https:\/\/sindicomdf.com.br\/portal\/wp-content\/uploads\/2026\/03\/img6-1024x768.jpg\" class=\"attachment-large size-large\" alt=\"\" srcset=\"https:\/\/sindicomdf.com.br\/portal\/wp-content\/uploads\/2026\/03\/img6-1024x768.jpg 1024w, https:\/\/sindicomdf.com.br\/portal\/wp-content\/uploads\/2026\/03\/img6-300x225.jpg 300w, https:\/\/sindicomdf.com.br\/portal\/wp-content\/uploads\/2026\/03\/img6-768x576.jpg 768w, https:\/\/sindicomdf.com.br\/portal\/wp-content\/uploads\/2026\/03\/img6-45x35.jpg 45w, https:\/\/sindicomdf.com.br\/portal\/wp-content\/uploads\/2026\/03\/img6.jpg 1280w\" sizes=\"auto, (max-width: 1024px) 100vw, 1024px\" \/><\/a>\n\t\t\t<\/dt><\/dl><dl class='gallery-item'>\n\t\t\t<dt class='gallery-icon landscape'>\n\t\t\t\t<a href='https:\/\/sindicomdf.com.br\/portal\/wp-content\/uploads\/2026\/03\/img7.jpg'><img loading=\"lazy\" decoding=\"async\" width=\"1024\" height=\"768\" src=\"https:\/\/sindicomdf.com.br\/portal\/wp-content\/uploads\/2026\/03\/img7-1024x768.jpg\" class=\"attachment-large size-large\" alt=\"\" srcset=\"https:\/\/sindicomdf.com.br\/portal\/wp-content\/uploads\/2026\/03\/img7-1024x768.jpg 1024w, https:\/\/sindicomdf.com.br\/portal\/wp-content\/uploads\/2026\/03\/img7-300x225.jpg 300w, https:\/\/sindicomdf.com.br\/portal\/wp-content\/uploads\/2026\/03\/img7-768x576.jpg 768w, https:\/\/sindicomdf.com.br\/portal\/wp-content\/uploads\/2026\/03\/img7-45x35.jpg 45w, https:\/\/sindicomdf.com.br\/portal\/wp-content\/uploads\/2026\/03\/img7.jpg 1280w\" sizes=\"auto, (max-width: 1024px) 100vw, 1024px\" \/><\/a>\n\t\t\t<\/dt><\/dl><dl class='gallery-item'>\n\t\t\t<dt class='gallery-icon landscape'>\n\t\t\t\t<a href='https:\/\/sindicomdf.com.br\/portal\/wp-content\/uploads\/2026\/03\/efe95f29-343c-4ec7-be66-c082862f5eaa.jpg'><img loading=\"lazy\" decoding=\"async\" width=\"1024\" height=\"768\" src=\"https:\/\/sindicomdf.com.br\/portal\/wp-content\/uploads\/2026\/03\/efe95f29-343c-4ec7-be66-c082862f5eaa-1024x768.jpg\" class=\"attachment-large size-large\" alt=\"\" srcset=\"https:\/\/sindicomdf.com.br\/portal\/wp-content\/uploads\/2026\/03\/efe95f29-343c-4ec7-be66-c082862f5eaa-1024x768.jpg 1024w, https:\/\/sindicomdf.com.br\/portal\/wp-content\/uploads\/2026\/03\/efe95f29-343c-4ec7-be66-c082862f5eaa-300x225.jpg 300w, https:\/\/sindicomdf.com.br\/portal\/wp-content\/uploads\/2026\/03\/efe95f29-343c-4ec7-be66-c082862f5eaa-768x576.jpg 768w, https:\/\/sindicomdf.com.br\/portal\/wp-content\/uploads\/2026\/03\/efe95f29-343c-4ec7-be66-c082862f5eaa-1536x1152.jpg 1536w, https:\/\/sindicomdf.com.br\/portal\/wp-content\/uploads\/2026\/03\/efe95f29-343c-4ec7-be66-c082862f5eaa-45x35.jpg 45w, https:\/\/sindicomdf.com.br\/portal\/wp-content\/uploads\/2026\/03\/efe95f29-343c-4ec7-be66-c082862f5eaa.jpg 1600w\" sizes=\"auto, (max-width: 1024px) 100vw, 1024px\" \/><\/a>\n\t\t\t<\/dt><\/dl><br style=\"clear: both\" \/>\n\t\t<\/div>\n\n<p>&nbsp;<\/p>\n<p>&nbsp;<\/p>\n","protected":false},"excerpt":{"rendered":"<p>O Sindicato dos Comerci\u00e1rios do Distrito Federal (Sindicom-DF) realizou, na tarde dessa ter\u00e7a-feira (17), em Taguatinga, mais uma assembleia da Campanha Salarial 2026 dos trabalhadores e trabalhadoras do com\u00e9rcio varejista do DF. O encontro aconteceu na CNB 05, pr\u00f3ximo \u00e0 loja Riachuelo, reunindo comerci\u00e1rios da regi\u00e3o para debater as principais demandas da categoria e contribuir [&hellip;]<\/p>\n","protected":false},"author":3,"featured_media":12213,"comment_status":"open","ping_status":"open","sticky":false,"template":"","format":"standard","meta":{"_bbp_topic_count":0,"_bbp_reply_count":0,"_bbp_total_topic_count":0,"_bbp_total_reply_count":0,"_bbp_voice_count":0,"_bbp_anonymous_reply_count":0,"_bbp_topic_count_hidden":0,"_bbp_reply_count_hidden":0,"_bbp_forum_subforum_count":0,"footnotes":""},"categories":[56],"tags":[],"class_list":{"0":"post-12207","1":"post","2":"type-post","3":"status-publish","4":"format-standard","5":"has-post-thumbnail","7":"category-assembleia"},"yoast_head":"<!-- This site is optimized with the Yoast SEO plugin v23.7 - https:\/\/yoast.com\/wordpress\/plugins\/seo\/ -->\n<title>Assembleia em Taguatinga fortalece constru\u00e7\u00e3o da pauta de reivindica\u00e7\u00f5es da Campanha Salarial 2026 - SINDICOM<\/title>\n<meta name=\"robots\" content=\"index, follow, max-snippet:-1, max-image-preview:large, max-video-preview:-1\" \/>\n<link rel=\"canonical\" href=\"https:\/\/sindicomdf.com.br\/portal\/assembleia-da-campanha-salarial-2026-em-taguatinga-fortalece-construcao-da-pauta-de-reivindicacoes\/\" \/>\n<meta property=\"og:locale\" content=\"pt_BR\" \/>\n<meta property=\"og:type\" content=\"article\" \/>\n<meta property=\"og:title\" content=\"Assembleia em Taguatinga fortalece constru\u00e7\u00e3o da pauta de reivindica\u00e7\u00f5es da Campanha Salarial 2026 - SINDICOM\" \/>\n<meta property=\"og:description\" content=\"O Sindicato dos Comerci\u00e1rios do Distrito Federal (Sindicom-DF) realizou, na tarde dessa ter\u00e7a-feira (17), em Taguatinga, mais uma assembleia da Campanha Salarial 2026 dos trabalhadores e trabalhadoras do com\u00e9rcio varejista do DF. O encontro aconteceu na CNB 05, pr\u00f3ximo \u00e0 loja Riachuelo, reunindo comerci\u00e1rios da regi\u00e3o para debater as principais demandas da categoria e contribuir [&hellip;]\" \/>\n<meta property=\"og:url\" content=\"https:\/\/sindicomdf.com.br\/portal\/assembleia-da-campanha-salarial-2026-em-taguatinga-fortalece-construcao-da-pauta-de-reivindicacoes\/\" \/>\n<meta property=\"og:site_name\" content=\"SINDICOM\" \/>\n<meta property=\"article:published_time\" content=\"2026-03-18T14:46:11+00:00\" \/>\n<meta property=\"article:modified_time\" content=\"2026-03-18T15:49:44+00:00\" \/>\n<meta property=\"og:image\" content=\"https:\/\/sindicomdf.com.br\/portal\/wp-content\/uploads\/2026\/03\/img1-2.jpg\" \/>\n\t<meta property=\"og:image:width\" content=\"1600\" \/>\n\t<meta property=\"og:image:height\" content=\"1200\" \/>\n\t<meta property=\"og:image:type\" content=\"image\/jpeg\" \/>\n<meta name=\"author\" content=\"Imprensa\" \/>\n<meta name=\"twitter:card\" content=\"summary_large_image\" \/>\n<meta name=\"twitter:label1\" content=\"Escrito por\" \/>\n\t<meta name=\"twitter:data1\" content=\"Imprensa\" \/>\n\t<meta name=\"twitter:label2\" content=\"Est. tempo de leitura\" \/>\n\t<meta name=\"twitter:data2\" content=\"2 minutos\" \/>\n<script type=\"application\/ld+json\" class=\"yoast-schema-graph\">{\"@context\":\"https:\/\/schema.org\",\"@graph\":[{\"@type\":\"WebPage\",\"@id\":\"https:\/\/sindicomdf.com.br\/portal\/assembleia-da-campanha-salarial-2026-em-taguatinga-fortalece-construcao-da-pauta-de-reivindicacoes\/\",\"url\":\"https:\/\/sindicomdf.com.br\/portal\/assembleia-da-campanha-salarial-2026-em-taguatinga-fortalece-construcao-da-pauta-de-reivindicacoes\/\",\"name\":\"Assembleia em Taguatinga fortalece constru\u00e7\u00e3o da pauta de reivindica\u00e7\u00f5es da Campanha Salarial 2026 - SINDICOM\",\"isPartOf\":{\"@id\":\"https:\/\/sindicomdf.com.br\/portal\/#website\"},\"primaryImageOfPage\":{\"@id\":\"https:\/\/sindicomdf.com.br\/portal\/assembleia-da-campanha-salarial-2026-em-taguatinga-fortalece-construcao-da-pauta-de-reivindicacoes\/#primaryimage\"},\"image\":{\"@id\":\"https:\/\/sindicomdf.com.br\/portal\/assembleia-da-campanha-salarial-2026-em-taguatinga-fortalece-construcao-da-pauta-de-reivindicacoes\/#primaryimage\"},\"thumbnailUrl\":\"https:\/\/sindicomdf.com.br\/portal\/wp-content\/uploads\/2026\/03\/img1-2.jpg\",\"datePublished\":\"2026-03-18T14:46:11+00:00\",\"dateModified\":\"2026-03-18T15:49:44+00:00\",\"author\":{\"@id\":\"https:\/\/sindicomdf.com.br\/portal\/#\/schema\/person\/09372242e78b757907e33fe5db53d205\"},\"breadcrumb\":{\"@id\":\"https:\/\/sindicomdf.com.br\/portal\/assembleia-da-campanha-salarial-2026-em-taguatinga-fortalece-construcao-da-pauta-de-reivindicacoes\/#breadcrumb\"},\"inLanguage\":\"pt-BR\",\"potentialAction\":[{\"@type\":\"ReadAction\",\"target\":[\"https:\/\/sindicomdf.com.br\/portal\/assembleia-da-campanha-salarial-2026-em-taguatinga-fortalece-construcao-da-pauta-de-reivindicacoes\/\"]}]},{\"@type\":\"ImageObject\",\"inLanguage\":\"pt-BR\",\"@id\":\"https:\/\/sindicomdf.com.br\/portal\/assembleia-da-campanha-salarial-2026-em-taguatinga-fortalece-construcao-da-pauta-de-reivindicacoes\/#primaryimage\",\"url\":\"https:\/\/sindicomdf.com.br\/portal\/wp-content\/uploads\/2026\/03\/img1-2.jpg\",\"contentUrl\":\"https:\/\/sindicomdf.com.br\/portal\/wp-content\/uploads\/2026\/03\/img1-2.jpg\",\"width\":1600,\"height\":1200},{\"@type\":\"BreadcrumbList\",\"@id\":\"https:\/\/sindicomdf.com.br\/portal\/assembleia-da-campanha-salarial-2026-em-taguatinga-fortalece-construcao-da-pauta-de-reivindicacoes\/#breadcrumb\",\"itemListElement\":[{\"@type\":\"ListItem\",\"position\":1,\"name\":\"In\u00edcio\",\"item\":\"https:\/\/sindicomdf.com.br\/portal\/\"},{\"@type\":\"ListItem\",\"position\":2,\"name\":\"Assembleia em Taguatinga fortalece constru\u00e7\u00e3o da pauta de reivindica\u00e7\u00f5es da Campanha Salarial 2026\"}]},{\"@type\":\"WebSite\",\"@id\":\"https:\/\/sindicomdf.com.br\/portal\/#website\",\"url\":\"https:\/\/sindicomdf.com.br\/portal\/\",\"name\":\"SINDICOM\",\"description\":\"Sindicato dos Empregados no Com\u00e9rcio do DF\",\"potentialAction\":[{\"@type\":\"SearchAction\",\"target\":{\"@type\":\"EntryPoint\",\"urlTemplate\":\"https:\/\/sindicomdf.com.br\/portal\/?s={search_term_string}\"},\"query-input\":{\"@type\":\"PropertyValueSpecification\",\"valueRequired\":true,\"valueName\":\"search_term_string\"}}],\"inLanguage\":\"pt-BR\"},{\"@type\":\"Person\",\"@id\":\"https:\/\/sindicomdf.com.br\/portal\/#\/schema\/person\/09372242e78b757907e33fe5db53d205\",\"name\":\"Imprensa\",\"image\":{\"@type\":\"ImageObject\",\"inLanguage\":\"pt-BR\",\"@id\":\"https:\/\/sindicomdf.com.br\/portal\/#\/schema\/person\/image\/\",\"url\":\"https:\/\/secure.gravatar.com\/avatar\/060ac8086a7131ef4b79f847ca8f7acd57811aa2a477aca1d2a09b88754dd9de?s=96&d=mm&r=g\",\"contentUrl\":\"https:\/\/secure.gravatar.com\/avatar\/060ac8086a7131ef4b79f847ca8f7acd57811aa2a477aca1d2a09b88754dd9de?s=96&d=mm&r=g\",\"caption\":\"Imprensa\"},\"url\":\"https:\/\/sindicomdf.com.br\/portal\/author\/imprensa\/\"}]}<\/script>\n<!-- \/ Yoast SEO plugin. -->","yoast_head_json":{"title":"Assembleia em Taguatinga fortalece constru\u00e7\u00e3o da pauta de reivindica\u00e7\u00f5es da Campanha Salarial 2026 - SINDICOM","robots":{"index":"index","follow":"follow","max-snippet":"max-snippet:-1","max-image-preview":"max-image-preview:large","max-video-preview":"max-video-preview:-1"},"canonical":"https:\/\/sindicomdf.com.br\/portal\/assembleia-da-campanha-salarial-2026-em-taguatinga-fortalece-construcao-da-pauta-de-reivindicacoes\/","og_locale":"pt_BR","og_type":"article","og_title":"Assembleia em Taguatinga fortalece constru\u00e7\u00e3o da pauta de reivindica\u00e7\u00f5es da Campanha Salarial 2026 - SINDICOM","og_description":"O Sindicato dos Comerci\u00e1rios do Distrito Federal (Sindicom-DF) realizou, na tarde dessa ter\u00e7a-feira (17), em Taguatinga, mais uma assembleia da Campanha Salarial 2026 dos trabalhadores e trabalhadoras do com\u00e9rcio varejista do DF. O encontro aconteceu na CNB 05, pr\u00f3ximo \u00e0 loja Riachuelo, reunindo comerci\u00e1rios da regi\u00e3o para debater as principais demandas da categoria e contribuir [&hellip;]","og_url":"https:\/\/sindicomdf.com.br\/portal\/assembleia-da-campanha-salarial-2026-em-taguatinga-fortalece-construcao-da-pauta-de-reivindicacoes\/","og_site_name":"SINDICOM","article_published_time":"2026-03-18T14:46:11+00:00","article_modified_time":"2026-03-18T15:49:44+00:00","og_image":[{"width":1600,"height":1200,"url":"https:\/\/sindicomdf.com.br\/portal\/wp-content\/uploads\/2026\/03\/img1-2.jpg","type":"image\/jpeg"}],"author":"Imprensa","twitter_card":"summary_large_image","twitter_misc":{"Escrito por":"Imprensa","Est. tempo de leitura":"2 minutos"},"schema":{"@context":"https:\/\/schema.org","@graph":[{"@type":"WebPage","@id":"https:\/\/sindicomdf.com.br\/portal\/assembleia-da-campanha-salarial-2026-em-taguatinga-fortalece-construcao-da-pauta-de-reivindicacoes\/","url":"https:\/\/sindicomdf.com.br\/portal\/assembleia-da-campanha-salarial-2026-em-taguatinga-fortalece-construcao-da-pauta-de-reivindicacoes\/","name":"Assembleia em Taguatinga fortalece constru\u00e7\u00e3o da pauta de reivindica\u00e7\u00f5es da Campanha Salarial 2026 - SINDICOM","isPartOf":{"@id":"https:\/\/sindicomdf.com.br\/portal\/#website"},"primaryImageOfPage":{"@id":"https:\/\/sindicomdf.com.br\/portal\/assembleia-da-campanha-salarial-2026-em-taguatinga-fortalece-construcao-da-pauta-de-reivindicacoes\/#primaryimage"},"image":{"@id":"https:\/\/sindicomdf.com.br\/portal\/assembleia-da-campanha-salarial-2026-em-taguatinga-fortalece-construcao-da-pauta-de-reivindicacoes\/#primaryimage"},"thumbnailUrl":"https:\/\/sindicomdf.com.br\/portal\/wp-content\/uploads\/2026\/03\/img1-2.jpg","datePublished":"2026-03-18T14:46:11+00:00","dateModified":"2026-03-18T15:49:44+00:00","author":{"@id":"https:\/\/sindicomdf.com.br\/portal\/#\/schema\/person\/09372242e78b757907e33fe5db53d205"},"breadcrumb":{"@id":"https:\/\/sindicomdf.com.br\/portal\/assembleia-da-campanha-salarial-2026-em-taguatinga-fortalece-construcao-da-pauta-de-reivindicacoes\/#breadcrumb"},"inLanguage":"pt-BR","potentialAction":[{"@type":"ReadAction","target":["https:\/\/sindicomdf.com.br\/portal\/assembleia-da-campanha-salarial-2026-em-taguatinga-fortalece-construcao-da-pauta-de-reivindicacoes\/"]}]},{"@type":"ImageObject","inLanguage":"pt-BR","@id":"https:\/\/sindicomdf.com.br\/portal\/assembleia-da-campanha-salarial-2026-em-taguatinga-fortalece-construcao-da-pauta-de-reivindicacoes\/#primaryimage","url":"https:\/\/sindicomdf.com.br\/portal\/wp-content\/uploads\/2026\/03\/img1-2.jpg","contentUrl":"https:\/\/sindicomdf.com.br\/portal\/wp-content\/uploads\/2026\/03\/img1-2.jpg","width":1600,"height":1200},{"@type":"BreadcrumbList","@id":"https:\/\/sindicomdf.com.br\/portal\/assembleia-da-campanha-salarial-2026-em-taguatinga-fortalece-construcao-da-pauta-de-reivindicacoes\/#breadcrumb","itemListElement":[{"@type":"ListItem","position":1,"name":"In\u00edcio","item":"https:\/\/sindicomdf.com.br\/portal\/"},{"@type":"ListItem","position":2,"name":"Assembleia em Taguatinga fortalece constru\u00e7\u00e3o da pauta de reivindica\u00e7\u00f5es da Campanha Salarial 2026"}]},{"@type":"WebSite","@id":"https:\/\/sindicomdf.com.br\/portal\/#website","url":"https:\/\/sindicomdf.com.br\/portal\/","name":"SINDICOM","description":"Sindicato dos Empregados no Com\u00e9rcio do DF","potentialAction":[{"@type":"SearchAction","target":{"@type":"EntryPoint","urlTemplate":"https:\/\/sindicomdf.com.br\/portal\/?s={search_term_string}"},"query-input":{"@type":"PropertyValueSpecification","valueRequired":true,"valueName":"search_term_string"}}],"inLanguage":"pt-BR"},{"@type":"Person","@id":"https:\/\/sindicomdf.com.br\/portal\/#\/schema\/person\/09372242e78b757907e33fe5db53d205","name":"Imprensa","image":{"@type":"ImageObject","inLanguage":"pt-BR","@id":"https:\/\/sindicomdf.com.br\/portal\/#\/schema\/person\/image\/","url":"https:\/\/secure.gravatar.com\/avatar\/060ac8086a7131ef4b79f847ca8f7acd57811aa2a477aca1d2a09b88754dd9de?s=96&d=mm&r=g","contentUrl":"https:\/\/secure.gravatar.com\/avatar\/060ac8086a7131ef4b79f847ca8f7acd57811aa2a477aca1d2a09b88754dd9de?s=96&d=mm&r=g","caption":"Imprensa"},"url":"https:\/\/sindicomdf.com.br\/portal\/author\/imprensa\/"}]}},"_links":{"self":[{"href":"https:\/\/sindicomdf.com.br\/portal\/wp-json\/wp\/v2\/posts\/12207","targetHints":{"allow":["GET"]}}],"collection":[{"href":"https:\/\/sindicomdf.com.br\/portal\/wp-json\/wp\/v2\/posts"}],"about":[{"href":"https:\/\/sindicomdf.com.br\/portal\/wp-json\/wp\/v2\/types\/post"}],"author":[{"embeddable":true,"href":"https:\/\/sindicomdf.com.br\/portal\/wp-json\/wp\/v2\/users\/3"}],"replies":[{"embeddable":true,"href":"https:\/\/sindicomdf.com.br\/portal\/wp-json\/wp\/v2\/comments?post=12207"}],"version-history":[{"count":4,"href":"https:\/\/sindicomdf.com.br\/portal\/wp-json\/wp\/v2\/posts\/12207\/revisions"}],"predecessor-version":[{"id":12223,"href":"https:\/\/sindicomdf.com.br\/portal\/wp-json\/wp\/v2\/posts\/12207\/revisions\/12223"}],"wp:featuredmedia":[{"embeddable":true,"href":"https:\/\/sindicomdf.com.br\/portal\/wp-json\/wp\/v2\/media\/12213"}],"wp:attachment":[{"href":"https:\/\/sindicomdf.com.br\/portal\/wp-json\/wp\/v2\/media?parent=12207"}],"wp:term":[{"taxonomy":"category","embeddable":true,"href":"https:\/\/sindicomdf.com.br\/portal\/wp-json\/wp\/v2\/categories?post=12207"},{"taxonomy":"post_tag","embeddable":true,"href":"https:\/\/sindicomdf.com.br\/portal\/wp-json\/wp\/v2\/tags?post=12207"}],"curies":[{"name":"wp","href":"https:\/\/api.w.org\/{rel}","templated":true}]}}