{"id":12189,"date":"2026-03-16T17:44:25","date_gmt":"2026-03-16T17:44:25","guid":{"rendered":"https:\/\/sindicomdf.com.br\/portal\/?p=12189"},"modified":"2026-03-16T17:55:13","modified_gmt":"2026-03-16T17:55:13","slug":"campanha-salarial-2026-comeca-com-rodada-de-assembleias-setoriais-do-comercio-varejista-do-df","status":"publish","type":"post","link":"https:\/\/sindicomdf.com.br\/portal\/campanha-salarial-2026-comeca-com-rodada-de-assembleias-setoriais-do-comercio-varejista-do-df\/","title":{"rendered":"Campanha Salarial 2026 come\u00e7a com rodada de assembleias setoriais do com\u00e9rcio varejista do DF"},"content":{"rendered":"<p>O Sindicato dos Comerci\u00e1rios do Distrito Federal (Sindicom-DF) inicia, nesta semana, a rodada de <strong>assembleias setoriais da Campanha Salarial 2026<\/strong> do com\u00e9rcio varejista. Os encontros t\u00eam como objetivo mobilizar a categoria e <strong>construir coletivamente a pauta de reivindica\u00e7\u00f5es da data-base<\/strong>, que ser\u00e1 levada para negocia\u00e7\u00e3o com o setor patronal.<\/p>\n<p>Durante as assembleias, trabalhadores e trabalhadoras poder\u00e3o <strong>debater, apresentar propostas e participar da elabora\u00e7\u00e3o das reivindica\u00e7\u00f5es<\/strong>, que incluem aumento salarial, amplia\u00e7\u00e3o de benef\u00edcios e contribui\u00e7\u00f5es negociais que fortalecem o sindicato e garantem uma campanha salarial vitoriosa para toda categoria.<\/p>\n<p>Ap\u00f3s a realiza\u00e7\u00e3o das assembleias regionais, acontecer\u00e1 a <strong>Assembleia Geral Extraordin\u00e1ria<\/strong>, para aprova\u00e7\u00e3o da pauta final.<\/p>\n<p>Confira o calend\u00e1rio das assembleias:<\/p>\n<p><strong>16 de mar\u00e7o (segunda-feira)<br \/>\nCidade do Autom\u00f3vel \u2013 Regi\u00e3o<\/strong><br \/>\nHor\u00e1rio: <strong>16h \u2013 \u00faltima convoca\u00e7\u00e3o<\/strong><br \/>\nLocal: <strong>Quadra 15, Conjunto 10, pr\u00f3ximo \u00e0 Import Car<\/strong><\/p>\n<p><strong>17 de mar\u00e7o (ter\u00e7a-feira)<br \/>\nTaguatinga \u2013 Regi\u00e3o<\/strong><br \/>\nHor\u00e1rio: <strong>16h \u2013 \u00faltima convoca\u00e7\u00e3o<\/strong><br \/>\nLocal: <strong>CNB 05, pr\u00f3ximo \u00e0 loja Riachuelo<\/strong><\/p>\n<p><strong>18 de mar\u00e7o (quarta-feira)<br \/>\nBras\u00edlia \u2013 Regi\u00e3o (Conjunto Nacional)<\/strong><br \/>\nHor\u00e1rio: <strong>16h \u2013 \u00faltima convoca\u00e7\u00e3o<\/strong><br \/>\nLocal: <strong>Conjunto Nacional, pr\u00f3ximo ao Magazine Luiza<\/strong><\/p>\n<p><strong>19 de mar\u00e7o (quinta-feira)<br \/>\nSamambaia \u2013 Regi\u00e3o<\/strong><br \/>\nHor\u00e1rio: <strong>16h \u2013 \u00faltima convoca\u00e7\u00e3o<\/strong><br \/>\nLocal: <strong>Q. 208, pr\u00f3ximo \u00e0 Tesoura de Ouro<\/strong><\/p>\n<p><strong>22 de mar\u00e7o (domingo)<br \/>\nAssembleia Geral Extraordin\u00e1ria da categoria<\/strong><br \/>\nHor\u00e1rio: <strong>11h \u2013 \u00faltima convoca\u00e7\u00e3o<\/strong><br \/>\nLocal: <strong>Clube dos Comerci\u00e1rios \u2013 Fazenda Ponte Alta, Gleba A, Ch\u00e1cara 25, N\u00facleo Rural Casa Grande<\/strong><\/p>\n<p>&nbsp;<\/p>\n<p>Al\u00e9m da assembleia geral, o sindicato tamb\u00e9m realizar\u00e1, no mesmo dia, <strong>o Torneio de Futebol da Campanha Salarial 2026<\/strong>, a partir das <strong>9h<\/strong>, no Clube dos Comerci\u00e1rios, como momento de integra\u00e7\u00e3o e mobiliza\u00e7\u00e3o da categoria.<\/p>\n<p>O Sindicom-DF refor\u00e7a que <strong>a participa\u00e7\u00e3o dos trabalhadores e das trabalhadoras \u00e9 fundamental<\/strong> para fortalecer a campanha salarial e ampliar a capacidade de negocia\u00e7\u00e3o do sindicato.<\/p>\n<p>Quanto maior a participa\u00e7\u00e3o da categoria nas assembleias, <strong>mais forte ser\u00e1 a luta por sal\u00e1rios dignos, melhores condi\u00e7\u00f5es de trabalho e valoriza\u00e7\u00e3o profissional no com\u00e9rcio do Distrito Federal<\/strong>.<\/p>\n","protected":false},"excerpt":{"rendered":"<p>O Sindicato dos Comerci\u00e1rios do Distrito Federal (Sindicom-DF) inicia, nesta semana, a rodada de assembleias setoriais da Campanha Salarial 2026 do com\u00e9rcio varejista. Os encontros t\u00eam como objetivo mobilizar a categoria e construir coletivamente a pauta de reivindica\u00e7\u00f5es da data-base, que ser\u00e1 levada para negocia\u00e7\u00e3o com o setor patronal. Durante as assembleias, trabalhadores e trabalhadoras [&hellip;]<\/p>\n","protected":false},"author":3,"featured_media":12193,"comment_status":"open","ping_status":"open","sticky":false,"template":"","format":"standard","meta":{"_bbp_topic_count":0,"_bbp_reply_count":0,"_bbp_total_topic_count":0,"_bbp_total_reply_count":0,"_bbp_voice_count":0,"_bbp_anonymous_reply_count":0,"_bbp_topic_count_hidden":0,"_bbp_reply_count_hidden":0,"_bbp_forum_subforum_count":0,"footnotes":""},"categories":[56],"tags":[],"class_list":{"0":"post-12189","1":"post","2":"type-post","3":"status-publish","4":"format-standard","5":"has-post-thumbnail","7":"category-assembleia"},"yoast_head":"<!-- This site is optimized with the Yoast SEO plugin v23.7 - https:\/\/yoast.com\/wordpress\/plugins\/seo\/ -->\n<title>Campanha Salarial 2026 come\u00e7a com rodada de assembleias setoriais do com\u00e9rcio varejista do DF - SINDICOM<\/title>\n<meta name=\"robots\" content=\"index, follow, max-snippet:-1, max-image-preview:large, max-video-preview:-1\" \/>\n<link rel=\"canonical\" href=\"https:\/\/sindicomdf.com.br\/portal\/campanha-salarial-2026-comeca-com-rodada-de-assembleias-setoriais-do-comercio-varejista-do-df\/\" \/>\n<meta property=\"og:locale\" content=\"pt_BR\" \/>\n<meta property=\"og:type\" content=\"article\" \/>\n<meta property=\"og:title\" content=\"Campanha Salarial 2026 come\u00e7a com rodada de assembleias setoriais do com\u00e9rcio varejista do DF - SINDICOM\" \/>\n<meta property=\"og:description\" content=\"O Sindicato dos Comerci\u00e1rios do Distrito Federal (Sindicom-DF) inicia, nesta semana, a rodada de assembleias setoriais da Campanha Salarial 2026 do com\u00e9rcio varejista. Os encontros t\u00eam como objetivo mobilizar a categoria e construir coletivamente a pauta de reivindica\u00e7\u00f5es da data-base, que ser\u00e1 levada para negocia\u00e7\u00e3o com o setor patronal. Durante as assembleias, trabalhadores e trabalhadoras [&hellip;]\" \/>\n<meta property=\"og:url\" content=\"https:\/\/sindicomdf.com.br\/portal\/campanha-salarial-2026-comeca-com-rodada-de-assembleias-setoriais-do-comercio-varejista-do-df\/\" \/>\n<meta property=\"og:site_name\" content=\"SINDICOM\" \/>\n<meta property=\"article:published_time\" content=\"2026-03-16T17:44:25+00:00\" \/>\n<meta property=\"article:modified_time\" content=\"2026-03-16T17:55:13+00:00\" \/>\n<meta property=\"og:image\" content=\"https:\/\/sindicomdf.com.br\/portal\/wp-content\/uploads\/2026\/03\/img14-2-rotated-e1773683707476.jpg\" \/>\n\t<meta property=\"og:image:width\" content=\"700\" \/>\n\t<meta property=\"og:image:height\" content=\"494\" \/>\n\t<meta property=\"og:image:type\" content=\"image\/jpeg\" \/>\n<meta name=\"author\" content=\"Imprensa\" \/>\n<meta name=\"twitter:card\" content=\"summary_large_image\" \/>\n<meta name=\"twitter:label1\" content=\"Escrito por\" \/>\n\t<meta name=\"twitter:data1\" content=\"Imprensa\" \/>\n\t<meta name=\"twitter:label2\" content=\"Est. tempo de leitura\" \/>\n\t<meta name=\"twitter:data2\" content=\"2 minutos\" \/>\n<script type=\"application\/ld+json\" class=\"yoast-schema-graph\">{\"@context\":\"https:\/\/schema.org\",\"@graph\":[{\"@type\":\"WebPage\",\"@id\":\"https:\/\/sindicomdf.com.br\/portal\/campanha-salarial-2026-comeca-com-rodada-de-assembleias-setoriais-do-comercio-varejista-do-df\/\",\"url\":\"https:\/\/sindicomdf.com.br\/portal\/campanha-salarial-2026-comeca-com-rodada-de-assembleias-setoriais-do-comercio-varejista-do-df\/\",\"name\":\"Campanha Salarial 2026 come\u00e7a com rodada de assembleias setoriais do com\u00e9rcio varejista do DF - SINDICOM\",\"isPartOf\":{\"@id\":\"https:\/\/sindicomdf.com.br\/portal\/#website\"},\"primaryImageOfPage\":{\"@id\":\"https:\/\/sindicomdf.com.br\/portal\/campanha-salarial-2026-comeca-com-rodada-de-assembleias-setoriais-do-comercio-varejista-do-df\/#primaryimage\"},\"image\":{\"@id\":\"https:\/\/sindicomdf.com.br\/portal\/campanha-salarial-2026-comeca-com-rodada-de-assembleias-setoriais-do-comercio-varejista-do-df\/#primaryimage\"},\"thumbnailUrl\":\"https:\/\/sindicomdf.com.br\/portal\/wp-content\/uploads\/2026\/03\/img14-2-rotated-e1773683707476.jpg\",\"datePublished\":\"2026-03-16T17:44:25+00:00\",\"dateModified\":\"2026-03-16T17:55:13+00:00\",\"author\":{\"@id\":\"https:\/\/sindicomdf.com.br\/portal\/#\/schema\/person\/09372242e78b757907e33fe5db53d205\"},\"breadcrumb\":{\"@id\":\"https:\/\/sindicomdf.com.br\/portal\/campanha-salarial-2026-comeca-com-rodada-de-assembleias-setoriais-do-comercio-varejista-do-df\/#breadcrumb\"},\"inLanguage\":\"pt-BR\",\"potentialAction\":[{\"@type\":\"ReadAction\",\"target\":[\"https:\/\/sindicomdf.com.br\/portal\/campanha-salarial-2026-comeca-com-rodada-de-assembleias-setoriais-do-comercio-varejista-do-df\/\"]}]},{\"@type\":\"ImageObject\",\"inLanguage\":\"pt-BR\",\"@id\":\"https:\/\/sindicomdf.com.br\/portal\/campanha-salarial-2026-comeca-com-rodada-de-assembleias-setoriais-do-comercio-varejista-do-df\/#primaryimage\",\"url\":\"https:\/\/sindicomdf.com.br\/portal\/wp-content\/uploads\/2026\/03\/img14-2-rotated-e1773683707476.jpg\",\"contentUrl\":\"https:\/\/sindicomdf.com.br\/portal\/wp-content\/uploads\/2026\/03\/img14-2-rotated-e1773683707476.jpg\",\"width\":700,\"height\":494},{\"@type\":\"BreadcrumbList\",\"@id\":\"https:\/\/sindicomdf.com.br\/portal\/campanha-salarial-2026-comeca-com-rodada-de-assembleias-setoriais-do-comercio-varejista-do-df\/#breadcrumb\",\"itemListElement\":[{\"@type\":\"ListItem\",\"position\":1,\"name\":\"In\u00edcio\",\"item\":\"https:\/\/sindicomdf.com.br\/portal\/\"},{\"@type\":\"ListItem\",\"position\":2,\"name\":\"Campanha Salarial 2026 come\u00e7a com rodada de assembleias setoriais do com\u00e9rcio varejista do DF\"}]},{\"@type\":\"WebSite\",\"@id\":\"https:\/\/sindicomdf.com.br\/portal\/#website\",\"url\":\"https:\/\/sindicomdf.com.br\/portal\/\",\"name\":\"SINDICOM\",\"description\":\"Sindicato dos Empregados no Com\u00e9rcio do DF\",\"potentialAction\":[{\"@type\":\"SearchAction\",\"target\":{\"@type\":\"EntryPoint\",\"urlTemplate\":\"https:\/\/sindicomdf.com.br\/portal\/?s={search_term_string}\"},\"query-input\":{\"@type\":\"PropertyValueSpecification\",\"valueRequired\":true,\"valueName\":\"search_term_string\"}}],\"inLanguage\":\"pt-BR\"},{\"@type\":\"Person\",\"@id\":\"https:\/\/sindicomdf.com.br\/portal\/#\/schema\/person\/09372242e78b757907e33fe5db53d205\",\"name\":\"Imprensa\",\"image\":{\"@type\":\"ImageObject\",\"inLanguage\":\"pt-BR\",\"@id\":\"https:\/\/sindicomdf.com.br\/portal\/#\/schema\/person\/image\/\",\"url\":\"https:\/\/secure.gravatar.com\/avatar\/060ac8086a7131ef4b79f847ca8f7acd57811aa2a477aca1d2a09b88754dd9de?s=96&d=mm&r=g\",\"contentUrl\":\"https:\/\/secure.gravatar.com\/avatar\/060ac8086a7131ef4b79f847ca8f7acd57811aa2a477aca1d2a09b88754dd9de?s=96&d=mm&r=g\",\"caption\":\"Imprensa\"},\"url\":\"https:\/\/sindicomdf.com.br\/portal\/author\/imprensa\/\"}]}<\/script>\n<!-- \/ Yoast SEO plugin. -->","yoast_head_json":{"title":"Campanha Salarial 2026 come\u00e7a com rodada de assembleias setoriais do com\u00e9rcio varejista do DF - SINDICOM","robots":{"index":"index","follow":"follow","max-snippet":"max-snippet:-1","max-image-preview":"max-image-preview:large","max-video-preview":"max-video-preview:-1"},"canonical":"https:\/\/sindicomdf.com.br\/portal\/campanha-salarial-2026-comeca-com-rodada-de-assembleias-setoriais-do-comercio-varejista-do-df\/","og_locale":"pt_BR","og_type":"article","og_title":"Campanha Salarial 2026 come\u00e7a com rodada de assembleias setoriais do com\u00e9rcio varejista do DF - SINDICOM","og_description":"O Sindicato dos Comerci\u00e1rios do Distrito Federal (Sindicom-DF) inicia, nesta semana, a rodada de assembleias setoriais da Campanha Salarial 2026 do com\u00e9rcio varejista. Os encontros t\u00eam como objetivo mobilizar a categoria e construir coletivamente a pauta de reivindica\u00e7\u00f5es da data-base, que ser\u00e1 levada para negocia\u00e7\u00e3o com o setor patronal. Durante as assembleias, trabalhadores e trabalhadoras [&hellip;]","og_url":"https:\/\/sindicomdf.com.br\/portal\/campanha-salarial-2026-comeca-com-rodada-de-assembleias-setoriais-do-comercio-varejista-do-df\/","og_site_name":"SINDICOM","article_published_time":"2026-03-16T17:44:25+00:00","article_modified_time":"2026-03-16T17:55:13+00:00","og_image":[{"width":700,"height":494,"url":"https:\/\/sindicomdf.com.br\/portal\/wp-content\/uploads\/2026\/03\/img14-2-rotated-e1773683707476.jpg","type":"image\/jpeg"}],"author":"Imprensa","twitter_card":"summary_large_image","twitter_misc":{"Escrito por":"Imprensa","Est. tempo de leitura":"2 minutos"},"schema":{"@context":"https:\/\/schema.org","@graph":[{"@type":"WebPage","@id":"https:\/\/sindicomdf.com.br\/portal\/campanha-salarial-2026-comeca-com-rodada-de-assembleias-setoriais-do-comercio-varejista-do-df\/","url":"https:\/\/sindicomdf.com.br\/portal\/campanha-salarial-2026-comeca-com-rodada-de-assembleias-setoriais-do-comercio-varejista-do-df\/","name":"Campanha Salarial 2026 come\u00e7a com rodada de assembleias setoriais do com\u00e9rcio varejista do DF - SINDICOM","isPartOf":{"@id":"https:\/\/sindicomdf.com.br\/portal\/#website"},"primaryImageOfPage":{"@id":"https:\/\/sindicomdf.com.br\/portal\/campanha-salarial-2026-comeca-com-rodada-de-assembleias-setoriais-do-comercio-varejista-do-df\/#primaryimage"},"image":{"@id":"https:\/\/sindicomdf.com.br\/portal\/campanha-salarial-2026-comeca-com-rodada-de-assembleias-setoriais-do-comercio-varejista-do-df\/#primaryimage"},"thumbnailUrl":"https:\/\/sindicomdf.com.br\/portal\/wp-content\/uploads\/2026\/03\/img14-2-rotated-e1773683707476.jpg","datePublished":"2026-03-16T17:44:25+00:00","dateModified":"2026-03-16T17:55:13+00:00","author":{"@id":"https:\/\/sindicomdf.com.br\/portal\/#\/schema\/person\/09372242e78b757907e33fe5db53d205"},"breadcrumb":{"@id":"https:\/\/sindicomdf.com.br\/portal\/campanha-salarial-2026-comeca-com-rodada-de-assembleias-setoriais-do-comercio-varejista-do-df\/#breadcrumb"},"inLanguage":"pt-BR","potentialAction":[{"@type":"ReadAction","target":["https:\/\/sindicomdf.com.br\/portal\/campanha-salarial-2026-comeca-com-rodada-de-assembleias-setoriais-do-comercio-varejista-do-df\/"]}]},{"@type":"ImageObject","inLanguage":"pt-BR","@id":"https:\/\/sindicomdf.com.br\/portal\/campanha-salarial-2026-comeca-com-rodada-de-assembleias-setoriais-do-comercio-varejista-do-df\/#primaryimage","url":"https:\/\/sindicomdf.com.br\/portal\/wp-content\/uploads\/2026\/03\/img14-2-rotated-e1773683707476.jpg","contentUrl":"https:\/\/sindicomdf.com.br\/portal\/wp-content\/uploads\/2026\/03\/img14-2-rotated-e1773683707476.jpg","width":700,"height":494},{"@type":"BreadcrumbList","@id":"https:\/\/sindicomdf.com.br\/portal\/campanha-salarial-2026-comeca-com-rodada-de-assembleias-setoriais-do-comercio-varejista-do-df\/#breadcrumb","itemListElement":[{"@type":"ListItem","position":1,"name":"In\u00edcio","item":"https:\/\/sindicomdf.com.br\/portal\/"},{"@type":"ListItem","position":2,"name":"Campanha Salarial 2026 come\u00e7a com rodada de assembleias setoriais do com\u00e9rcio varejista do DF"}]},{"@type":"WebSite","@id":"https:\/\/sindicomdf.com.br\/portal\/#website","url":"https:\/\/sindicomdf.com.br\/portal\/","name":"SINDICOM","description":"Sindicato dos Empregados no Com\u00e9rcio do DF","potentialAction":[{"@type":"SearchAction","target":{"@type":"EntryPoint","urlTemplate":"https:\/\/sindicomdf.com.br\/portal\/?s={search_term_string}"},"query-input":{"@type":"PropertyValueSpecification","valueRequired":true,"valueName":"search_term_string"}}],"inLanguage":"pt-BR"},{"@type":"Person","@id":"https:\/\/sindicomdf.com.br\/portal\/#\/schema\/person\/09372242e78b757907e33fe5db53d205","name":"Imprensa","image":{"@type":"ImageObject","inLanguage":"pt-BR","@id":"https:\/\/sindicomdf.com.br\/portal\/#\/schema\/person\/image\/","url":"https:\/\/secure.gravatar.com\/avatar\/060ac8086a7131ef4b79f847ca8f7acd57811aa2a477aca1d2a09b88754dd9de?s=96&d=mm&r=g","contentUrl":"https:\/\/secure.gravatar.com\/avatar\/060ac8086a7131ef4b79f847ca8f7acd57811aa2a477aca1d2a09b88754dd9de?s=96&d=mm&r=g","caption":"Imprensa"},"url":"https:\/\/sindicomdf.com.br\/portal\/author\/imprensa\/"}]}},"_links":{"self":[{"href":"https:\/\/sindicomdf.com.br\/portal\/wp-json\/wp\/v2\/posts\/12189","targetHints":{"allow":["GET"]}}],"collection":[{"href":"https:\/\/sindicomdf.com.br\/portal\/wp-json\/wp\/v2\/posts"}],"about":[{"href":"https:\/\/sindicomdf.com.br\/portal\/wp-json\/wp\/v2\/types\/post"}],"author":[{"embeddable":true,"href":"https:\/\/sindicomdf.com.br\/portal\/wp-json\/wp\/v2\/users\/3"}],"replies":[{"embeddable":true,"href":"https:\/\/sindicomdf.com.br\/portal\/wp-json\/wp\/v2\/comments?post=12189"}],"version-history":[{"count":1,"href":"https:\/\/sindicomdf.com.br\/portal\/wp-json\/wp\/v2\/posts\/12189\/revisions"}],"predecessor-version":[{"id":12191,"href":"https:\/\/sindicomdf.com.br\/portal\/wp-json\/wp\/v2\/posts\/12189\/revisions\/12191"}],"wp:featuredmedia":[{"embeddable":true,"href":"https:\/\/sindicomdf.com.br\/portal\/wp-json\/wp\/v2\/media\/12193"}],"wp:attachment":[{"href":"https:\/\/sindicomdf.com.br\/portal\/wp-json\/wp\/v2\/media?parent=12189"}],"wp:term":[{"taxonomy":"category","embeddable":true,"href":"https:\/\/sindicomdf.com.br\/portal\/wp-json\/wp\/v2\/categories?post=12189"},{"taxonomy":"post_tag","embeddable":true,"href":"https:\/\/sindicomdf.com.br\/portal\/wp-json\/wp\/v2\/tags?post=12189"}],"curies":[{"name":"wp","href":"https:\/\/api.w.org\/{rel}","templated":true}]}}