{"id":12086,"date":"2025-10-30T11:46:49","date_gmt":"2025-10-30T11:46:49","guid":{"rendered":"https:\/\/sindicomdf.com.br\/portal\/?p=12086"},"modified":"2025-10-30T11:48:35","modified_gmt":"2025-10-30T11:48:35","slug":"12086-2","status":"publish","type":"post","link":"https:\/\/sindicomdf.com.br\/portal\/12086-2\/","title":{"rendered":"Dia do Comerci\u00e1rio \u2013 uma data para celebrar quem faz o com\u00e9rcio acontecer"},"content":{"rendered":"<p>Ser comerci\u00e1rio \u00e9 muito mais do que atender clientes, repor produtos ou registrar compras. \u00c9 lidar com gente, com hist\u00f3rias, com sonhos e com o cora\u00e7\u00e3o pulsando dentro das lojas e supermercados. \u00c9 acordar cedo, enfrentar o transporte cheio, trabalhar em p\u00e9 o dia inteiro e ainda encontrar for\u00e7as para receber cada cliente com gentileza. \u00c9 por isso que, neste <strong>30 de outubro<\/strong>, o <strong>Sindicato dos Comerci\u00e1rios do Distrito Federal<\/strong> celebra com orgulho o <strong>Dia do Comerci\u00e1rio e da Comerci\u00e1ria<\/strong>, homenageando todos e todas que fazem do com\u00e9rcio a alma viva da economia brasileira.<\/p>\n<p>A data carrega uma hist\u00f3ria de coragem e resist\u00eancia. Tudo come\u00e7ou l\u00e1 atr\u00e1s, em 1932, quando cerca de cinco mil trabalhadores do com\u00e9rcio tomaram as ruas do Rio de Janeiro para exigir respeito, melhores condi\u00e7\u00f5es e dignidade. O resultado foi a primeira conven\u00e7\u00e3o coletiva da categoria \u2014 um marco que garantiu jornada de oito horas, descanso semanal remunerado e f\u00e9rias pagas. D\u00e9cadas depois, a profiss\u00e3o foi regulamentada pela <strong>Lei n\u00ba 12.790\/2013<\/strong>, sancionada pela presidenta Dilma Rousseff, consolidando direitos e valorizando de vez quem vive do com\u00e9rcio.<\/p>\n<p>Desde aqueles \u201ccaixeiros\u201d do passado at\u00e9 os profissionais de hoje, muita coisa mudou \u2014 mas a ess\u00eancia da luta permanece a mesma. Ser comerci\u00e1rio ainda \u00e9 enfrentar longas jornadas, metas apertadas e, muitas vezes, baixos sal\u00e1rios. \u00c9 por isso que o <strong>Sindicom-DF<\/strong> segue firme na defesa de pautas que garantam mais dignidade e qualidade de vida para a categoria, como o <strong>piso salarial nacional do com\u00e9rcio <\/strong>e o <strong>fim da jornada exaustiva 6&#215;1<\/strong>.<\/p>\n<p>Afinal, sabemos que sem o trabalhador e a trabalhadora, n\u00e3o h\u00e1 com\u00e9rcio; sem o com\u00e9rcio, n\u00e3o h\u00e1 economia. Porque cada venda, cada atendimento, cada esfor\u00e7o de quem est\u00e1 atr\u00e1s do balc\u00e3o \u00e9 o que realmente faz o Brasil girar.<\/p>\n<p>Neste Dia do Comerci\u00e1rio, o <strong>Sindicom-DF<\/strong> presta sua homenagem a todos os trabalhadores e todas as trabalhadoras que sustentam o com\u00e9rcio com dedica\u00e7\u00e3o e resist\u00eancia. Que este seja um dia para celebrar as conquistas, mas tamb\u00e9m para renovar a disposi\u00e7\u00e3o de seguir lutando por um futuro mais justo, com sal\u00e1rios dignos, descanso garantido e respeito em cada local de trabalho.<\/p>\n<p>Parab\u00e9ns a todos os comerci\u00e1rios e todas as comerci\u00e1rias do Distrito Federal. O nosso reconhecimento \u00e9 di\u00e1rio, e a nossa luta \u00e9 permanente.<\/p>\n<p><strong>Feliz Dia do Comerci\u00e1rio! Viva quem faz o com\u00e9rcio acontecer!<\/strong><\/p>\n","protected":false},"excerpt":{"rendered":"<p>Ser comerci\u00e1rio \u00e9 muito mais do que atender clientes, repor produtos ou registrar compras. \u00c9 lidar com gente, com hist\u00f3rias, com sonhos e com o cora\u00e7\u00e3o pulsando dentro das lojas e supermercados. \u00c9 acordar cedo, enfrentar o transporte cheio, trabalhar em p\u00e9 o dia inteiro e ainda encontrar for\u00e7as para receber cada cliente com gentileza. [&hellip;]<\/p>\n","protected":false},"author":3,"featured_media":12090,"comment_status":"open","ping_status":"open","sticky":false,"template":"","format":"standard","meta":{"_bbp_topic_count":0,"_bbp_reply_count":0,"_bbp_total_topic_count":0,"_bbp_total_reply_count":0,"_bbp_voice_count":0,"_bbp_anonymous_reply_count":0,"_bbp_topic_count_hidden":0,"_bbp_reply_count_hidden":0,"_bbp_forum_subforum_count":0,"footnotes":""},"categories":[82],"tags":[],"class_list":{"0":"post-12086","1":"post","2":"type-post","3":"status-publish","4":"format-standard","5":"has-post-thumbnail","7":"category-homenagem"},"yoast_head":"<!-- This site is optimized with the Yoast SEO plugin v23.7 - https:\/\/yoast.com\/wordpress\/plugins\/seo\/ -->\n<title>Dia do Comerci\u00e1rio \u2013 uma data para celebrar quem faz o com\u00e9rcio acontecer - SINDICOM<\/title>\n<meta name=\"robots\" content=\"index, follow, max-snippet:-1, max-image-preview:large, max-video-preview:-1\" \/>\n<link rel=\"canonical\" href=\"https:\/\/sindicomdf.com.br\/portal\/12086-2\/\" \/>\n<meta property=\"og:locale\" content=\"pt_BR\" \/>\n<meta property=\"og:type\" content=\"article\" \/>\n<meta property=\"og:title\" content=\"Dia do Comerci\u00e1rio \u2013 uma data para celebrar quem faz o com\u00e9rcio acontecer - SINDICOM\" \/>\n<meta property=\"og:description\" content=\"Ser comerci\u00e1rio \u00e9 muito mais do que atender clientes, repor produtos ou registrar compras. \u00c9 lidar com gente, com hist\u00f3rias, com sonhos e com o cora\u00e7\u00e3o pulsando dentro das lojas e supermercados. \u00c9 acordar cedo, enfrentar o transporte cheio, trabalhar em p\u00e9 o dia inteiro e ainda encontrar for\u00e7as para receber cada cliente com gentileza. [&hellip;]\" \/>\n<meta property=\"og:url\" content=\"https:\/\/sindicomdf.com.br\/portal\/12086-2\/\" \/>\n<meta property=\"og:site_name\" content=\"SINDICOM\" \/>\n<meta property=\"article:published_time\" content=\"2025-10-30T11:46:49+00:00\" \/>\n<meta property=\"article:modified_time\" content=\"2025-10-30T11:48:35+00:00\" \/>\n<meta property=\"og:image\" content=\"https:\/\/sindicomdf.com.br\/portal\/wp-content\/uploads\/2025\/10\/sindicom-site-1.jpg\" \/>\n\t<meta property=\"og:image:width\" content=\"700\" \/>\n\t<meta property=\"og:image:height\" content=\"464\" \/>\n\t<meta property=\"og:image:type\" content=\"image\/jpeg\" \/>\n<meta name=\"author\" content=\"Imprensa\" \/>\n<meta name=\"twitter:card\" content=\"summary_large_image\" \/>\n<meta name=\"twitter:label1\" content=\"Escrito por\" \/>\n\t<meta name=\"twitter:data1\" content=\"Imprensa\" \/>\n\t<meta name=\"twitter:label2\" content=\"Est. tempo de leitura\" \/>\n\t<meta name=\"twitter:data2\" content=\"3 minutos\" \/>\n<script type=\"application\/ld+json\" class=\"yoast-schema-graph\">{\"@context\":\"https:\/\/schema.org\",\"@graph\":[{\"@type\":\"WebPage\",\"@id\":\"https:\/\/sindicomdf.com.br\/portal\/12086-2\/\",\"url\":\"https:\/\/sindicomdf.com.br\/portal\/12086-2\/\",\"name\":\"Dia do Comerci\u00e1rio \u2013 uma data para celebrar quem faz o com\u00e9rcio acontecer - SINDICOM\",\"isPartOf\":{\"@id\":\"https:\/\/sindicomdf.com.br\/portal\/#website\"},\"primaryImageOfPage\":{\"@id\":\"https:\/\/sindicomdf.com.br\/portal\/12086-2\/#primaryimage\"},\"image\":{\"@id\":\"https:\/\/sindicomdf.com.br\/portal\/12086-2\/#primaryimage\"},\"thumbnailUrl\":\"https:\/\/sindicomdf.com.br\/portal\/wp-content\/uploads\/2025\/10\/sindicom-site-1.jpg\",\"datePublished\":\"2025-10-30T11:46:49+00:00\",\"dateModified\":\"2025-10-30T11:48:35+00:00\",\"author\":{\"@id\":\"https:\/\/sindicomdf.com.br\/portal\/#\/schema\/person\/09372242e78b757907e33fe5db53d205\"},\"breadcrumb\":{\"@id\":\"https:\/\/sindicomdf.com.br\/portal\/12086-2\/#breadcrumb\"},\"inLanguage\":\"pt-BR\",\"potentialAction\":[{\"@type\":\"ReadAction\",\"target\":[\"https:\/\/sindicomdf.com.br\/portal\/12086-2\/\"]}]},{\"@type\":\"ImageObject\",\"inLanguage\":\"pt-BR\",\"@id\":\"https:\/\/sindicomdf.com.br\/portal\/12086-2\/#primaryimage\",\"url\":\"https:\/\/sindicomdf.com.br\/portal\/wp-content\/uploads\/2025\/10\/sindicom-site-1.jpg\",\"contentUrl\":\"https:\/\/sindicomdf.com.br\/portal\/wp-content\/uploads\/2025\/10\/sindicom-site-1.jpg\",\"width\":700,\"height\":464},{\"@type\":\"BreadcrumbList\",\"@id\":\"https:\/\/sindicomdf.com.br\/portal\/12086-2\/#breadcrumb\",\"itemListElement\":[{\"@type\":\"ListItem\",\"position\":1,\"name\":\"In\u00edcio\",\"item\":\"https:\/\/sindicomdf.com.br\/portal\/\"},{\"@type\":\"ListItem\",\"position\":2,\"name\":\"Dia do Comerci\u00e1rio \u2013 uma data para celebrar quem faz o com\u00e9rcio acontecer\"}]},{\"@type\":\"WebSite\",\"@id\":\"https:\/\/sindicomdf.com.br\/portal\/#website\",\"url\":\"https:\/\/sindicomdf.com.br\/portal\/\",\"name\":\"SINDICOM\",\"description\":\"Sindicato dos Empregados no Com\u00e9rcio do DF\",\"potentialAction\":[{\"@type\":\"SearchAction\",\"target\":{\"@type\":\"EntryPoint\",\"urlTemplate\":\"https:\/\/sindicomdf.com.br\/portal\/?s={search_term_string}\"},\"query-input\":{\"@type\":\"PropertyValueSpecification\",\"valueRequired\":true,\"valueName\":\"search_term_string\"}}],\"inLanguage\":\"pt-BR\"},{\"@type\":\"Person\",\"@id\":\"https:\/\/sindicomdf.com.br\/portal\/#\/schema\/person\/09372242e78b757907e33fe5db53d205\",\"name\":\"Imprensa\",\"image\":{\"@type\":\"ImageObject\",\"inLanguage\":\"pt-BR\",\"@id\":\"https:\/\/sindicomdf.com.br\/portal\/#\/schema\/person\/image\/\",\"url\":\"https:\/\/secure.gravatar.com\/avatar\/060ac8086a7131ef4b79f847ca8f7acd57811aa2a477aca1d2a09b88754dd9de?s=96&d=mm&r=g\",\"contentUrl\":\"https:\/\/secure.gravatar.com\/avatar\/060ac8086a7131ef4b79f847ca8f7acd57811aa2a477aca1d2a09b88754dd9de?s=96&d=mm&r=g\",\"caption\":\"Imprensa\"},\"url\":\"https:\/\/sindicomdf.com.br\/portal\/author\/imprensa\/\"}]}<\/script>\n<!-- \/ Yoast SEO plugin. -->","yoast_head_json":{"title":"Dia do Comerci\u00e1rio \u2013 uma data para celebrar quem faz o com\u00e9rcio acontecer - SINDICOM","robots":{"index":"index","follow":"follow","max-snippet":"max-snippet:-1","max-image-preview":"max-image-preview:large","max-video-preview":"max-video-preview:-1"},"canonical":"https:\/\/sindicomdf.com.br\/portal\/12086-2\/","og_locale":"pt_BR","og_type":"article","og_title":"Dia do Comerci\u00e1rio \u2013 uma data para celebrar quem faz o com\u00e9rcio acontecer - SINDICOM","og_description":"Ser comerci\u00e1rio \u00e9 muito mais do que atender clientes, repor produtos ou registrar compras. \u00c9 lidar com gente, com hist\u00f3rias, com sonhos e com o cora\u00e7\u00e3o pulsando dentro das lojas e supermercados. \u00c9 acordar cedo, enfrentar o transporte cheio, trabalhar em p\u00e9 o dia inteiro e ainda encontrar for\u00e7as para receber cada cliente com gentileza. [&hellip;]","og_url":"https:\/\/sindicomdf.com.br\/portal\/12086-2\/","og_site_name":"SINDICOM","article_published_time":"2025-10-30T11:46:49+00:00","article_modified_time":"2025-10-30T11:48:35+00:00","og_image":[{"width":700,"height":464,"url":"https:\/\/sindicomdf.com.br\/portal\/wp-content\/uploads\/2025\/10\/sindicom-site-1.jpg","type":"image\/jpeg"}],"author":"Imprensa","twitter_card":"summary_large_image","twitter_misc":{"Escrito por":"Imprensa","Est. tempo de leitura":"3 minutos"},"schema":{"@context":"https:\/\/schema.org","@graph":[{"@type":"WebPage","@id":"https:\/\/sindicomdf.com.br\/portal\/12086-2\/","url":"https:\/\/sindicomdf.com.br\/portal\/12086-2\/","name":"Dia do Comerci\u00e1rio \u2013 uma data para celebrar quem faz o com\u00e9rcio acontecer - SINDICOM","isPartOf":{"@id":"https:\/\/sindicomdf.com.br\/portal\/#website"},"primaryImageOfPage":{"@id":"https:\/\/sindicomdf.com.br\/portal\/12086-2\/#primaryimage"},"image":{"@id":"https:\/\/sindicomdf.com.br\/portal\/12086-2\/#primaryimage"},"thumbnailUrl":"https:\/\/sindicomdf.com.br\/portal\/wp-content\/uploads\/2025\/10\/sindicom-site-1.jpg","datePublished":"2025-10-30T11:46:49+00:00","dateModified":"2025-10-30T11:48:35+00:00","author":{"@id":"https:\/\/sindicomdf.com.br\/portal\/#\/schema\/person\/09372242e78b757907e33fe5db53d205"},"breadcrumb":{"@id":"https:\/\/sindicomdf.com.br\/portal\/12086-2\/#breadcrumb"},"inLanguage":"pt-BR","potentialAction":[{"@type":"ReadAction","target":["https:\/\/sindicomdf.com.br\/portal\/12086-2\/"]}]},{"@type":"ImageObject","inLanguage":"pt-BR","@id":"https:\/\/sindicomdf.com.br\/portal\/12086-2\/#primaryimage","url":"https:\/\/sindicomdf.com.br\/portal\/wp-content\/uploads\/2025\/10\/sindicom-site-1.jpg","contentUrl":"https:\/\/sindicomdf.com.br\/portal\/wp-content\/uploads\/2025\/10\/sindicom-site-1.jpg","width":700,"height":464},{"@type":"BreadcrumbList","@id":"https:\/\/sindicomdf.com.br\/portal\/12086-2\/#breadcrumb","itemListElement":[{"@type":"ListItem","position":1,"name":"In\u00edcio","item":"https:\/\/sindicomdf.com.br\/portal\/"},{"@type":"ListItem","position":2,"name":"Dia do Comerci\u00e1rio \u2013 uma data para celebrar quem faz o com\u00e9rcio acontecer"}]},{"@type":"WebSite","@id":"https:\/\/sindicomdf.com.br\/portal\/#website","url":"https:\/\/sindicomdf.com.br\/portal\/","name":"SINDICOM","description":"Sindicato dos Empregados no Com\u00e9rcio do DF","potentialAction":[{"@type":"SearchAction","target":{"@type":"EntryPoint","urlTemplate":"https:\/\/sindicomdf.com.br\/portal\/?s={search_term_string}"},"query-input":{"@type":"PropertyValueSpecification","valueRequired":true,"valueName":"search_term_string"}}],"inLanguage":"pt-BR"},{"@type":"Person","@id":"https:\/\/sindicomdf.com.br\/portal\/#\/schema\/person\/09372242e78b757907e33fe5db53d205","name":"Imprensa","image":{"@type":"ImageObject","inLanguage":"pt-BR","@id":"https:\/\/sindicomdf.com.br\/portal\/#\/schema\/person\/image\/","url":"https:\/\/secure.gravatar.com\/avatar\/060ac8086a7131ef4b79f847ca8f7acd57811aa2a477aca1d2a09b88754dd9de?s=96&d=mm&r=g","contentUrl":"https:\/\/secure.gravatar.com\/avatar\/060ac8086a7131ef4b79f847ca8f7acd57811aa2a477aca1d2a09b88754dd9de?s=96&d=mm&r=g","caption":"Imprensa"},"url":"https:\/\/sindicomdf.com.br\/portal\/author\/imprensa\/"}]}},"_links":{"self":[{"href":"https:\/\/sindicomdf.com.br\/portal\/wp-json\/wp\/v2\/posts\/12086","targetHints":{"allow":["GET"]}}],"collection":[{"href":"https:\/\/sindicomdf.com.br\/portal\/wp-json\/wp\/v2\/posts"}],"about":[{"href":"https:\/\/sindicomdf.com.br\/portal\/wp-json\/wp\/v2\/types\/post"}],"author":[{"embeddable":true,"href":"https:\/\/sindicomdf.com.br\/portal\/wp-json\/wp\/v2\/users\/3"}],"replies":[{"embeddable":true,"href":"https:\/\/sindicomdf.com.br\/portal\/wp-json\/wp\/v2\/comments?post=12086"}],"version-history":[{"count":2,"href":"https:\/\/sindicomdf.com.br\/portal\/wp-json\/wp\/v2\/posts\/12086\/revisions"}],"predecessor-version":[{"id":12089,"href":"https:\/\/sindicomdf.com.br\/portal\/wp-json\/wp\/v2\/posts\/12086\/revisions\/12089"}],"wp:featuredmedia":[{"embeddable":true,"href":"https:\/\/sindicomdf.com.br\/portal\/wp-json\/wp\/v2\/media\/12090"}],"wp:attachment":[{"href":"https:\/\/sindicomdf.com.br\/portal\/wp-json\/wp\/v2\/media?parent=12086"}],"wp:term":[{"taxonomy":"category","embeddable":true,"href":"https:\/\/sindicomdf.com.br\/portal\/wp-json\/wp\/v2\/categories?post=12086"},{"taxonomy":"post_tag","embeddable":true,"href":"https:\/\/sindicomdf.com.br\/portal\/wp-json\/wp\/v2\/tags?post=12086"}],"curies":[{"name":"wp","href":"https:\/\/api.w.org\/{rel}","templated":true}]}}