{"id":12082,"date":"2025-10-28T18:13:32","date_gmt":"2025-10-28T18:13:32","guid":{"rendered":"https:\/\/sindicomdf.com.br\/portal\/?p=12082"},"modified":"2025-10-28T18:13:32","modified_gmt":"2025-10-28T18:13:32","slug":"comerciarios-e-comerciarias-comemoram-conquistas-do-sindicom-df-na-nova-cct","status":"publish","type":"post","link":"https:\/\/sindicomdf.com.br\/portal\/comerciarios-e-comerciarias-comemoram-conquistas-do-sindicom-df-na-nova-cct\/","title":{"rendered":"Comerci\u00e1rios  e comerci\u00e1rias  comemoram conquistas do Sindicom-DF na nova CCT"},"content":{"rendered":"<p>O Sindicato dos Empregados no Com\u00e9rcio do DF (Sindicom-DF) conquistou importantes vantagens na Conven\u00e7\u00e3o Coletiva de Trabalho (CCT) recentemente assinada com o Sindivarejista (eletrodom\u00e9sticos, m\u00f3veis, roupas, cal\u00e7ados, acess\u00f3rios, etc&#8230;), trazendo benef\u00edcios significativos para milhares de comerci\u00e1rios e comerci\u00e1rias no Distrito Federal.<\/p>\n<h2>Principais conquistas<\/h2>\n<p><strong>Reajuste salarial &#8211;<\/strong> Aumento de 5,32% no sal\u00e1rio, representando um ganho acima da infla\u00e7\u00e3o;<br \/>\n<strong>Garantia m\u00ednima &#8211;<\/strong> Sal\u00e1rio-base de R$ 1.681,00;<br \/>\n<strong>Garantia m\u00ednima para comissionistas &#8211;<\/strong> Sal\u00e1rio-base mais 25%;<br \/>\n<strong>Garantia m\u00ednima para gerentes &#8211;<\/strong> Sal\u00e1rio-base mais 35%;<\/p>\n<p><strong>Aux\u00edlio alimenta\u00e7\u00e3o:<\/strong><\/p>\n<ul>\n<li><strong>Para trabalhadores filiados ao Sindicom-DF<\/strong> &#8211; R$ 28 (aumento de 7,6%);<\/li>\n<li><strong>Para trabalhadores n\u00e3o filiados ao Sindicom-DF<\/strong> &#8211; R$ 22,26 (R$ 5,74 a mais para o sindicalizado por dia, totalizando R$ 149,24 ao final de cada m\u00eas de 26 dias trabalhados);<\/li>\n<\/ul>\n<p><strong>Garantia m\u00ednima para o trabalho aos domingos e feriados &#8211;<\/strong> Para trabalhadores com sal\u00e1rio fixo e comissionistas &#8211; R$ 87 mais R$ 28 para refei\u00e7\u00e3o, al\u00e9m de outras garantias.<br \/>\n<strong>Quinqu\u00eanio (a cada 5 anos trabalhados)<\/strong><\/p>\n<ul>\n<li><strong>Para trabalhadores filiados ao Sindicom-DF &#8211;<\/strong> 4% sobre o sal\u00e1rio-base;<\/li>\n<li><strong>Para trabalhadores n\u00e3o filiados ao Sindicom-DF &#8211;<\/strong> 3% sobre o sal\u00e1rio-base;<\/li>\n<\/ul>\n<p><strong>Homologa\u00e7\u00e3o &#8211;<\/strong> Empresas com mais de tr\u00eas funcion\u00e1rios homologar\u00e3o as rescis\u00f5es dos contratos de trabalho &#8211; de empregados a partir de 12 meses de v\u00ednculo empregat\u00edcio &#8211; exclusivamente na sede do Sindicom-DF para garantir o cumprimento de todos os direitos do trabalhador.<\/p>\n<p><strong>Nenhum direito cai do c\u00e9u, tudo que conquistamos foi com muita luta, organiza\u00e7\u00e3o e resist\u00eancia.<\/strong> Por isso, a for\u00e7a da categoria est\u00e1 na uni\u00e3o com o sindicato. Sem contribui\u00e7\u00e3o n\u00e3o h\u00e1 sindicato forte nem preparado para enfrentar os patr\u00f5es. Se queremos avan\u00e7ar e<br \/>\nproteger o que j\u00e1 conquistamos, precisamos estar juntos, participando e sustentando a luta coletiva.<\/p>\n<p><a href=\"https:\/\/sindicomdf.com.br\/portal\/wp-content\/uploads\/2025\/10\/Conquistas-da-CCT-Sindivarejista.jpg\"><img loading=\"lazy\" decoding=\"async\" class=\"aligncenter wp-image-12083\" src=\"https:\/\/sindicomdf.com.br\/portal\/wp-content\/uploads\/2025\/10\/Conquistas-da-CCT-Sindivarejista.jpg\" alt=\"\" width=\"500\" height=\"709\" srcset=\"https:\/\/sindicomdf.com.br\/portal\/wp-content\/uploads\/2025\/10\/Conquistas-da-CCT-Sindivarejista.jpg 1748w, https:\/\/sindicomdf.com.br\/portal\/wp-content\/uploads\/2025\/10\/Conquistas-da-CCT-Sindivarejista-211x300.jpg 211w, https:\/\/sindicomdf.com.br\/portal\/wp-content\/uploads\/2025\/10\/Conquistas-da-CCT-Sindivarejista-722x1024.jpg 722w, https:\/\/sindicomdf.com.br\/portal\/wp-content\/uploads\/2025\/10\/Conquistas-da-CCT-Sindivarejista-768x1090.jpg 768w, https:\/\/sindicomdf.com.br\/portal\/wp-content\/uploads\/2025\/10\/Conquistas-da-CCT-Sindivarejista-1083x1536.jpg 1083w, https:\/\/sindicomdf.com.br\/portal\/wp-content\/uploads\/2025\/10\/Conquistas-da-CCT-Sindivarejista-1444x2048.jpg 1444w\" sizes=\"auto, (max-width: 500px) 100vw, 500px\" \/><\/a><\/p>\n","protected":false},"excerpt":{"rendered":"<p>O Sindicato dos Empregados no Com\u00e9rcio do DF (Sindicom-DF) conquistou importantes vantagens na Conven\u00e7\u00e3o Coletiva de Trabalho (CCT) recentemente assinada com o Sindivarejista (eletrodom\u00e9sticos, m\u00f3veis, roupas, cal\u00e7ados, acess\u00f3rios, etc&#8230;), trazendo benef\u00edcios significativos para milhares de comerci\u00e1rios e comerci\u00e1rias no Distrito Federal. Principais conquistas Reajuste salarial &#8211; Aumento de 5,32% no sal\u00e1rio, representando um ganho acima [&hellip;]<\/p>\n","protected":false},"author":3,"featured_media":12084,"comment_status":"open","ping_status":"open","sticky":false,"template":"","format":"standard","meta":{"_bbp_topic_count":0,"_bbp_reply_count":0,"_bbp_total_topic_count":0,"_bbp_total_reply_count":0,"_bbp_voice_count":0,"_bbp_anonymous_reply_count":0,"_bbp_topic_count_hidden":0,"_bbp_reply_count_hidden":0,"_bbp_forum_subforum_count":0,"footnotes":""},"categories":[80],"tags":[],"class_list":{"0":"post-12082","1":"post","2":"type-post","3":"status-publish","4":"format-standard","5":"has-post-thumbnail","7":"category-protecao"},"yoast_head":"<!-- This site is optimized with the Yoast SEO plugin v23.7 - https:\/\/yoast.com\/wordpress\/plugins\/seo\/ -->\n<title>Comerci\u00e1rios e comerci\u00e1rias comemoram conquistas do Sindicom-DF na nova CCT - SINDICOM<\/title>\n<meta name=\"robots\" content=\"index, follow, max-snippet:-1, max-image-preview:large, max-video-preview:-1\" \/>\n<link rel=\"canonical\" href=\"https:\/\/sindicomdf.com.br\/portal\/comerciarios-e-comerciarias-comemoram-conquistas-do-sindicom-df-na-nova-cct\/\" \/>\n<meta property=\"og:locale\" content=\"pt_BR\" \/>\n<meta property=\"og:type\" content=\"article\" \/>\n<meta property=\"og:title\" content=\"Comerci\u00e1rios e comerci\u00e1rias comemoram conquistas do Sindicom-DF na nova CCT - SINDICOM\" \/>\n<meta property=\"og:description\" content=\"O Sindicato dos Empregados no Com\u00e9rcio do DF (Sindicom-DF) conquistou importantes vantagens na Conven\u00e7\u00e3o Coletiva de Trabalho (CCT) recentemente assinada com o Sindivarejista (eletrodom\u00e9sticos, m\u00f3veis, roupas, cal\u00e7ados, acess\u00f3rios, etc&#8230;), trazendo benef\u00edcios significativos para milhares de comerci\u00e1rios e comerci\u00e1rias no Distrito Federal. Principais conquistas Reajuste salarial &#8211; Aumento de 5,32% no sal\u00e1rio, representando um ganho acima [&hellip;]\" \/>\n<meta property=\"og:url\" content=\"https:\/\/sindicomdf.com.br\/portal\/comerciarios-e-comerciarias-comemoram-conquistas-do-sindicom-df-na-nova-cct\/\" \/>\n<meta property=\"og:site_name\" content=\"SINDICOM\" \/>\n<meta property=\"article:published_time\" content=\"2025-10-28T18:13:32+00:00\" \/>\n<meta property=\"og:image\" content=\"https:\/\/sindicomdf.com.br\/portal\/wp-content\/uploads\/2025\/10\/img69.jpg\" \/>\n\t<meta property=\"og:image:width\" content=\"700\" \/>\n\t<meta property=\"og:image:height\" content=\"467\" \/>\n\t<meta property=\"og:image:type\" content=\"image\/jpeg\" \/>\n<meta name=\"author\" content=\"Imprensa\" \/>\n<meta name=\"twitter:card\" content=\"summary_large_image\" \/>\n<meta name=\"twitter:label1\" content=\"Escrito por\" \/>\n\t<meta name=\"twitter:data1\" content=\"Imprensa\" \/>\n\t<meta name=\"twitter:label2\" content=\"Est. tempo de leitura\" \/>\n\t<meta name=\"twitter:data2\" content=\"2 minutos\" \/>\n<script type=\"application\/ld+json\" class=\"yoast-schema-graph\">{\"@context\":\"https:\/\/schema.org\",\"@graph\":[{\"@type\":\"WebPage\",\"@id\":\"https:\/\/sindicomdf.com.br\/portal\/comerciarios-e-comerciarias-comemoram-conquistas-do-sindicom-df-na-nova-cct\/\",\"url\":\"https:\/\/sindicomdf.com.br\/portal\/comerciarios-e-comerciarias-comemoram-conquistas-do-sindicom-df-na-nova-cct\/\",\"name\":\"Comerci\u00e1rios e comerci\u00e1rias comemoram conquistas do Sindicom-DF na nova CCT - SINDICOM\",\"isPartOf\":{\"@id\":\"https:\/\/sindicomdf.com.br\/portal\/#website\"},\"primaryImageOfPage\":{\"@id\":\"https:\/\/sindicomdf.com.br\/portal\/comerciarios-e-comerciarias-comemoram-conquistas-do-sindicom-df-na-nova-cct\/#primaryimage\"},\"image\":{\"@id\":\"https:\/\/sindicomdf.com.br\/portal\/comerciarios-e-comerciarias-comemoram-conquistas-do-sindicom-df-na-nova-cct\/#primaryimage\"},\"thumbnailUrl\":\"https:\/\/sindicomdf.com.br\/portal\/wp-content\/uploads\/2025\/10\/img69.jpg\",\"datePublished\":\"2025-10-28T18:13:32+00:00\",\"dateModified\":\"2025-10-28T18:13:32+00:00\",\"author\":{\"@id\":\"https:\/\/sindicomdf.com.br\/portal\/#\/schema\/person\/09372242e78b757907e33fe5db53d205\"},\"breadcrumb\":{\"@id\":\"https:\/\/sindicomdf.com.br\/portal\/comerciarios-e-comerciarias-comemoram-conquistas-do-sindicom-df-na-nova-cct\/#breadcrumb\"},\"inLanguage\":\"pt-BR\",\"potentialAction\":[{\"@type\":\"ReadAction\",\"target\":[\"https:\/\/sindicomdf.com.br\/portal\/comerciarios-e-comerciarias-comemoram-conquistas-do-sindicom-df-na-nova-cct\/\"]}]},{\"@type\":\"ImageObject\",\"inLanguage\":\"pt-BR\",\"@id\":\"https:\/\/sindicomdf.com.br\/portal\/comerciarios-e-comerciarias-comemoram-conquistas-do-sindicom-df-na-nova-cct\/#primaryimage\",\"url\":\"https:\/\/sindicomdf.com.br\/portal\/wp-content\/uploads\/2025\/10\/img69.jpg\",\"contentUrl\":\"https:\/\/sindicomdf.com.br\/portal\/wp-content\/uploads\/2025\/10\/img69.jpg\",\"width\":700,\"height\":467},{\"@type\":\"BreadcrumbList\",\"@id\":\"https:\/\/sindicomdf.com.br\/portal\/comerciarios-e-comerciarias-comemoram-conquistas-do-sindicom-df-na-nova-cct\/#breadcrumb\",\"itemListElement\":[{\"@type\":\"ListItem\",\"position\":1,\"name\":\"In\u00edcio\",\"item\":\"https:\/\/sindicomdf.com.br\/portal\/\"},{\"@type\":\"ListItem\",\"position\":2,\"name\":\"Comerci\u00e1rios e comerci\u00e1rias comemoram conquistas do Sindicom-DF na nova CCT\"}]},{\"@type\":\"WebSite\",\"@id\":\"https:\/\/sindicomdf.com.br\/portal\/#website\",\"url\":\"https:\/\/sindicomdf.com.br\/portal\/\",\"name\":\"SINDICOM\",\"description\":\"Sindicato dos Empregados no Com\u00e9rcio do DF\",\"potentialAction\":[{\"@type\":\"SearchAction\",\"target\":{\"@type\":\"EntryPoint\",\"urlTemplate\":\"https:\/\/sindicomdf.com.br\/portal\/?s={search_term_string}\"},\"query-input\":{\"@type\":\"PropertyValueSpecification\",\"valueRequired\":true,\"valueName\":\"search_term_string\"}}],\"inLanguage\":\"pt-BR\"},{\"@type\":\"Person\",\"@id\":\"https:\/\/sindicomdf.com.br\/portal\/#\/schema\/person\/09372242e78b757907e33fe5db53d205\",\"name\":\"Imprensa\",\"image\":{\"@type\":\"ImageObject\",\"inLanguage\":\"pt-BR\",\"@id\":\"https:\/\/sindicomdf.com.br\/portal\/#\/schema\/person\/image\/\",\"url\":\"https:\/\/secure.gravatar.com\/avatar\/060ac8086a7131ef4b79f847ca8f7acd57811aa2a477aca1d2a09b88754dd9de?s=96&d=mm&r=g\",\"contentUrl\":\"https:\/\/secure.gravatar.com\/avatar\/060ac8086a7131ef4b79f847ca8f7acd57811aa2a477aca1d2a09b88754dd9de?s=96&d=mm&r=g\",\"caption\":\"Imprensa\"},\"url\":\"https:\/\/sindicomdf.com.br\/portal\/author\/imprensa\/\"}]}<\/script>\n<!-- \/ Yoast SEO plugin. -->","yoast_head_json":{"title":"Comerci\u00e1rios e comerci\u00e1rias comemoram conquistas do Sindicom-DF na nova CCT - SINDICOM","robots":{"index":"index","follow":"follow","max-snippet":"max-snippet:-1","max-image-preview":"max-image-preview:large","max-video-preview":"max-video-preview:-1"},"canonical":"https:\/\/sindicomdf.com.br\/portal\/comerciarios-e-comerciarias-comemoram-conquistas-do-sindicom-df-na-nova-cct\/","og_locale":"pt_BR","og_type":"article","og_title":"Comerci\u00e1rios e comerci\u00e1rias comemoram conquistas do Sindicom-DF na nova CCT - SINDICOM","og_description":"O Sindicato dos Empregados no Com\u00e9rcio do DF (Sindicom-DF) conquistou importantes vantagens na Conven\u00e7\u00e3o Coletiva de Trabalho (CCT) recentemente assinada com o Sindivarejista (eletrodom\u00e9sticos, m\u00f3veis, roupas, cal\u00e7ados, acess\u00f3rios, etc&#8230;), trazendo benef\u00edcios significativos para milhares de comerci\u00e1rios e comerci\u00e1rias no Distrito Federal. Principais conquistas Reajuste salarial &#8211; Aumento de 5,32% no sal\u00e1rio, representando um ganho acima [&hellip;]","og_url":"https:\/\/sindicomdf.com.br\/portal\/comerciarios-e-comerciarias-comemoram-conquistas-do-sindicom-df-na-nova-cct\/","og_site_name":"SINDICOM","article_published_time":"2025-10-28T18:13:32+00:00","og_image":[{"width":700,"height":467,"url":"https:\/\/sindicomdf.com.br\/portal\/wp-content\/uploads\/2025\/10\/img69.jpg","type":"image\/jpeg"}],"author":"Imprensa","twitter_card":"summary_large_image","twitter_misc":{"Escrito por":"Imprensa","Est. tempo de leitura":"2 minutos"},"schema":{"@context":"https:\/\/schema.org","@graph":[{"@type":"WebPage","@id":"https:\/\/sindicomdf.com.br\/portal\/comerciarios-e-comerciarias-comemoram-conquistas-do-sindicom-df-na-nova-cct\/","url":"https:\/\/sindicomdf.com.br\/portal\/comerciarios-e-comerciarias-comemoram-conquistas-do-sindicom-df-na-nova-cct\/","name":"Comerci\u00e1rios e comerci\u00e1rias comemoram conquistas do Sindicom-DF na nova CCT - SINDICOM","isPartOf":{"@id":"https:\/\/sindicomdf.com.br\/portal\/#website"},"primaryImageOfPage":{"@id":"https:\/\/sindicomdf.com.br\/portal\/comerciarios-e-comerciarias-comemoram-conquistas-do-sindicom-df-na-nova-cct\/#primaryimage"},"image":{"@id":"https:\/\/sindicomdf.com.br\/portal\/comerciarios-e-comerciarias-comemoram-conquistas-do-sindicom-df-na-nova-cct\/#primaryimage"},"thumbnailUrl":"https:\/\/sindicomdf.com.br\/portal\/wp-content\/uploads\/2025\/10\/img69.jpg","datePublished":"2025-10-28T18:13:32+00:00","dateModified":"2025-10-28T18:13:32+00:00","author":{"@id":"https:\/\/sindicomdf.com.br\/portal\/#\/schema\/person\/09372242e78b757907e33fe5db53d205"},"breadcrumb":{"@id":"https:\/\/sindicomdf.com.br\/portal\/comerciarios-e-comerciarias-comemoram-conquistas-do-sindicom-df-na-nova-cct\/#breadcrumb"},"inLanguage":"pt-BR","potentialAction":[{"@type":"ReadAction","target":["https:\/\/sindicomdf.com.br\/portal\/comerciarios-e-comerciarias-comemoram-conquistas-do-sindicom-df-na-nova-cct\/"]}]},{"@type":"ImageObject","inLanguage":"pt-BR","@id":"https:\/\/sindicomdf.com.br\/portal\/comerciarios-e-comerciarias-comemoram-conquistas-do-sindicom-df-na-nova-cct\/#primaryimage","url":"https:\/\/sindicomdf.com.br\/portal\/wp-content\/uploads\/2025\/10\/img69.jpg","contentUrl":"https:\/\/sindicomdf.com.br\/portal\/wp-content\/uploads\/2025\/10\/img69.jpg","width":700,"height":467},{"@type":"BreadcrumbList","@id":"https:\/\/sindicomdf.com.br\/portal\/comerciarios-e-comerciarias-comemoram-conquistas-do-sindicom-df-na-nova-cct\/#breadcrumb","itemListElement":[{"@type":"ListItem","position":1,"name":"In\u00edcio","item":"https:\/\/sindicomdf.com.br\/portal\/"},{"@type":"ListItem","position":2,"name":"Comerci\u00e1rios e comerci\u00e1rias comemoram conquistas do Sindicom-DF na nova CCT"}]},{"@type":"WebSite","@id":"https:\/\/sindicomdf.com.br\/portal\/#website","url":"https:\/\/sindicomdf.com.br\/portal\/","name":"SINDICOM","description":"Sindicato dos Empregados no Com\u00e9rcio do DF","potentialAction":[{"@type":"SearchAction","target":{"@type":"EntryPoint","urlTemplate":"https:\/\/sindicomdf.com.br\/portal\/?s={search_term_string}"},"query-input":{"@type":"PropertyValueSpecification","valueRequired":true,"valueName":"search_term_string"}}],"inLanguage":"pt-BR"},{"@type":"Person","@id":"https:\/\/sindicomdf.com.br\/portal\/#\/schema\/person\/09372242e78b757907e33fe5db53d205","name":"Imprensa","image":{"@type":"ImageObject","inLanguage":"pt-BR","@id":"https:\/\/sindicomdf.com.br\/portal\/#\/schema\/person\/image\/","url":"https:\/\/secure.gravatar.com\/avatar\/060ac8086a7131ef4b79f847ca8f7acd57811aa2a477aca1d2a09b88754dd9de?s=96&d=mm&r=g","contentUrl":"https:\/\/secure.gravatar.com\/avatar\/060ac8086a7131ef4b79f847ca8f7acd57811aa2a477aca1d2a09b88754dd9de?s=96&d=mm&r=g","caption":"Imprensa"},"url":"https:\/\/sindicomdf.com.br\/portal\/author\/imprensa\/"}]}},"_links":{"self":[{"href":"https:\/\/sindicomdf.com.br\/portal\/wp-json\/wp\/v2\/posts\/12082","targetHints":{"allow":["GET"]}}],"collection":[{"href":"https:\/\/sindicomdf.com.br\/portal\/wp-json\/wp\/v2\/posts"}],"about":[{"href":"https:\/\/sindicomdf.com.br\/portal\/wp-json\/wp\/v2\/types\/post"}],"author":[{"embeddable":true,"href":"https:\/\/sindicomdf.com.br\/portal\/wp-json\/wp\/v2\/users\/3"}],"replies":[{"embeddable":true,"href":"https:\/\/sindicomdf.com.br\/portal\/wp-json\/wp\/v2\/comments?post=12082"}],"version-history":[{"count":1,"href":"https:\/\/sindicomdf.com.br\/portal\/wp-json\/wp\/v2\/posts\/12082\/revisions"}],"predecessor-version":[{"id":12085,"href":"https:\/\/sindicomdf.com.br\/portal\/wp-json\/wp\/v2\/posts\/12082\/revisions\/12085"}],"wp:featuredmedia":[{"embeddable":true,"href":"https:\/\/sindicomdf.com.br\/portal\/wp-json\/wp\/v2\/media\/12084"}],"wp:attachment":[{"href":"https:\/\/sindicomdf.com.br\/portal\/wp-json\/wp\/v2\/media?parent=12082"}],"wp:term":[{"taxonomy":"category","embeddable":true,"href":"https:\/\/sindicomdf.com.br\/portal\/wp-json\/wp\/v2\/categories?post=12082"},{"taxonomy":"post_tag","embeddable":true,"href":"https:\/\/sindicomdf.com.br\/portal\/wp-json\/wp\/v2\/tags?post=12082"}],"curies":[{"name":"wp","href":"https:\/\/api.w.org\/{rel}","templated":true}]}}