{"id":12040,"date":"2025-10-16T12:21:11","date_gmt":"2025-10-16T12:21:11","guid":{"rendered":"https:\/\/sindicomdf.com.br\/portal\/?p=12040"},"modified":"2025-10-16T12:21:11","modified_gmt":"2025-10-16T12:21:11","slug":"nossa-festa-foi-incrivel","status":"publish","type":"post","link":"https:\/\/sindicomdf.com.br\/portal\/nossa-festa-foi-incrivel\/","title":{"rendered":"Nossa festa foi incr\u00edvel"},"content":{"rendered":"<p data-start=\"40\" data-end=\"286\">O Sindicom-DF agradece com carinho a presen\u00e7a de todas as fam\u00edlias que fizeram da nossa <strong data-start=\"128\" data-end=\"157\">Festa do Dia das Crian\u00e7as<\/strong>, realizada no \u00faltimo domingo (12), no <strong data-start=\"196\" data-end=\"222\">Clube dos Comerci\u00e1rios<\/strong>, um momento inesquec\u00edvel de <strong data-start=\"251\" data-end=\"280\">alegria, uni\u00e3o e divers\u00e3o<\/strong>.<\/p>\n<p data-start=\"288\" data-end=\"471\" data-is-last-node=\"\" data-is-only-node=\"\">Cada sorriso registrado mostra o verdadeiro sentido dessa data: celebrar a inf\u00e2ncia e fortalecer os la\u00e7os da nossa grande fam\u00edlia comerci\u00e1ria. Veja alguns cliques desse dia especial!<\/p>\n<div id='gallery-1' class='gallery galleryid-12040 gallery-columns-7 gallery-size-medium'><dl class='gallery-item'>\n\t\t\t<dt class='gallery-icon landscape'>\n\t\t\t\t<a href='https:\/\/sindicomdf.com.br\/portal\/nossa-festa-foi-incrivel\/img1-31\/'><img loading=\"lazy\" decoding=\"async\" width=\"300\" height=\"199\" src=\"https:\/\/sindicomdf.com.br\/portal\/wp-content\/uploads\/2025\/10\/img1-1-300x199.jpg\" class=\"attachment-medium size-medium\" alt=\"\" srcset=\"https:\/\/sindicomdf.com.br\/portal\/wp-content\/uploads\/2025\/10\/img1-1-300x199.jpg 300w, https:\/\/sindicomdf.com.br\/portal\/wp-content\/uploads\/2025\/10\/img1-1-90x60.jpg 90w, https:\/\/sindicomdf.com.br\/portal\/wp-content\/uploads\/2025\/10\/img1-1-180x120.jpg 180w, https:\/\/sindicomdf.com.br\/portal\/wp-content\/uploads\/2025\/10\/img1-1-95x64.jpg 95w, https:\/\/sindicomdf.com.br\/portal\/wp-content\/uploads\/2025\/10\/img1-1.jpg 698w\" sizes=\"auto, (max-width: 300px) 100vw, 300px\" \/><\/a>\n\t\t\t<\/dt><\/dl><dl class='gallery-item'>\n\t\t\t<dt class='gallery-icon landscape'>\n\t\t\t\t<a href='https:\/\/sindicomdf.com.br\/portal\/nossa-festa-foi-incrivel\/img13-13\/'><img loading=\"lazy\" decoding=\"async\" width=\"300\" height=\"199\" src=\"https:\/\/sindicomdf.com.br\/portal\/wp-content\/uploads\/2025\/10\/img13-300x199.jpg\" class=\"attachment-medium size-medium\" alt=\"\" srcset=\"https:\/\/sindicomdf.com.br\/portal\/wp-content\/uploads\/2025\/10\/img13-300x199.jpg 300w, https:\/\/sindicomdf.com.br\/portal\/wp-content\/uploads\/2025\/10\/img13-90x60.jpg 90w, https:\/\/sindicomdf.com.br\/portal\/wp-content\/uploads\/2025\/10\/img13-180x120.jpg 180w, https:\/\/sindicomdf.com.br\/portal\/wp-content\/uploads\/2025\/10\/img13-95x64.jpg 95w, https:\/\/sindicomdf.com.br\/portal\/wp-content\/uploads\/2025\/10\/img13.jpg 700w\" sizes=\"auto, (max-width: 300px) 100vw, 300px\" \/><\/a>\n\t\t\t<\/dt><\/dl><dl class='gallery-item'>\n\t\t\t<dt class='gallery-icon landscape'>\n\t\t\t\t<a href='https:\/\/sindicomdf.com.br\/portal\/nossa-festa-foi-incrivel\/img2-29\/'><img loading=\"lazy\" decoding=\"async\" width=\"300\" height=\"199\" src=\"https:\/\/sindicomdf.com.br\/portal\/wp-content\/uploads\/2025\/10\/img2-300x199.jpg\" class=\"attachment-medium size-medium\" alt=\"\" srcset=\"https:\/\/sindicomdf.com.br\/portal\/wp-content\/uploads\/2025\/10\/img2-300x199.jpg 300w, https:\/\/sindicomdf.com.br\/portal\/wp-content\/uploads\/2025\/10\/img2-90x60.jpg 90w, https:\/\/sindicomdf.com.br\/portal\/wp-content\/uploads\/2025\/10\/img2-180x120.jpg 180w, https:\/\/sindicomdf.com.br\/portal\/wp-content\/uploads\/2025\/10\/img2-95x64.jpg 95w, https:\/\/sindicomdf.com.br\/portal\/wp-content\/uploads\/2025\/10\/img2.jpg 700w\" sizes=\"auto, (max-width: 300px) 100vw, 300px\" \/><\/a>\n\t\t\t<\/dt><\/dl><dl class='gallery-item'>\n\t\t\t<dt class='gallery-icon landscape'>\n\t\t\t\t<a href='https:\/\/sindicomdf.com.br\/portal\/nossa-festa-foi-incrivel\/img18-7\/'><img loading=\"lazy\" decoding=\"async\" width=\"300\" height=\"199\" src=\"https:\/\/sindicomdf.com.br\/portal\/wp-content\/uploads\/2025\/10\/img18-300x199.jpg\" class=\"attachment-medium size-medium\" alt=\"\" srcset=\"https:\/\/sindicomdf.com.br\/portal\/wp-content\/uploads\/2025\/10\/img18-300x199.jpg 300w, https:\/\/sindicomdf.com.br\/portal\/wp-content\/uploads\/2025\/10\/img18-90x60.jpg 90w, https:\/\/sindicomdf.com.br\/portal\/wp-content\/uploads\/2025\/10\/img18-180x120.jpg 180w, https:\/\/sindicomdf.com.br\/portal\/wp-content\/uploads\/2025\/10\/img18-95x64.jpg 95w, https:\/\/sindicomdf.com.br\/portal\/wp-content\/uploads\/2025\/10\/img18.jpg 698w\" sizes=\"auto, (max-width: 300px) 100vw, 300px\" \/><\/a>\n\t\t\t<\/dt><\/dl><dl class='gallery-item'>\n\t\t\t<dt class='gallery-icon landscape'>\n\t\t\t\t<a href='https:\/\/sindicomdf.com.br\/portal\/nossa-festa-foi-incrivel\/img5-21\/'><img loading=\"lazy\" decoding=\"async\" width=\"300\" height=\"199\" src=\"https:\/\/sindicomdf.com.br\/portal\/wp-content\/uploads\/2025\/10\/img5-300x199.jpg\" class=\"attachment-medium size-medium\" alt=\"\" srcset=\"https:\/\/sindicomdf.com.br\/portal\/wp-content\/uploads\/2025\/10\/img5-300x199.jpg 300w, https:\/\/sindicomdf.com.br\/portal\/wp-content\/uploads\/2025\/10\/img5-90x60.jpg 90w, https:\/\/sindicomdf.com.br\/portal\/wp-content\/uploads\/2025\/10\/img5-180x120.jpg 180w, https:\/\/sindicomdf.com.br\/portal\/wp-content\/uploads\/2025\/10\/img5-95x64.jpg 95w, https:\/\/sindicomdf.com.br\/portal\/wp-content\/uploads\/2025\/10\/img5.jpg 700w\" sizes=\"auto, (max-width: 300px) 100vw, 300px\" \/><\/a>\n\t\t\t<\/dt><\/dl><dl class='gallery-item'>\n\t\t\t<dt class='gallery-icon landscape'>\n\t\t\t\t<a href='https:\/\/sindicomdf.com.br\/portal\/nossa-festa-foi-incrivel\/img7-18\/'><img loading=\"lazy\" decoding=\"async\" width=\"300\" height=\"199\" src=\"https:\/\/sindicomdf.com.br\/portal\/wp-content\/uploads\/2025\/10\/img7-300x199.jpg\" class=\"attachment-medium size-medium\" alt=\"\" srcset=\"https:\/\/sindicomdf.com.br\/portal\/wp-content\/uploads\/2025\/10\/img7-300x199.jpg 300w, https:\/\/sindicomdf.com.br\/portal\/wp-content\/uploads\/2025\/10\/img7-90x60.jpg 90w, https:\/\/sindicomdf.com.br\/portal\/wp-content\/uploads\/2025\/10\/img7-180x120.jpg 180w, https:\/\/sindicomdf.com.br\/portal\/wp-content\/uploads\/2025\/10\/img7-95x64.jpg 95w, https:\/\/sindicomdf.com.br\/portal\/wp-content\/uploads\/2025\/10\/img7.jpg 698w\" sizes=\"auto, (max-width: 300px) 100vw, 300px\" \/><\/a>\n\t\t\t<\/dt><\/dl><dl class='gallery-item'>\n\t\t\t<dt class='gallery-icon landscape'>\n\t\t\t\t<a href='https:\/\/sindicomdf.com.br\/portal\/nossa-festa-foi-incrivel\/img8-17\/'><img loading=\"lazy\" decoding=\"async\" width=\"300\" height=\"199\" src=\"https:\/\/sindicomdf.com.br\/portal\/wp-content\/uploads\/2025\/10\/img8-300x199.jpg\" class=\"attachment-medium size-medium\" alt=\"\" srcset=\"https:\/\/sindicomdf.com.br\/portal\/wp-content\/uploads\/2025\/10\/img8-300x199.jpg 300w, https:\/\/sindicomdf.com.br\/portal\/wp-content\/uploads\/2025\/10\/img8-90x60.jpg 90w, https:\/\/sindicomdf.com.br\/portal\/wp-content\/uploads\/2025\/10\/img8-180x120.jpg 180w, https:\/\/sindicomdf.com.br\/portal\/wp-content\/uploads\/2025\/10\/img8-95x64.jpg 95w, https:\/\/sindicomdf.com.br\/portal\/wp-content\/uploads\/2025\/10\/img8.jpg 700w\" sizes=\"auto, (max-width: 300px) 100vw, 300px\" \/><\/a>\n\t\t\t<\/dt><\/dl><br style=\"clear: both\" \/><dl class='gallery-item'>\n\t\t\t<dt class='gallery-icon landscape'>\n\t\t\t\t<a href='https:\/\/sindicomdf.com.br\/portal\/nossa-festa-foi-incrivel\/img9-15\/'><img loading=\"lazy\" decoding=\"async\" width=\"300\" height=\"200\" src=\"https:\/\/sindicomdf.com.br\/portal\/wp-content\/uploads\/2025\/10\/img9-300x200.jpg\" class=\"attachment-medium size-medium\" alt=\"\" srcset=\"https:\/\/sindicomdf.com.br\/portal\/wp-content\/uploads\/2025\/10\/img9-300x200.jpg 300w, https:\/\/sindicomdf.com.br\/portal\/wp-content\/uploads\/2025\/10\/img9-90x60.jpg 90w, https:\/\/sindicomdf.com.br\/portal\/wp-content\/uploads\/2025\/10\/img9-180x120.jpg 180w, https:\/\/sindicomdf.com.br\/portal\/wp-content\/uploads\/2025\/10\/img9-95x64.jpg 95w, https:\/\/sindicomdf.com.br\/portal\/wp-content\/uploads\/2025\/10\/img9.jpg 697w\" sizes=\"auto, (max-width: 300px) 100vw, 300px\" \/><\/a>\n\t\t\t<\/dt><\/dl><dl class='gallery-item'>\n\t\t\t<dt class='gallery-icon landscape'>\n\t\t\t\t<a href='https:\/\/sindicomdf.com.br\/portal\/nossa-festa-foi-incrivel\/img10-15\/'><img loading=\"lazy\" decoding=\"async\" width=\"300\" height=\"199\" src=\"https:\/\/sindicomdf.com.br\/portal\/wp-content\/uploads\/2025\/10\/img10-300x199.jpg\" class=\"attachment-medium size-medium\" alt=\"\" srcset=\"https:\/\/sindicomdf.com.br\/portal\/wp-content\/uploads\/2025\/10\/img10-300x199.jpg 300w, https:\/\/sindicomdf.com.br\/portal\/wp-content\/uploads\/2025\/10\/img10-90x60.jpg 90w, https:\/\/sindicomdf.com.br\/portal\/wp-content\/uploads\/2025\/10\/img10-180x120.jpg 180w, https:\/\/sindicomdf.com.br\/portal\/wp-content\/uploads\/2025\/10\/img10-95x64.jpg 95w, https:\/\/sindicomdf.com.br\/portal\/wp-content\/uploads\/2025\/10\/img10.jpg 699w\" sizes=\"auto, (max-width: 300px) 100vw, 300px\" \/><\/a>\n\t\t\t<\/dt><\/dl><dl class='gallery-item'>\n\t\t\t<dt class='gallery-icon landscape'>\n\t\t\t\t<a href='https:\/\/sindicomdf.com.br\/portal\/nossa-festa-foi-incrivel\/img11-14\/'><img loading=\"lazy\" decoding=\"async\" width=\"300\" height=\"199\" src=\"https:\/\/sindicomdf.com.br\/portal\/wp-content\/uploads\/2025\/10\/img11-300x199.jpg\" class=\"attachment-medium size-medium\" alt=\"\" srcset=\"https:\/\/sindicomdf.com.br\/portal\/wp-content\/uploads\/2025\/10\/img11-300x199.jpg 300w, https:\/\/sindicomdf.com.br\/portal\/wp-content\/uploads\/2025\/10\/img11-90x60.jpg 90w, https:\/\/sindicomdf.com.br\/portal\/wp-content\/uploads\/2025\/10\/img11-180x120.jpg 180w, https:\/\/sindicomdf.com.br\/portal\/wp-content\/uploads\/2025\/10\/img11-95x64.jpg 95w, https:\/\/sindicomdf.com.br\/portal\/wp-content\/uploads\/2025\/10\/img11.jpg 698w\" sizes=\"auto, (max-width: 300px) 100vw, 300px\" \/><\/a>\n\t\t\t<\/dt><\/dl><dl class='gallery-item'>\n\t\t\t<dt class='gallery-icon landscape'>\n\t\t\t\t<a href='https:\/\/sindicomdf.com.br\/portal\/nossa-festa-foi-incrivel\/img6-17\/'><img loading=\"lazy\" decoding=\"async\" width=\"300\" height=\"199\" src=\"https:\/\/sindicomdf.com.br\/portal\/wp-content\/uploads\/2025\/10\/img6-300x199.jpg\" class=\"attachment-medium size-medium\" alt=\"\" srcset=\"https:\/\/sindicomdf.com.br\/portal\/wp-content\/uploads\/2025\/10\/img6-300x199.jpg 300w, https:\/\/sindicomdf.com.br\/portal\/wp-content\/uploads\/2025\/10\/img6-90x60.jpg 90w, https:\/\/sindicomdf.com.br\/portal\/wp-content\/uploads\/2025\/10\/img6-180x120.jpg 180w, https:\/\/sindicomdf.com.br\/portal\/wp-content\/uploads\/2025\/10\/img6-95x64.jpg 95w, https:\/\/sindicomdf.com.br\/portal\/wp-content\/uploads\/2025\/10\/img6.jpg 700w\" sizes=\"auto, (max-width: 300px) 100vw, 300px\" \/><\/a>\n\t\t\t<\/dt><\/dl><dl class='gallery-item'>\n\t\t\t<dt class='gallery-icon landscape'>\n\t\t\t\t<a href='https:\/\/sindicomdf.com.br\/portal\/nossa-festa-foi-incrivel\/img12-8\/'><img loading=\"lazy\" decoding=\"async\" width=\"300\" height=\"199\" src=\"https:\/\/sindicomdf.com.br\/portal\/wp-content\/uploads\/2025\/10\/img12-300x199.jpg\" class=\"attachment-medium size-medium\" alt=\"\" srcset=\"https:\/\/sindicomdf.com.br\/portal\/wp-content\/uploads\/2025\/10\/img12-300x199.jpg 300w, https:\/\/sindicomdf.com.br\/portal\/wp-content\/uploads\/2025\/10\/img12-90x60.jpg 90w, https:\/\/sindicomdf.com.br\/portal\/wp-content\/uploads\/2025\/10\/img12-180x120.jpg 180w, https:\/\/sindicomdf.com.br\/portal\/wp-content\/uploads\/2025\/10\/img12-95x64.jpg 95w, https:\/\/sindicomdf.com.br\/portal\/wp-content\/uploads\/2025\/10\/img12.jpg 700w\" sizes=\"auto, (max-width: 300px) 100vw, 300px\" \/><\/a>\n\t\t\t<\/dt><\/dl><dl class='gallery-item'>\n\t\t\t<dt class='gallery-icon landscape'>\n\t\t\t\t<a href='https:\/\/sindicomdf.com.br\/portal\/nossa-festa-foi-incrivel\/img14-11\/'><img loading=\"lazy\" decoding=\"async\" width=\"300\" height=\"199\" src=\"https:\/\/sindicomdf.com.br\/portal\/wp-content\/uploads\/2025\/10\/img14-300x199.jpg\" class=\"attachment-medium size-medium\" alt=\"\" srcset=\"https:\/\/sindicomdf.com.br\/portal\/wp-content\/uploads\/2025\/10\/img14-300x199.jpg 300w, https:\/\/sindicomdf.com.br\/portal\/wp-content\/uploads\/2025\/10\/img14-90x60.jpg 90w, https:\/\/sindicomdf.com.br\/portal\/wp-content\/uploads\/2025\/10\/img14-180x120.jpg 180w, https:\/\/sindicomdf.com.br\/portal\/wp-content\/uploads\/2025\/10\/img14-95x64.jpg 95w, https:\/\/sindicomdf.com.br\/portal\/wp-content\/uploads\/2025\/10\/img14.jpg 700w\" sizes=\"auto, (max-width: 300px) 100vw, 300px\" \/><\/a>\n\t\t\t<\/dt><\/dl><dl class='gallery-item'>\n\t\t\t<dt class='gallery-icon landscape'>\n\t\t\t\t<a href='https:\/\/sindicomdf.com.br\/portal\/nossa-festa-foi-incrivel\/img15-9\/'><img loading=\"lazy\" decoding=\"async\" width=\"300\" height=\"199\" src=\"https:\/\/sindicomdf.com.br\/portal\/wp-content\/uploads\/2025\/10\/img15-300x199.jpg\" class=\"attachment-medium size-medium\" alt=\"\" srcset=\"https:\/\/sindicomdf.com.br\/portal\/wp-content\/uploads\/2025\/10\/img15-300x199.jpg 300w, https:\/\/sindicomdf.com.br\/portal\/wp-content\/uploads\/2025\/10\/img15-90x60.jpg 90w, https:\/\/sindicomdf.com.br\/portal\/wp-content\/uploads\/2025\/10\/img15-180x120.jpg 180w, https:\/\/sindicomdf.com.br\/portal\/wp-content\/uploads\/2025\/10\/img15-95x64.jpg 95w, https:\/\/sindicomdf.com.br\/portal\/wp-content\/uploads\/2025\/10\/img15.jpg 698w\" sizes=\"auto, (max-width: 300px) 100vw, 300px\" \/><\/a>\n\t\t\t<\/dt><\/dl><br style=\"clear: both\" \/><dl class='gallery-item'>\n\t\t\t<dt class='gallery-icon landscape'>\n\t\t\t\t<a href='https:\/\/sindicomdf.com.br\/portal\/nossa-festa-foi-incrivel\/img16-8\/'><img loading=\"lazy\" decoding=\"async\" width=\"300\" height=\"199\" src=\"https:\/\/sindicomdf.com.br\/portal\/wp-content\/uploads\/2025\/10\/img16-300x199.jpg\" class=\"attachment-medium size-medium\" alt=\"\" srcset=\"https:\/\/sindicomdf.com.br\/portal\/wp-content\/uploads\/2025\/10\/img16-300x199.jpg 300w, https:\/\/sindicomdf.com.br\/portal\/wp-content\/uploads\/2025\/10\/img16-90x60.jpg 90w, https:\/\/sindicomdf.com.br\/portal\/wp-content\/uploads\/2025\/10\/img16-180x120.jpg 180w, https:\/\/sindicomdf.com.br\/portal\/wp-content\/uploads\/2025\/10\/img16-95x64.jpg 95w, https:\/\/sindicomdf.com.br\/portal\/wp-content\/uploads\/2025\/10\/img16.jpg 700w\" sizes=\"auto, (max-width: 300px) 100vw, 300px\" \/><\/a>\n\t\t\t<\/dt><\/dl><dl class='gallery-item'>\n\t\t\t<dt class='gallery-icon landscape'>\n\t\t\t\t<a href='https:\/\/sindicomdf.com.br\/portal\/nossa-festa-foi-incrivel\/img17-8\/'><img loading=\"lazy\" decoding=\"async\" width=\"300\" height=\"199\" src=\"https:\/\/sindicomdf.com.br\/portal\/wp-content\/uploads\/2025\/10\/img17-300x199.jpg\" class=\"attachment-medium size-medium\" alt=\"\" srcset=\"https:\/\/sindicomdf.com.br\/portal\/wp-content\/uploads\/2025\/10\/img17-300x199.jpg 300w, https:\/\/sindicomdf.com.br\/portal\/wp-content\/uploads\/2025\/10\/img17-90x60.jpg 90w, https:\/\/sindicomdf.com.br\/portal\/wp-content\/uploads\/2025\/10\/img17-180x120.jpg 180w, https:\/\/sindicomdf.com.br\/portal\/wp-content\/uploads\/2025\/10\/img17-95x64.jpg 95w, https:\/\/sindicomdf.com.br\/portal\/wp-content\/uploads\/2025\/10\/img17.jpg 698w\" sizes=\"auto, (max-width: 300px) 100vw, 300px\" \/><\/a>\n\t\t\t<\/dt><\/dl><dl class='gallery-item'>\n\t\t\t<dt class='gallery-icon landscape'>\n\t\t\t\t<a href='https:\/\/sindicomdf.com.br\/portal\/nossa-festa-foi-incrivel\/img19-7\/'><img loading=\"lazy\" decoding=\"async\" width=\"300\" height=\"200\" src=\"https:\/\/sindicomdf.com.br\/portal\/wp-content\/uploads\/2025\/10\/img19-300x200.jpg\" class=\"attachment-medium size-medium\" alt=\"\" srcset=\"https:\/\/sindicomdf.com.br\/portal\/wp-content\/uploads\/2025\/10\/img19-300x200.jpg 300w, https:\/\/sindicomdf.com.br\/portal\/wp-content\/uploads\/2025\/10\/img19-90x60.jpg 90w, https:\/\/sindicomdf.com.br\/portal\/wp-content\/uploads\/2025\/10\/img19-180x120.jpg 180w, https:\/\/sindicomdf.com.br\/portal\/wp-content\/uploads\/2025\/10\/img19-95x64.jpg 95w, https:\/\/sindicomdf.com.br\/portal\/wp-content\/uploads\/2025\/10\/img19.jpg 697w\" sizes=\"auto, (max-width: 300px) 100vw, 300px\" \/><\/a>\n\t\t\t<\/dt><\/dl><dl class='gallery-item'>\n\t\t\t<dt class='gallery-icon landscape'>\n\t\t\t\t<a href='https:\/\/sindicomdf.com.br\/portal\/nossa-festa-foi-incrivel\/img20-6\/'><img loading=\"lazy\" decoding=\"async\" width=\"300\" height=\"199\" src=\"https:\/\/sindicomdf.com.br\/portal\/wp-content\/uploads\/2025\/10\/img20-300x199.jpg\" class=\"attachment-medium size-medium\" alt=\"\" srcset=\"https:\/\/sindicomdf.com.br\/portal\/wp-content\/uploads\/2025\/10\/img20-300x199.jpg 300w, https:\/\/sindicomdf.com.br\/portal\/wp-content\/uploads\/2025\/10\/img20-90x60.jpg 90w, https:\/\/sindicomdf.com.br\/portal\/wp-content\/uploads\/2025\/10\/img20-180x120.jpg 180w, https:\/\/sindicomdf.com.br\/portal\/wp-content\/uploads\/2025\/10\/img20-95x64.jpg 95w, https:\/\/sindicomdf.com.br\/portal\/wp-content\/uploads\/2025\/10\/img20.jpg 700w\" sizes=\"auto, (max-width: 300px) 100vw, 300px\" \/><\/a>\n\t\t\t<\/dt><\/dl><dl class='gallery-item'>\n\t\t\t<dt class='gallery-icon landscape'>\n\t\t\t\t<a href='https:\/\/sindicomdf.com.br\/portal\/nossa-festa-foi-incrivel\/img3-25\/'><img loading=\"lazy\" decoding=\"async\" width=\"300\" height=\"199\" src=\"https:\/\/sindicomdf.com.br\/portal\/wp-content\/uploads\/2025\/10\/img3-300x199.jpg\" class=\"attachment-medium size-medium\" alt=\"\" srcset=\"https:\/\/sindicomdf.com.br\/portal\/wp-content\/uploads\/2025\/10\/img3-300x199.jpg 300w, https:\/\/sindicomdf.com.br\/portal\/wp-content\/uploads\/2025\/10\/img3-90x60.jpg 90w, https:\/\/sindicomdf.com.br\/portal\/wp-content\/uploads\/2025\/10\/img3-180x120.jpg 180w, https:\/\/sindicomdf.com.br\/portal\/wp-content\/uploads\/2025\/10\/img3-95x64.jpg 95w, https:\/\/sindicomdf.com.br\/portal\/wp-content\/uploads\/2025\/10\/img3.jpg 700w\" sizes=\"auto, (max-width: 300px) 100vw, 300px\" \/><\/a>\n\t\t\t<\/dt><\/dl><dl class='gallery-item'>\n\t\t\t<dt class='gallery-icon landscape'>\n\t\t\t\t<a href='https:\/\/sindicomdf.com.br\/portal\/nossa-festa-foi-incrivel\/img21-9\/'><img loading=\"lazy\" decoding=\"async\" width=\"300\" height=\"199\" src=\"https:\/\/sindicomdf.com.br\/portal\/wp-content\/uploads\/2025\/10\/img21-300x199.jpg\" class=\"attachment-medium size-medium\" alt=\"\" srcset=\"https:\/\/sindicomdf.com.br\/portal\/wp-content\/uploads\/2025\/10\/img21-300x199.jpg 300w, https:\/\/sindicomdf.com.br\/portal\/wp-content\/uploads\/2025\/10\/img21-90x60.jpg 90w, https:\/\/sindicomdf.com.br\/portal\/wp-content\/uploads\/2025\/10\/img21-180x120.jpg 180w, https:\/\/sindicomdf.com.br\/portal\/wp-content\/uploads\/2025\/10\/img21-95x64.jpg 95w, https:\/\/sindicomdf.com.br\/portal\/wp-content\/uploads\/2025\/10\/img21.jpg 698w\" sizes=\"auto, (max-width: 300px) 100vw, 300px\" \/><\/a>\n\t\t\t<\/dt><\/dl><dl class='gallery-item'>\n\t\t\t<dt class='gallery-icon landscape'>\n\t\t\t\t<a href='https:\/\/sindicomdf.com.br\/portal\/nossa-festa-foi-incrivel\/img22-8\/'><img loading=\"lazy\" decoding=\"async\" width=\"300\" height=\"199\" src=\"https:\/\/sindicomdf.com.br\/portal\/wp-content\/uploads\/2025\/10\/img22-300x199.jpg\" class=\"attachment-medium size-medium\" alt=\"\" srcset=\"https:\/\/sindicomdf.com.br\/portal\/wp-content\/uploads\/2025\/10\/img22-300x199.jpg 300w, https:\/\/sindicomdf.com.br\/portal\/wp-content\/uploads\/2025\/10\/img22-90x60.jpg 90w, https:\/\/sindicomdf.com.br\/portal\/wp-content\/uploads\/2025\/10\/img22-180x120.jpg 180w, https:\/\/sindicomdf.com.br\/portal\/wp-content\/uploads\/2025\/10\/img22-95x64.jpg 95w, https:\/\/sindicomdf.com.br\/portal\/wp-content\/uploads\/2025\/10\/img22.jpg 700w\" sizes=\"auto, (max-width: 300px) 100vw, 300px\" \/><\/a>\n\t\t\t<\/dt><\/dl><br style=\"clear: both\" \/>\n\t\t<\/div>\n\n<blockquote class=\"instagram-media\" style=\"background: #FFF; border: 0; border-radius: 3px; box-shadow: 0 0 1px 0 rgba(0,0,0,0.5),0 1px 10px 0 rgba(0,0,0,0.15); margin: 1px; max-width: 540px; min-width: 326px; padding: 0; width: calc(100% - 2px);\" data-instgrm-captioned=\"\" data-instgrm-permalink=\"https:\/\/www.instagram.com\/reel\/DPusoMHjTgB\/?utm_source=ig_embed&amp;utm_campaign=loading\" data-instgrm-version=\"14\">\n<div style=\"padding: 16px;\">\n<p>&nbsp;<\/p>\n<div style=\"display: flex; flex-direction: row; align-items: center;\">\n<div style=\"background-color: #f4f4f4; border-radius: 50%; flex-grow: 0; height: 40px; margin-right: 14px; width: 40px;\"><\/div>\n<div style=\"display: flex; flex-direction: column; flex-grow: 1; justify-content: center;\">\n<div style=\"background-color: #f4f4f4; border-radius: 4px; flex-grow: 0; height: 14px; margin-bottom: 6px; width: 100px;\"><\/div>\n<div style=\"background-color: #f4f4f4; border-radius: 4px; flex-grow: 0; height: 14px; width: 60px;\"><\/div>\n<\/div>\n<\/div>\n<div style=\"padding: 19% 0;\"><\/div>\n<div style=\"display: block; height: 50px; margin: 0 auto 12px; width: 50px;\"><\/div>\n<div style=\"padding-top: 8px;\">\n<div style=\"color: #3897f0; font-family: Arial,sans-serif; font-size: 14px; font-style: normal; font-weight: 550; line-height: 18px;\">Ver essa foto no Instagram<\/div>\n<\/div>\n<div style=\"padding: 12.5% 0;\"><\/div>\n<div style=\"display: flex; flex-direction: row; margin-bottom: 14px; align-items: center;\">\n<div>\n<div style=\"background-color: #f4f4f4; border-radius: 50%; height: 12.5px; width: 12.5px; transform: translateX(0px) translateY(7px);\"><\/div>\n<div style=\"background-color: #f4f4f4; height: 12.5px; transform: rotate(-45deg) translateX(3px) translateY(1px); width: 12.5px; flex-grow: 0; margin-right: 14px; margin-left: 2px;\"><\/div>\n<div style=\"background-color: #f4f4f4; border-radius: 50%; height: 12.5px; width: 12.5px; transform: translateX(9px) translateY(-18px);\"><\/div>\n<\/div>\n<div style=\"margin-left: 8px;\">\n<div style=\"background-color: #f4f4f4; border-radius: 50%; flex-grow: 0; height: 20px; width: 20px;\"><\/div>\n<div style=\"width: 0; height: 0; border-top: 2px solid transparent; border-left: 6px solid #f4f4f4; border-bottom: 2px solid transparent; transform: translateX(16px) translateY(-4px) rotate(30deg);\"><\/div>\n<\/div>\n<div style=\"margin-left: auto;\">\n<div style=\"width: 0px; border-top: 8px solid #F4F4F4; border-right: 8px solid transparent; transform: translateY(16px);\"><\/div>\n<div style=\"background-color: #f4f4f4; flex-grow: 0; height: 12px; width: 16px; transform: translateY(-4px);\"><\/div>\n<div style=\"width: 0; height: 0; border-top: 8px solid #F4F4F4; border-left: 8px solid transparent; transform: translateY(-4px) translateX(8px);\"><\/div>\n<\/div>\n<\/div>\n<div style=\"display: flex; flex-direction: column; flex-grow: 1; justify-content: center; margin-bottom: 24px;\">\n<div style=\"background-color: #f4f4f4; border-radius: 4px; flex-grow: 0; height: 14px; margin-bottom: 6px; width: 224px;\"><\/div>\n<div style=\"background-color: #f4f4f4; border-radius: 4px; flex-grow: 0; height: 14px; width: 144px;\"><\/div>\n<\/div>\n<p>&nbsp;<\/p>\n<p style=\"color: #c9c8cd; font-family: Arial,sans-serif; font-size: 14px; line-height: 17px; margin-bottom: 0; margin-top: 8px; overflow: hidden; padding: 8px 0 7px; text-align: center; text-overflow: ellipsis; white-space: nowrap;\"><a style=\"color: #c9c8cd; font-family: Arial,sans-serif; font-size: 14px; font-style: normal; font-weight: normal; line-height: 17px; text-decoration: none;\" href=\"https:\/\/www.instagram.com\/reel\/DPusoMHjTgB\/?utm_source=ig_embed&amp;utm_campaign=loading\" target=\"_blank\" rel=\"noopener\">Uma publica\u00e7\u00e3o compartilhada por Sindicom DF (@sindicomdf)<\/a><\/p>\n<\/div>\n<\/blockquote>\n<p><script async src=\"\/\/www.instagram.com\/embed.js\"><\/script><\/p>\n","protected":false},"excerpt":{"rendered":"<p>O Sindicom-DF agradece com carinho a presen\u00e7a de todas as fam\u00edlias que fizeram da nossa Festa do Dia das Crian\u00e7as, realizada no \u00faltimo domingo (12), no Clube dos Comerci\u00e1rios, um momento inesquec\u00edvel de alegria, uni\u00e3o e divers\u00e3o. Cada sorriso registrado mostra o verdadeiro sentido dessa data: celebrar a inf\u00e2ncia e fortalecer os la\u00e7os da nossa [&hellip;]<\/p>\n","protected":false},"author":3,"featured_media":12047,"comment_status":"open","ping_status":"open","sticky":false,"template":"","format":"standard","meta":{"_bbp_topic_count":0,"_bbp_reply_count":0,"_bbp_total_topic_count":0,"_bbp_total_reply_count":0,"_bbp_voice_count":0,"_bbp_anonymous_reply_count":0,"_bbp_topic_count_hidden":0,"_bbp_reply_count_hidden":0,"_bbp_forum_subforum_count":0,"footnotes":""},"categories":[83],"tags":[],"class_list":{"0":"post-12040","1":"post","2":"type-post","3":"status-publish","4":"format-standard","5":"has-post-thumbnail","7":"category-clube"},"yoast_head":"<!-- This site is optimized with the Yoast SEO plugin v23.7 - https:\/\/yoast.com\/wordpress\/plugins\/seo\/ -->\n<title>Nossa festa foi incr\u00edvel - SINDICOM<\/title>\n<meta name=\"robots\" content=\"index, follow, max-snippet:-1, max-image-preview:large, max-video-preview:-1\" \/>\n<link rel=\"canonical\" href=\"https:\/\/sindicomdf.com.br\/portal\/nossa-festa-foi-incrivel\/\" \/>\n<meta property=\"og:locale\" content=\"pt_BR\" \/>\n<meta property=\"og:type\" content=\"article\" \/>\n<meta property=\"og:title\" content=\"Nossa festa foi incr\u00edvel - SINDICOM\" \/>\n<meta property=\"og:description\" content=\"O Sindicom-DF agradece com carinho a presen\u00e7a de todas as fam\u00edlias que fizeram da nossa Festa do Dia das Crian\u00e7as, realizada no \u00faltimo domingo (12), no Clube dos Comerci\u00e1rios, um momento inesquec\u00edvel de alegria, uni\u00e3o e divers\u00e3o. Cada sorriso registrado mostra o verdadeiro sentido dessa data: celebrar a inf\u00e2ncia e fortalecer os la\u00e7os da nossa [&hellip;]\" \/>\n<meta property=\"og:url\" content=\"https:\/\/sindicomdf.com.br\/portal\/nossa-festa-foi-incrivel\/\" \/>\n<meta property=\"og:site_name\" content=\"SINDICOM\" \/>\n<meta property=\"article:published_time\" content=\"2025-10-16T12:21:11+00:00\" \/>\n<meta property=\"og:image\" content=\"https:\/\/sindicomdf.com.br\/portal\/wp-content\/uploads\/2025\/10\/img7.jpg\" \/>\n\t<meta property=\"og:image:width\" content=\"698\" \/>\n\t<meta property=\"og:image:height\" content=\"464\" \/>\n\t<meta property=\"og:image:type\" content=\"image\/jpeg\" \/>\n<meta name=\"author\" content=\"Imprensa\" \/>\n<meta name=\"twitter:card\" content=\"summary_large_image\" \/>\n<meta name=\"twitter:label1\" content=\"Escrito por\" \/>\n\t<meta name=\"twitter:data1\" content=\"Imprensa\" \/>\n\t<meta name=\"twitter:label2\" content=\"Est. tempo de leitura\" \/>\n\t<meta name=\"twitter:data2\" content=\"1 minuto\" \/>\n<script type=\"application\/ld+json\" class=\"yoast-schema-graph\">{\"@context\":\"https:\/\/schema.org\",\"@graph\":[{\"@type\":\"WebPage\",\"@id\":\"https:\/\/sindicomdf.com.br\/portal\/nossa-festa-foi-incrivel\/\",\"url\":\"https:\/\/sindicomdf.com.br\/portal\/nossa-festa-foi-incrivel\/\",\"name\":\"Nossa festa foi incr\u00edvel - SINDICOM\",\"isPartOf\":{\"@id\":\"https:\/\/sindicomdf.com.br\/portal\/#website\"},\"primaryImageOfPage\":{\"@id\":\"https:\/\/sindicomdf.com.br\/portal\/nossa-festa-foi-incrivel\/#primaryimage\"},\"image\":{\"@id\":\"https:\/\/sindicomdf.com.br\/portal\/nossa-festa-foi-incrivel\/#primaryimage\"},\"thumbnailUrl\":\"https:\/\/sindicomdf.com.br\/portal\/wp-content\/uploads\/2025\/10\/img7.jpg\",\"datePublished\":\"2025-10-16T12:21:11+00:00\",\"dateModified\":\"2025-10-16T12:21:11+00:00\",\"author\":{\"@id\":\"https:\/\/sindicomdf.com.br\/portal\/#\/schema\/person\/09372242e78b757907e33fe5db53d205\"},\"breadcrumb\":{\"@id\":\"https:\/\/sindicomdf.com.br\/portal\/nossa-festa-foi-incrivel\/#breadcrumb\"},\"inLanguage\":\"pt-BR\",\"potentialAction\":[{\"@type\":\"ReadAction\",\"target\":[\"https:\/\/sindicomdf.com.br\/portal\/nossa-festa-foi-incrivel\/\"]}]},{\"@type\":\"ImageObject\",\"inLanguage\":\"pt-BR\",\"@id\":\"https:\/\/sindicomdf.com.br\/portal\/nossa-festa-foi-incrivel\/#primaryimage\",\"url\":\"https:\/\/sindicomdf.com.br\/portal\/wp-content\/uploads\/2025\/10\/img7.jpg\",\"contentUrl\":\"https:\/\/sindicomdf.com.br\/portal\/wp-content\/uploads\/2025\/10\/img7.jpg\",\"width\":698,\"height\":464},{\"@type\":\"BreadcrumbList\",\"@id\":\"https:\/\/sindicomdf.com.br\/portal\/nossa-festa-foi-incrivel\/#breadcrumb\",\"itemListElement\":[{\"@type\":\"ListItem\",\"position\":1,\"name\":\"In\u00edcio\",\"item\":\"https:\/\/sindicomdf.com.br\/portal\/\"},{\"@type\":\"ListItem\",\"position\":2,\"name\":\"Nossa festa foi incr\u00edvel\"}]},{\"@type\":\"WebSite\",\"@id\":\"https:\/\/sindicomdf.com.br\/portal\/#website\",\"url\":\"https:\/\/sindicomdf.com.br\/portal\/\",\"name\":\"SINDICOM\",\"description\":\"Sindicato dos Empregados no Com\u00e9rcio do DF\",\"potentialAction\":[{\"@type\":\"SearchAction\",\"target\":{\"@type\":\"EntryPoint\",\"urlTemplate\":\"https:\/\/sindicomdf.com.br\/portal\/?s={search_term_string}\"},\"query-input\":{\"@type\":\"PropertyValueSpecification\",\"valueRequired\":true,\"valueName\":\"search_term_string\"}}],\"inLanguage\":\"pt-BR\"},{\"@type\":\"Person\",\"@id\":\"https:\/\/sindicomdf.com.br\/portal\/#\/schema\/person\/09372242e78b757907e33fe5db53d205\",\"name\":\"Imprensa\",\"image\":{\"@type\":\"ImageObject\",\"inLanguage\":\"pt-BR\",\"@id\":\"https:\/\/sindicomdf.com.br\/portal\/#\/schema\/person\/image\/\",\"url\":\"https:\/\/secure.gravatar.com\/avatar\/060ac8086a7131ef4b79f847ca8f7acd57811aa2a477aca1d2a09b88754dd9de?s=96&d=mm&r=g\",\"contentUrl\":\"https:\/\/secure.gravatar.com\/avatar\/060ac8086a7131ef4b79f847ca8f7acd57811aa2a477aca1d2a09b88754dd9de?s=96&d=mm&r=g\",\"caption\":\"Imprensa\"},\"url\":\"https:\/\/sindicomdf.com.br\/portal\/author\/imprensa\/\"}]}<\/script>\n<!-- \/ Yoast SEO plugin. -->","yoast_head_json":{"title":"Nossa festa foi incr\u00edvel - SINDICOM","robots":{"index":"index","follow":"follow","max-snippet":"max-snippet:-1","max-image-preview":"max-image-preview:large","max-video-preview":"max-video-preview:-1"},"canonical":"https:\/\/sindicomdf.com.br\/portal\/nossa-festa-foi-incrivel\/","og_locale":"pt_BR","og_type":"article","og_title":"Nossa festa foi incr\u00edvel - SINDICOM","og_description":"O Sindicom-DF agradece com carinho a presen\u00e7a de todas as fam\u00edlias que fizeram da nossa Festa do Dia das Crian\u00e7as, realizada no \u00faltimo domingo (12), no Clube dos Comerci\u00e1rios, um momento inesquec\u00edvel de alegria, uni\u00e3o e divers\u00e3o. Cada sorriso registrado mostra o verdadeiro sentido dessa data: celebrar a inf\u00e2ncia e fortalecer os la\u00e7os da nossa [&hellip;]","og_url":"https:\/\/sindicomdf.com.br\/portal\/nossa-festa-foi-incrivel\/","og_site_name":"SINDICOM","article_published_time":"2025-10-16T12:21:11+00:00","og_image":[{"width":698,"height":464,"url":"https:\/\/sindicomdf.com.br\/portal\/wp-content\/uploads\/2025\/10\/img7.jpg","type":"image\/jpeg"}],"author":"Imprensa","twitter_card":"summary_large_image","twitter_misc":{"Escrito por":"Imprensa","Est. tempo de leitura":"1 minuto"},"schema":{"@context":"https:\/\/schema.org","@graph":[{"@type":"WebPage","@id":"https:\/\/sindicomdf.com.br\/portal\/nossa-festa-foi-incrivel\/","url":"https:\/\/sindicomdf.com.br\/portal\/nossa-festa-foi-incrivel\/","name":"Nossa festa foi incr\u00edvel - SINDICOM","isPartOf":{"@id":"https:\/\/sindicomdf.com.br\/portal\/#website"},"primaryImageOfPage":{"@id":"https:\/\/sindicomdf.com.br\/portal\/nossa-festa-foi-incrivel\/#primaryimage"},"image":{"@id":"https:\/\/sindicomdf.com.br\/portal\/nossa-festa-foi-incrivel\/#primaryimage"},"thumbnailUrl":"https:\/\/sindicomdf.com.br\/portal\/wp-content\/uploads\/2025\/10\/img7.jpg","datePublished":"2025-10-16T12:21:11+00:00","dateModified":"2025-10-16T12:21:11+00:00","author":{"@id":"https:\/\/sindicomdf.com.br\/portal\/#\/schema\/person\/09372242e78b757907e33fe5db53d205"},"breadcrumb":{"@id":"https:\/\/sindicomdf.com.br\/portal\/nossa-festa-foi-incrivel\/#breadcrumb"},"inLanguage":"pt-BR","potentialAction":[{"@type":"ReadAction","target":["https:\/\/sindicomdf.com.br\/portal\/nossa-festa-foi-incrivel\/"]}]},{"@type":"ImageObject","inLanguage":"pt-BR","@id":"https:\/\/sindicomdf.com.br\/portal\/nossa-festa-foi-incrivel\/#primaryimage","url":"https:\/\/sindicomdf.com.br\/portal\/wp-content\/uploads\/2025\/10\/img7.jpg","contentUrl":"https:\/\/sindicomdf.com.br\/portal\/wp-content\/uploads\/2025\/10\/img7.jpg","width":698,"height":464},{"@type":"BreadcrumbList","@id":"https:\/\/sindicomdf.com.br\/portal\/nossa-festa-foi-incrivel\/#breadcrumb","itemListElement":[{"@type":"ListItem","position":1,"name":"In\u00edcio","item":"https:\/\/sindicomdf.com.br\/portal\/"},{"@type":"ListItem","position":2,"name":"Nossa festa foi incr\u00edvel"}]},{"@type":"WebSite","@id":"https:\/\/sindicomdf.com.br\/portal\/#website","url":"https:\/\/sindicomdf.com.br\/portal\/","name":"SINDICOM","description":"Sindicato dos Empregados no Com\u00e9rcio do DF","potentialAction":[{"@type":"SearchAction","target":{"@type":"EntryPoint","urlTemplate":"https:\/\/sindicomdf.com.br\/portal\/?s={search_term_string}"},"query-input":{"@type":"PropertyValueSpecification","valueRequired":true,"valueName":"search_term_string"}}],"inLanguage":"pt-BR"},{"@type":"Person","@id":"https:\/\/sindicomdf.com.br\/portal\/#\/schema\/person\/09372242e78b757907e33fe5db53d205","name":"Imprensa","image":{"@type":"ImageObject","inLanguage":"pt-BR","@id":"https:\/\/sindicomdf.com.br\/portal\/#\/schema\/person\/image\/","url":"https:\/\/secure.gravatar.com\/avatar\/060ac8086a7131ef4b79f847ca8f7acd57811aa2a477aca1d2a09b88754dd9de?s=96&d=mm&r=g","contentUrl":"https:\/\/secure.gravatar.com\/avatar\/060ac8086a7131ef4b79f847ca8f7acd57811aa2a477aca1d2a09b88754dd9de?s=96&d=mm&r=g","caption":"Imprensa"},"url":"https:\/\/sindicomdf.com.br\/portal\/author\/imprensa\/"}]}},"_links":{"self":[{"href":"https:\/\/sindicomdf.com.br\/portal\/wp-json\/wp\/v2\/posts\/12040","targetHints":{"allow":["GET"]}}],"collection":[{"href":"https:\/\/sindicomdf.com.br\/portal\/wp-json\/wp\/v2\/posts"}],"about":[{"href":"https:\/\/sindicomdf.com.br\/portal\/wp-json\/wp\/v2\/types\/post"}],"author":[{"embeddable":true,"href":"https:\/\/sindicomdf.com.br\/portal\/wp-json\/wp\/v2\/users\/3"}],"replies":[{"embeddable":true,"href":"https:\/\/sindicomdf.com.br\/portal\/wp-json\/wp\/v2\/comments?post=12040"}],"version-history":[{"count":1,"href":"https:\/\/sindicomdf.com.br\/portal\/wp-json\/wp\/v2\/posts\/12040\/revisions"}],"predecessor-version":[{"id":12063,"href":"https:\/\/sindicomdf.com.br\/portal\/wp-json\/wp\/v2\/posts\/12040\/revisions\/12063"}],"wp:featuredmedia":[{"embeddable":true,"href":"https:\/\/sindicomdf.com.br\/portal\/wp-json\/wp\/v2\/media\/12047"}],"wp:attachment":[{"href":"https:\/\/sindicomdf.com.br\/portal\/wp-json\/wp\/v2\/media?parent=12040"}],"wp:term":[{"taxonomy":"category","embeddable":true,"href":"https:\/\/sindicomdf.com.br\/portal\/wp-json\/wp\/v2\/categories?post=12040"},{"taxonomy":"post_tag","embeddable":true,"href":"https:\/\/sindicomdf.com.br\/portal\/wp-json\/wp\/v2\/tags?post=12040"}],"curies":[{"name":"wp","href":"https:\/\/api.w.org\/{rel}","templated":true}]}}