{"id":11891,"date":"2025-09-02T15:05:54","date_gmt":"2025-09-02T15:05:54","guid":{"rendered":"https:\/\/sindicomdf.com.br\/portal\/?p=11891"},"modified":"2025-09-02T15:47:36","modified_gmt":"2025-09-02T15:47:36","slug":"plebiscito-popular-vote-ate-30-de-setembro","status":"publish","type":"post","link":"https:\/\/sindicomdf.com.br\/portal\/plebiscito-popular-vote-ate-30-de-setembro\/","title":{"rendered":"Plebiscito Popular | Vote at\u00e9 30 de setembro"},"content":{"rendered":"<h2>Vote com o QR Code <a href=\"https:\/\/sindicomdf.com.br\/portal\/wp-content\/uploads\/2025\/09\/QR-Code-Sindicom-DF.jpg\"><img loading=\"lazy\" decoding=\"async\" class=\"alignright wp-image-11892 size-medium\" src=\"https:\/\/sindicomdf.com.br\/portal\/wp-content\/uploads\/2025\/09\/QR-Code-Sindicom-DF-300x300.jpg\" alt=\"\" width=\"300\" height=\"300\" srcset=\"https:\/\/sindicomdf.com.br\/portal\/wp-content\/uploads\/2025\/09\/QR-Code-Sindicom-DF-300x300.jpg 300w, https:\/\/sindicomdf.com.br\/portal\/wp-content\/uploads\/2025\/09\/QR-Code-Sindicom-DF-150x150.jpg 150w, https:\/\/sindicomdf.com.br\/portal\/wp-content\/uploads\/2025\/09\/QR-Code-Sindicom-DF-768x768.jpg 768w, https:\/\/sindicomdf.com.br\/portal\/wp-content\/uploads\/2025\/09\/QR-Code-Sindicom-DF.jpg 1010w\" sizes=\"auto, (max-width: 300px) 100vw, 300px\" \/><\/a><\/h2>\n<p>A 17\u00aa Plen\u00e1ria Distrital da CUT-DF, entre os dias 28 e 30 de agosto, serviu para dar novo f\u00f4lego ao Plebiscito Popular, um poderoso instrumento de press\u00e3o pol\u00edtica, sinalizando ao Congresso e ao Executivo que a sociedade exige mudan\u00e7as profundas.<\/p>\n<p>Com o prazo de vota\u00e7\u00e3o prorrogado at\u00e9 30 de setembro, trabalhadores e trabalhadoras do Distrito Federal t\u00eam agora mais tempo para participar. O voto pode ser feito online ou em uma das urnas instaladas pelos sindicatos e movimentos sociais em v\u00e1rias regi\u00f5es do DF.<\/p>\n<p>As duas quest\u00f5es da consulta tratam de reivindica\u00e7\u00f5es concretas que impactam diretamente a vida dos trabalhadores e das trabalhadoras:<\/p>\n<p>\u2022 Voc\u00ea \u00e9 a favor da redu\u00e7\u00e3o da jornada de trabalho sem redu\u00e7\u00e3o de sal\u00e1rio, e pelo fim da escala 6\u00d71?<br \/>\n\u2022 Voc\u00ea \u00e9 a favor de que quem ganha mais de R$\u202f50 mil pague mais imposto de renda, para que quem recebe at\u00e9 R$\u202f5 mil n\u00e3o pague?<\/p>\n<p>O Sindicato dos Comerci\u00e1rios do DF (Sindicom-DF) refor\u00e7a a convoca\u00e7\u00e3o para que toda a categoria participe ativamente desse processo democr\u00e1tico.<\/p>\n<p>Para a secret\u00e1ria-geral do Sindicom-DF, Geralda Godinho, o plebiscito \u00e9 uma oportunidade \u00fanica de fortalecer a luta por igualdade no pa\u00eds.<\/p>\n<p>\u201cEste \u00e9 o momento de mostrarmos nossa for\u00e7a coletiva. Cada voto, seja no celular ou presencial, \u00e9 um gesto de resist\u00eancia e de compromisso com um Brasil mais justo e igualit\u00e1rio. Quem ainda n\u00e3o votou, deve votar e fazer uso desse importante instrumento da democracia.<\/p>\n","protected":false},"excerpt":{"rendered":"<p>Vote com o QR Code A 17\u00aa Plen\u00e1ria Distrital da CUT-DF, entre os dias 28 e 30 de agosto, serviu para dar novo f\u00f4lego ao Plebiscito Popular, um poderoso instrumento de press\u00e3o pol\u00edtica, sinalizando ao Congresso e ao Executivo que a sociedade exige mudan\u00e7as profundas. Com o prazo de vota\u00e7\u00e3o prorrogado at\u00e9 30 de setembro, [&hellip;]<\/p>\n","protected":false},"author":3,"featured_media":11899,"comment_status":"open","ping_status":"open","sticky":false,"template":"","format":"standard","meta":{"_bbp_topic_count":0,"_bbp_reply_count":0,"_bbp_total_topic_count":0,"_bbp_total_reply_count":0,"_bbp_voice_count":0,"_bbp_anonymous_reply_count":0,"_bbp_topic_count_hidden":0,"_bbp_reply_count_hidden":0,"_bbp_forum_subforum_count":0,"footnotes":""},"categories":[1],"tags":[],"class_list":{"0":"post-11891","1":"post","2":"type-post","3":"status-publish","4":"format-standard","5":"has-post-thumbnail","7":"category-outros"},"yoast_head":"<!-- This site is optimized with the Yoast SEO plugin v23.7 - https:\/\/yoast.com\/wordpress\/plugins\/seo\/ -->\n<title>Plebiscito Popular | Vote at\u00e9 30 de setembro - SINDICOM<\/title>\n<meta name=\"robots\" content=\"index, follow, max-snippet:-1, max-image-preview:large, max-video-preview:-1\" \/>\n<link rel=\"canonical\" href=\"https:\/\/sindicomdf.com.br\/portal\/plebiscito-popular-vote-ate-30-de-setembro\/\" \/>\n<meta property=\"og:locale\" content=\"pt_BR\" \/>\n<meta property=\"og:type\" content=\"article\" \/>\n<meta property=\"og:title\" content=\"Plebiscito Popular | Vote at\u00e9 30 de setembro - SINDICOM\" \/>\n<meta property=\"og:description\" content=\"Vote com o QR Code A 17\u00aa Plen\u00e1ria Distrital da CUT-DF, entre os dias 28 e 30 de agosto, serviu para dar novo f\u00f4lego ao Plebiscito Popular, um poderoso instrumento de press\u00e3o pol\u00edtica, sinalizando ao Congresso e ao Executivo que a sociedade exige mudan\u00e7as profundas. Com o prazo de vota\u00e7\u00e3o prorrogado at\u00e9 30 de setembro, [&hellip;]\" \/>\n<meta property=\"og:url\" content=\"https:\/\/sindicomdf.com.br\/portal\/plebiscito-popular-vote-ate-30-de-setembro\/\" \/>\n<meta property=\"og:site_name\" content=\"SINDICOM\" \/>\n<meta property=\"article:published_time\" content=\"2025-09-02T15:05:54+00:00\" \/>\n<meta property=\"article:modified_time\" content=\"2025-09-02T15:47:36+00:00\" \/>\n<meta property=\"og:image\" content=\"https:\/\/sindicomdf.com.br\/portal\/wp-content\/uploads\/2025\/09\/img54-1.jpg\" \/>\n\t<meta property=\"og:image:width\" content=\"1600\" \/>\n\t<meta property=\"og:image:height\" content=\"1200\" \/>\n\t<meta property=\"og:image:type\" content=\"image\/jpeg\" \/>\n<meta name=\"author\" content=\"Imprensa\" \/>\n<meta name=\"twitter:card\" content=\"summary_large_image\" \/>\n<meta name=\"twitter:label1\" content=\"Escrito por\" \/>\n\t<meta name=\"twitter:data1\" content=\"Imprensa\" \/>\n\t<meta name=\"twitter:label2\" content=\"Est. tempo de leitura\" \/>\n\t<meta name=\"twitter:data2\" content=\"2 minutos\" \/>\n<script type=\"application\/ld+json\" class=\"yoast-schema-graph\">{\"@context\":\"https:\/\/schema.org\",\"@graph\":[{\"@type\":\"WebPage\",\"@id\":\"https:\/\/sindicomdf.com.br\/portal\/plebiscito-popular-vote-ate-30-de-setembro\/\",\"url\":\"https:\/\/sindicomdf.com.br\/portal\/plebiscito-popular-vote-ate-30-de-setembro\/\",\"name\":\"Plebiscito Popular | Vote at\u00e9 30 de setembro - SINDICOM\",\"isPartOf\":{\"@id\":\"https:\/\/sindicomdf.com.br\/portal\/#website\"},\"primaryImageOfPage\":{\"@id\":\"https:\/\/sindicomdf.com.br\/portal\/plebiscito-popular-vote-ate-30-de-setembro\/#primaryimage\"},\"image\":{\"@id\":\"https:\/\/sindicomdf.com.br\/portal\/plebiscito-popular-vote-ate-30-de-setembro\/#primaryimage\"},\"thumbnailUrl\":\"https:\/\/sindicomdf.com.br\/portal\/wp-content\/uploads\/2025\/09\/img54-1.jpg\",\"datePublished\":\"2025-09-02T15:05:54+00:00\",\"dateModified\":\"2025-09-02T15:47:36+00:00\",\"author\":{\"@id\":\"https:\/\/sindicomdf.com.br\/portal\/#\/schema\/person\/09372242e78b757907e33fe5db53d205\"},\"breadcrumb\":{\"@id\":\"https:\/\/sindicomdf.com.br\/portal\/plebiscito-popular-vote-ate-30-de-setembro\/#breadcrumb\"},\"inLanguage\":\"pt-BR\",\"potentialAction\":[{\"@type\":\"ReadAction\",\"target\":[\"https:\/\/sindicomdf.com.br\/portal\/plebiscito-popular-vote-ate-30-de-setembro\/\"]}]},{\"@type\":\"ImageObject\",\"inLanguage\":\"pt-BR\",\"@id\":\"https:\/\/sindicomdf.com.br\/portal\/plebiscito-popular-vote-ate-30-de-setembro\/#primaryimage\",\"url\":\"https:\/\/sindicomdf.com.br\/portal\/wp-content\/uploads\/2025\/09\/img54-1.jpg\",\"contentUrl\":\"https:\/\/sindicomdf.com.br\/portal\/wp-content\/uploads\/2025\/09\/img54-1.jpg\",\"width\":1600,\"height\":1200},{\"@type\":\"BreadcrumbList\",\"@id\":\"https:\/\/sindicomdf.com.br\/portal\/plebiscito-popular-vote-ate-30-de-setembro\/#breadcrumb\",\"itemListElement\":[{\"@type\":\"ListItem\",\"position\":1,\"name\":\"In\u00edcio\",\"item\":\"https:\/\/sindicomdf.com.br\/portal\/\"},{\"@type\":\"ListItem\",\"position\":2,\"name\":\"Plebiscito Popular | Vote at\u00e9 30 de setembro\"}]},{\"@type\":\"WebSite\",\"@id\":\"https:\/\/sindicomdf.com.br\/portal\/#website\",\"url\":\"https:\/\/sindicomdf.com.br\/portal\/\",\"name\":\"SINDICOM\",\"description\":\"Sindicato dos Empregados no Com\u00e9rcio do DF\",\"potentialAction\":[{\"@type\":\"SearchAction\",\"target\":{\"@type\":\"EntryPoint\",\"urlTemplate\":\"https:\/\/sindicomdf.com.br\/portal\/?s={search_term_string}\"},\"query-input\":{\"@type\":\"PropertyValueSpecification\",\"valueRequired\":true,\"valueName\":\"search_term_string\"}}],\"inLanguage\":\"pt-BR\"},{\"@type\":\"Person\",\"@id\":\"https:\/\/sindicomdf.com.br\/portal\/#\/schema\/person\/09372242e78b757907e33fe5db53d205\",\"name\":\"Imprensa\",\"image\":{\"@type\":\"ImageObject\",\"inLanguage\":\"pt-BR\",\"@id\":\"https:\/\/sindicomdf.com.br\/portal\/#\/schema\/person\/image\/\",\"url\":\"https:\/\/secure.gravatar.com\/avatar\/060ac8086a7131ef4b79f847ca8f7acd57811aa2a477aca1d2a09b88754dd9de?s=96&d=mm&r=g\",\"contentUrl\":\"https:\/\/secure.gravatar.com\/avatar\/060ac8086a7131ef4b79f847ca8f7acd57811aa2a477aca1d2a09b88754dd9de?s=96&d=mm&r=g\",\"caption\":\"Imprensa\"},\"url\":\"https:\/\/sindicomdf.com.br\/portal\/author\/imprensa\/\"}]}<\/script>\n<!-- \/ Yoast SEO plugin. -->","yoast_head_json":{"title":"Plebiscito Popular | Vote at\u00e9 30 de setembro - SINDICOM","robots":{"index":"index","follow":"follow","max-snippet":"max-snippet:-1","max-image-preview":"max-image-preview:large","max-video-preview":"max-video-preview:-1"},"canonical":"https:\/\/sindicomdf.com.br\/portal\/plebiscito-popular-vote-ate-30-de-setembro\/","og_locale":"pt_BR","og_type":"article","og_title":"Plebiscito Popular | Vote at\u00e9 30 de setembro - SINDICOM","og_description":"Vote com o QR Code A 17\u00aa Plen\u00e1ria Distrital da CUT-DF, entre os dias 28 e 30 de agosto, serviu para dar novo f\u00f4lego ao Plebiscito Popular, um poderoso instrumento de press\u00e3o pol\u00edtica, sinalizando ao Congresso e ao Executivo que a sociedade exige mudan\u00e7as profundas. Com o prazo de vota\u00e7\u00e3o prorrogado at\u00e9 30 de setembro, [&hellip;]","og_url":"https:\/\/sindicomdf.com.br\/portal\/plebiscito-popular-vote-ate-30-de-setembro\/","og_site_name":"SINDICOM","article_published_time":"2025-09-02T15:05:54+00:00","article_modified_time":"2025-09-02T15:47:36+00:00","og_image":[{"width":1600,"height":1200,"url":"https:\/\/sindicomdf.com.br\/portal\/wp-content\/uploads\/2025\/09\/img54-1.jpg","type":"image\/jpeg"}],"author":"Imprensa","twitter_card":"summary_large_image","twitter_misc":{"Escrito por":"Imprensa","Est. tempo de leitura":"2 minutos"},"schema":{"@context":"https:\/\/schema.org","@graph":[{"@type":"WebPage","@id":"https:\/\/sindicomdf.com.br\/portal\/plebiscito-popular-vote-ate-30-de-setembro\/","url":"https:\/\/sindicomdf.com.br\/portal\/plebiscito-popular-vote-ate-30-de-setembro\/","name":"Plebiscito Popular | Vote at\u00e9 30 de setembro - SINDICOM","isPartOf":{"@id":"https:\/\/sindicomdf.com.br\/portal\/#website"},"primaryImageOfPage":{"@id":"https:\/\/sindicomdf.com.br\/portal\/plebiscito-popular-vote-ate-30-de-setembro\/#primaryimage"},"image":{"@id":"https:\/\/sindicomdf.com.br\/portal\/plebiscito-popular-vote-ate-30-de-setembro\/#primaryimage"},"thumbnailUrl":"https:\/\/sindicomdf.com.br\/portal\/wp-content\/uploads\/2025\/09\/img54-1.jpg","datePublished":"2025-09-02T15:05:54+00:00","dateModified":"2025-09-02T15:47:36+00:00","author":{"@id":"https:\/\/sindicomdf.com.br\/portal\/#\/schema\/person\/09372242e78b757907e33fe5db53d205"},"breadcrumb":{"@id":"https:\/\/sindicomdf.com.br\/portal\/plebiscito-popular-vote-ate-30-de-setembro\/#breadcrumb"},"inLanguage":"pt-BR","potentialAction":[{"@type":"ReadAction","target":["https:\/\/sindicomdf.com.br\/portal\/plebiscito-popular-vote-ate-30-de-setembro\/"]}]},{"@type":"ImageObject","inLanguage":"pt-BR","@id":"https:\/\/sindicomdf.com.br\/portal\/plebiscito-popular-vote-ate-30-de-setembro\/#primaryimage","url":"https:\/\/sindicomdf.com.br\/portal\/wp-content\/uploads\/2025\/09\/img54-1.jpg","contentUrl":"https:\/\/sindicomdf.com.br\/portal\/wp-content\/uploads\/2025\/09\/img54-1.jpg","width":1600,"height":1200},{"@type":"BreadcrumbList","@id":"https:\/\/sindicomdf.com.br\/portal\/plebiscito-popular-vote-ate-30-de-setembro\/#breadcrumb","itemListElement":[{"@type":"ListItem","position":1,"name":"In\u00edcio","item":"https:\/\/sindicomdf.com.br\/portal\/"},{"@type":"ListItem","position":2,"name":"Plebiscito Popular | Vote at\u00e9 30 de setembro"}]},{"@type":"WebSite","@id":"https:\/\/sindicomdf.com.br\/portal\/#website","url":"https:\/\/sindicomdf.com.br\/portal\/","name":"SINDICOM","description":"Sindicato dos Empregados no Com\u00e9rcio do DF","potentialAction":[{"@type":"SearchAction","target":{"@type":"EntryPoint","urlTemplate":"https:\/\/sindicomdf.com.br\/portal\/?s={search_term_string}"},"query-input":{"@type":"PropertyValueSpecification","valueRequired":true,"valueName":"search_term_string"}}],"inLanguage":"pt-BR"},{"@type":"Person","@id":"https:\/\/sindicomdf.com.br\/portal\/#\/schema\/person\/09372242e78b757907e33fe5db53d205","name":"Imprensa","image":{"@type":"ImageObject","inLanguage":"pt-BR","@id":"https:\/\/sindicomdf.com.br\/portal\/#\/schema\/person\/image\/","url":"https:\/\/secure.gravatar.com\/avatar\/060ac8086a7131ef4b79f847ca8f7acd57811aa2a477aca1d2a09b88754dd9de?s=96&d=mm&r=g","contentUrl":"https:\/\/secure.gravatar.com\/avatar\/060ac8086a7131ef4b79f847ca8f7acd57811aa2a477aca1d2a09b88754dd9de?s=96&d=mm&r=g","caption":"Imprensa"},"url":"https:\/\/sindicomdf.com.br\/portal\/author\/imprensa\/"}]}},"_links":{"self":[{"href":"https:\/\/sindicomdf.com.br\/portal\/wp-json\/wp\/v2\/posts\/11891","targetHints":{"allow":["GET"]}}],"collection":[{"href":"https:\/\/sindicomdf.com.br\/portal\/wp-json\/wp\/v2\/posts"}],"about":[{"href":"https:\/\/sindicomdf.com.br\/portal\/wp-json\/wp\/v2\/types\/post"}],"author":[{"embeddable":true,"href":"https:\/\/sindicomdf.com.br\/portal\/wp-json\/wp\/v2\/users\/3"}],"replies":[{"embeddable":true,"href":"https:\/\/sindicomdf.com.br\/portal\/wp-json\/wp\/v2\/comments?post=11891"}],"version-history":[{"count":3,"href":"https:\/\/sindicomdf.com.br\/portal\/wp-json\/wp\/v2\/posts\/11891\/revisions"}],"predecessor-version":[{"id":11897,"href":"https:\/\/sindicomdf.com.br\/portal\/wp-json\/wp\/v2\/posts\/11891\/revisions\/11897"}],"wp:featuredmedia":[{"embeddable":true,"href":"https:\/\/sindicomdf.com.br\/portal\/wp-json\/wp\/v2\/media\/11899"}],"wp:attachment":[{"href":"https:\/\/sindicomdf.com.br\/portal\/wp-json\/wp\/v2\/media?parent=11891"}],"wp:term":[{"taxonomy":"category","embeddable":true,"href":"https:\/\/sindicomdf.com.br\/portal\/wp-json\/wp\/v2\/categories?post=11891"},{"taxonomy":"post_tag","embeddable":true,"href":"https:\/\/sindicomdf.com.br\/portal\/wp-json\/wp\/v2\/tags?post=11891"}],"curies":[{"name":"wp","href":"https:\/\/api.w.org\/{rel}","templated":true}]}}