{"id":11856,"date":"2025-09-02T14:45:36","date_gmt":"2025-09-02T14:45:36","guid":{"rendered":"https:\/\/sindicomdf.com.br\/portal\/?p=11856"},"modified":"2025-09-02T16:50:31","modified_gmt":"2025-09-02T16:50:31","slug":"comerciarios-do-df-participam-da-17a-plenaria-distrital-da-cut-df","status":"publish","type":"post","link":"https:\/\/sindicomdf.com.br\/portal\/comerciarios-do-df-participam-da-17a-plenaria-distrital-da-cut-df\/","title":{"rendered":"Comerci\u00e1rios do DF participam da 17\u00aa Plen\u00e1ria Distrital da CUT-DF"},"content":{"rendered":"<p>O Sindicato dos Comerci\u00e1rios do Distrito Federal (Sindicom-DF) participou ativamente da 17\u00aa Plen\u00e1ria Distrital da CUT-DF, realizada no Teatro dos Banc\u00e1rios de Bras\u00edlia entre os dias 28 e 30 de agosto. O encontro, que marcou tamb\u00e9m a celebra\u00e7\u00e3o dos 42 anos da Central \u00danica dos Trabalhadores (CUT), reuniu lideran\u00e7as sindicais, movimentos sociais, parlamentares e militantes para debater os desafios locais e nacionais do mundo do trabalho sob o lema \u201cNovos Tempos, Novas Lutas\u201d.<\/p>\n<p>O ato pol\u00edtico destacou a import\u00e2ncia da unidade sindical diante do atual cen\u00e1rio de ataques aos direitos trabalhistas e de aprofundamento das desigualdades sociais. Para o presidente da CUT-DF, Rodrigo Rodrigues, os debates realizados na plen\u00e1ria evidenciam a necessidade de fortalecer a luta sindical e enfrentar a agenda conservadora que tenta se impor no pa\u00eds.<\/p>\n<p>\u201cOs debates e dados apresentados expuseram a urg\u00eancia de unir as esquerdas, fortalecer as categorias e derrotar a extrema direita. Precisamos eleger quem de fato representa a classe trabalhadora, combater o projeto desastroso do Governo do Distrito Federal e garantir voz ao movimento sindical na C\u00e2mara Legislativa. \u00c9 essencial desenvolver pol\u00edticas p\u00fablicas que combatam as desigualdades estruturais e garantam que o mercado de trabalho no DF seja acess\u00edvel a todos, independentemente de sua origem, ra\u00e7a ou classe social.\u201d<\/p>\n<p>A secret\u00e1ria-geral do Sindicom-DF, Geralda Godinho, ressaltou a relev\u00e2ncia da plen\u00e1ria para ampliar a participa\u00e7\u00e3o da categoria comerci\u00e1ria nos rumos da CUT e da luta sindical.<\/p>\n<p>\u201cEste espa\u00e7o \u00e9 fundamental para que possamos atualizar o plano de lutas da nossa Central e reafirmar a import\u00e2ncia da classe trabalhadora na constru\u00e7\u00e3o de um pa\u00eds mais justo. N\u00f3s, comerci\u00e1rias e comerci\u00e1rios do DF, estamos comprometidos em fortalecer a CUT e em garantir que as nossas vozes sejam ouvidas na defesa da democracia, dos direitos sociais e do trabalho digno.\u201d<\/p>\n<p>A atividade tamb\u00e9m aprovou emendas que ser\u00e3o encaminhadas \u00e0 Plen\u00e1ria Nacional da CUT e elegeu os delegados que representar\u00e3o o Distrito Federal no encontro nacional.<\/p>\n<p>&nbsp;<\/p>\n<div id='gallery-1' class='gallery galleryid-11856 gallery-columns-5 gallery-size-medium'><dl class='gallery-item'>\n\t\t\t<dt class='gallery-icon landscape'>\n\t\t\t\t<a href='https:\/\/sindicomdf.com.br\/portal\/wp-content\/uploads\/2025\/09\/WhatsApp-Image-2025-08-31-at-09.09.51.jpeg'><img loading=\"lazy\" decoding=\"async\" width=\"300\" height=\"225\" src=\"https:\/\/sindicomdf.com.br\/portal\/wp-content\/uploads\/2025\/09\/WhatsApp-Image-2025-08-31-at-09.09.51-300x225.jpeg\" class=\"attachment-medium size-medium\" alt=\"\" srcset=\"https:\/\/sindicomdf.com.br\/portal\/wp-content\/uploads\/2025\/09\/WhatsApp-Image-2025-08-31-at-09.09.51-300x225.jpeg 300w, https:\/\/sindicomdf.com.br\/portal\/wp-content\/uploads\/2025\/09\/WhatsApp-Image-2025-08-31-at-09.09.51-1024x768.jpeg 1024w, https:\/\/sindicomdf.com.br\/portal\/wp-content\/uploads\/2025\/09\/WhatsApp-Image-2025-08-31-at-09.09.51-768x576.jpeg 768w, https:\/\/sindicomdf.com.br\/portal\/wp-content\/uploads\/2025\/09\/WhatsApp-Image-2025-08-31-at-09.09.51-45x35.jpeg 45w, https:\/\/sindicomdf.com.br\/portal\/wp-content\/uploads\/2025\/09\/WhatsApp-Image-2025-08-31-at-09.09.51.jpeg 1280w\" sizes=\"auto, (max-width: 300px) 100vw, 300px\" \/><\/a>\n\t\t\t<\/dt><\/dl><dl class='gallery-item'>\n\t\t\t<dt class='gallery-icon landscape'>\n\t\t\t\t<a href='https:\/\/sindicomdf.com.br\/portal\/wp-content\/uploads\/2025\/09\/WhatsApp-Image-2025-08-30-at-10.41.07.jpeg'><img loading=\"lazy\" decoding=\"async\" width=\"300\" height=\"225\" src=\"https:\/\/sindicomdf.com.br\/portal\/wp-content\/uploads\/2025\/09\/WhatsApp-Image-2025-08-30-at-10.41.07-300x225.jpeg\" class=\"attachment-medium size-medium\" alt=\"\" srcset=\"https:\/\/sindicomdf.com.br\/portal\/wp-content\/uploads\/2025\/09\/WhatsApp-Image-2025-08-30-at-10.41.07-300x225.jpeg 300w, https:\/\/sindicomdf.com.br\/portal\/wp-content\/uploads\/2025\/09\/WhatsApp-Image-2025-08-30-at-10.41.07-1024x768.jpeg 1024w, https:\/\/sindicomdf.com.br\/portal\/wp-content\/uploads\/2025\/09\/WhatsApp-Image-2025-08-30-at-10.41.07-768x576.jpeg 768w, https:\/\/sindicomdf.com.br\/portal\/wp-content\/uploads\/2025\/09\/WhatsApp-Image-2025-08-30-at-10.41.07-1536x1152.jpeg 1536w, https:\/\/sindicomdf.com.br\/portal\/wp-content\/uploads\/2025\/09\/WhatsApp-Image-2025-08-30-at-10.41.07-45x35.jpeg 45w, https:\/\/sindicomdf.com.br\/portal\/wp-content\/uploads\/2025\/09\/WhatsApp-Image-2025-08-30-at-10.41.07.jpeg 1600w\" sizes=\"auto, (max-width: 300px) 100vw, 300px\" \/><\/a>\n\t\t\t<\/dt><\/dl><dl class='gallery-item'>\n\t\t\t<dt class='gallery-icon landscape'>\n\t\t\t\t<a href='https:\/\/sindicomdf.com.br\/portal\/wp-content\/uploads\/2025\/09\/WhatsApp-Image-2025-08-29-at-10.32.43.jpeg'><img loading=\"lazy\" decoding=\"async\" width=\"300\" height=\"226\" src=\"https:\/\/sindicomdf.com.br\/portal\/wp-content\/uploads\/2025\/09\/WhatsApp-Image-2025-08-29-at-10.32.43-300x226.jpeg\" class=\"attachment-medium size-medium\" alt=\"\" srcset=\"https:\/\/sindicomdf.com.br\/portal\/wp-content\/uploads\/2025\/09\/WhatsApp-Image-2025-08-29-at-10.32.43-300x226.jpeg 300w, https:\/\/sindicomdf.com.br\/portal\/wp-content\/uploads\/2025\/09\/WhatsApp-Image-2025-08-29-at-10.32.43-1024x771.jpeg 1024w, https:\/\/sindicomdf.com.br\/portal\/wp-content\/uploads\/2025\/09\/WhatsApp-Image-2025-08-29-at-10.32.43-768x578.jpeg 768w, https:\/\/sindicomdf.com.br\/portal\/wp-content\/uploads\/2025\/09\/WhatsApp-Image-2025-08-29-at-10.32.43-1536x1156.jpeg 1536w, https:\/\/sindicomdf.com.br\/portal\/wp-content\/uploads\/2025\/09\/WhatsApp-Image-2025-08-29-at-10.32.43-45x35.jpeg 45w, https:\/\/sindicomdf.com.br\/portal\/wp-content\/uploads\/2025\/09\/WhatsApp-Image-2025-08-29-at-10.32.43.jpeg 1600w\" sizes=\"auto, (max-width: 300px) 100vw, 300px\" \/><\/a>\n\t\t\t<\/dt><\/dl><dl class='gallery-item'>\n\t\t\t<dt class='gallery-icon landscape'>\n\t\t\t\t<a href='https:\/\/sindicomdf.com.br\/portal\/wp-content\/uploads\/2025\/09\/WhatsApp-Image-2025-08-29-at-15.11.42.jpeg'><img loading=\"lazy\" decoding=\"async\" width=\"300\" height=\"225\" src=\"https:\/\/sindicomdf.com.br\/portal\/wp-content\/uploads\/2025\/09\/WhatsApp-Image-2025-08-29-at-15.11.42-300x225.jpeg\" class=\"attachment-medium size-medium\" alt=\"\" srcset=\"https:\/\/sindicomdf.com.br\/portal\/wp-content\/uploads\/2025\/09\/WhatsApp-Image-2025-08-29-at-15.11.42-300x225.jpeg 300w, https:\/\/sindicomdf.com.br\/portal\/wp-content\/uploads\/2025\/09\/WhatsApp-Image-2025-08-29-at-15.11.42-1024x768.jpeg 1024w, https:\/\/sindicomdf.com.br\/portal\/wp-content\/uploads\/2025\/09\/WhatsApp-Image-2025-08-29-at-15.11.42-768x576.jpeg 768w, https:\/\/sindicomdf.com.br\/portal\/wp-content\/uploads\/2025\/09\/WhatsApp-Image-2025-08-29-at-15.11.42-1536x1152.jpeg 1536w, https:\/\/sindicomdf.com.br\/portal\/wp-content\/uploads\/2025\/09\/WhatsApp-Image-2025-08-29-at-15.11.42-45x35.jpeg 45w, https:\/\/sindicomdf.com.br\/portal\/wp-content\/uploads\/2025\/09\/WhatsApp-Image-2025-08-29-at-15.11.42.jpeg 1600w\" sizes=\"auto, (max-width: 300px) 100vw, 300px\" \/><\/a>\n\t\t\t<\/dt><\/dl><dl class='gallery-item'>\n\t\t\t<dt class='gallery-icon portrait'>\n\t\t\t\t<a href='https:\/\/sindicomdf.com.br\/portal\/wp-content\/uploads\/2025\/09\/WhatsApp-Image-2025-08-29-at-10.44.17.jpeg'><img loading=\"lazy\" decoding=\"async\" width=\"225\" height=\"300\" src=\"https:\/\/sindicomdf.com.br\/portal\/wp-content\/uploads\/2025\/09\/WhatsApp-Image-2025-08-29-at-10.44.17-225x300.jpeg\" class=\"attachment-medium size-medium\" alt=\"\" srcset=\"https:\/\/sindicomdf.com.br\/portal\/wp-content\/uploads\/2025\/09\/WhatsApp-Image-2025-08-29-at-10.44.17-225x300.jpeg 225w, https:\/\/sindicomdf.com.br\/portal\/wp-content\/uploads\/2025\/09\/WhatsApp-Image-2025-08-29-at-10.44.17-768x1024.jpeg 768w, https:\/\/sindicomdf.com.br\/portal\/wp-content\/uploads\/2025\/09\/WhatsApp-Image-2025-08-29-at-10.44.17-1152x1536.jpeg 1152w, https:\/\/sindicomdf.com.br\/portal\/wp-content\/uploads\/2025\/09\/WhatsApp-Image-2025-08-29-at-10.44.17.jpeg 1200w\" sizes=\"auto, (max-width: 225px) 100vw, 225px\" \/><\/a>\n\t\t\t<\/dt><\/dl><br style=\"clear: both\" \/><dl class='gallery-item'>\n\t\t\t<dt class='gallery-icon portrait'>\n\t\t\t\t<a href='https:\/\/sindicomdf.com.br\/portal\/wp-content\/uploads\/2025\/09\/WhatsApp-Image-2025-08-28-at-17.15.15-1.jpeg'><img loading=\"lazy\" decoding=\"async\" width=\"225\" height=\"300\" src=\"https:\/\/sindicomdf.com.br\/portal\/wp-content\/uploads\/2025\/09\/WhatsApp-Image-2025-08-28-at-17.15.15-1-225x300.jpeg\" class=\"attachment-medium size-medium\" alt=\"\" srcset=\"https:\/\/sindicomdf.com.br\/portal\/wp-content\/uploads\/2025\/09\/WhatsApp-Image-2025-08-28-at-17.15.15-1-225x300.jpeg 225w, https:\/\/sindicomdf.com.br\/portal\/wp-content\/uploads\/2025\/09\/WhatsApp-Image-2025-08-28-at-17.15.15-1-768x1024.jpeg 768w, https:\/\/sindicomdf.com.br\/portal\/wp-content\/uploads\/2025\/09\/WhatsApp-Image-2025-08-28-at-17.15.15-1-1152x1536.jpeg 1152w, https:\/\/sindicomdf.com.br\/portal\/wp-content\/uploads\/2025\/09\/WhatsApp-Image-2025-08-28-at-17.15.15-1.jpeg 1200w\" sizes=\"auto, (max-width: 225px) 100vw, 225px\" \/><\/a>\n\t\t\t<\/dt><\/dl><dl class='gallery-item'>\n\t\t\t<dt class='gallery-icon portrait'>\n\t\t\t\t<a href='https:\/\/sindicomdf.com.br\/portal\/wp-content\/uploads\/2025\/09\/WhatsApp-Image-2025-08-30-at-13.35.32.jpeg'><img loading=\"lazy\" decoding=\"async\" width=\"225\" height=\"300\" src=\"https:\/\/sindicomdf.com.br\/portal\/wp-content\/uploads\/2025\/09\/WhatsApp-Image-2025-08-30-at-13.35.32-225x300.jpeg\" class=\"attachment-medium size-medium\" alt=\"\" srcset=\"https:\/\/sindicomdf.com.br\/portal\/wp-content\/uploads\/2025\/09\/WhatsApp-Image-2025-08-30-at-13.35.32-225x300.jpeg 225w, https:\/\/sindicomdf.com.br\/portal\/wp-content\/uploads\/2025\/09\/WhatsApp-Image-2025-08-30-at-13.35.32-768x1024.jpeg 768w, https:\/\/sindicomdf.com.br\/portal\/wp-content\/uploads\/2025\/09\/WhatsApp-Image-2025-08-30-at-13.35.32-1152x1536.jpeg 1152w, https:\/\/sindicomdf.com.br\/portal\/wp-content\/uploads\/2025\/09\/WhatsApp-Image-2025-08-30-at-13.35.32.jpeg 1200w\" sizes=\"auto, (max-width: 225px) 100vw, 225px\" \/><\/a>\n\t\t\t<\/dt><\/dl><dl class='gallery-item'>\n\t\t\t<dt class='gallery-icon portrait'>\n\t\t\t\t<a href='https:\/\/sindicomdf.com.br\/portal\/wp-content\/uploads\/2025\/09\/img3.jpg'><img loading=\"lazy\" decoding=\"async\" width=\"225\" height=\"300\" src=\"https:\/\/sindicomdf.com.br\/portal\/wp-content\/uploads\/2025\/09\/img3-225x300.jpg\" class=\"attachment-medium size-medium\" alt=\"\" srcset=\"https:\/\/sindicomdf.com.br\/portal\/wp-content\/uploads\/2025\/09\/img3-225x300.jpg 225w, https:\/\/sindicomdf.com.br\/portal\/wp-content\/uploads\/2025\/09\/img3-768x1024.jpg 768w, https:\/\/sindicomdf.com.br\/portal\/wp-content\/uploads\/2025\/09\/img3-1152x1536.jpg 1152w, https:\/\/sindicomdf.com.br\/portal\/wp-content\/uploads\/2025\/09\/img3.jpg 1200w\" sizes=\"auto, (max-width: 225px) 100vw, 225px\" \/><\/a>\n\t\t\t<\/dt><\/dl><dl class='gallery-item'>\n\t\t\t<dt class='gallery-icon portrait'>\n\t\t\t\t<a href='https:\/\/sindicomdf.com.br\/portal\/wp-content\/uploads\/2025\/09\/WhatsApp-Image-2025-08-28-at-18.08.58.jpeg'><img loading=\"lazy\" decoding=\"async\" width=\"225\" height=\"300\" src=\"https:\/\/sindicomdf.com.br\/portal\/wp-content\/uploads\/2025\/09\/WhatsApp-Image-2025-08-28-at-18.08.58-225x300.jpeg\" class=\"attachment-medium size-medium\" alt=\"\" srcset=\"https:\/\/sindicomdf.com.br\/portal\/wp-content\/uploads\/2025\/09\/WhatsApp-Image-2025-08-28-at-18.08.58-225x300.jpeg 225w, https:\/\/sindicomdf.com.br\/portal\/wp-content\/uploads\/2025\/09\/WhatsApp-Image-2025-08-28-at-18.08.58-768x1024.jpeg 768w, https:\/\/sindicomdf.com.br\/portal\/wp-content\/uploads\/2025\/09\/WhatsApp-Image-2025-08-28-at-18.08.58-1152x1536.jpeg 1152w, https:\/\/sindicomdf.com.br\/portal\/wp-content\/uploads\/2025\/09\/WhatsApp-Image-2025-08-28-at-18.08.58.jpeg 1200w\" sizes=\"auto, (max-width: 225px) 100vw, 225px\" \/><\/a>\n\t\t\t<\/dt><\/dl><dl class='gallery-item'>\n\t\t\t<dt class='gallery-icon landscape'>\n\t\t\t\t<a href='https:\/\/sindicomdf.com.br\/portal\/wp-content\/uploads\/2025\/09\/WhatsApp-Image-2025-08-28-at-19.18.45.jpeg'><img loading=\"lazy\" decoding=\"async\" width=\"300\" height=\"225\" src=\"https:\/\/sindicomdf.com.br\/portal\/wp-content\/uploads\/2025\/09\/WhatsApp-Image-2025-08-28-at-19.18.45-300x225.jpeg\" class=\"attachment-medium size-medium\" alt=\"\" srcset=\"https:\/\/sindicomdf.com.br\/portal\/wp-content\/uploads\/2025\/09\/WhatsApp-Image-2025-08-28-at-19.18.45-300x225.jpeg 300w, https:\/\/sindicomdf.com.br\/portal\/wp-content\/uploads\/2025\/09\/WhatsApp-Image-2025-08-28-at-19.18.45-1024x768.jpeg 1024w, https:\/\/sindicomdf.com.br\/portal\/wp-content\/uploads\/2025\/09\/WhatsApp-Image-2025-08-28-at-19.18.45-768x576.jpeg 768w, https:\/\/sindicomdf.com.br\/portal\/wp-content\/uploads\/2025\/09\/WhatsApp-Image-2025-08-28-at-19.18.45-45x35.jpeg 45w, https:\/\/sindicomdf.com.br\/portal\/wp-content\/uploads\/2025\/09\/WhatsApp-Image-2025-08-28-at-19.18.45.jpeg 1280w\" sizes=\"auto, (max-width: 300px) 100vw, 300px\" \/><\/a>\n\t\t\t<\/dt><\/dl><br style=\"clear: both\" \/><dl class='gallery-item'>\n\t\t\t<dt class='gallery-icon landscape'>\n\t\t\t\t<a href='https:\/\/sindicomdf.com.br\/portal\/wp-content\/uploads\/2025\/09\/WhatsApp-Image-2025-08-30-at-13.35.31.jpeg'><img loading=\"lazy\" decoding=\"async\" width=\"300\" height=\"225\" src=\"https:\/\/sindicomdf.com.br\/portal\/wp-content\/uploads\/2025\/09\/WhatsApp-Image-2025-08-30-at-13.35.31-300x225.jpeg\" class=\"attachment-medium size-medium\" alt=\"\" srcset=\"https:\/\/sindicomdf.com.br\/portal\/wp-content\/uploads\/2025\/09\/WhatsApp-Image-2025-08-30-at-13.35.31-300x225.jpeg 300w, https:\/\/sindicomdf.com.br\/portal\/wp-content\/uploads\/2025\/09\/WhatsApp-Image-2025-08-30-at-13.35.31-1024x768.jpeg 1024w, https:\/\/sindicomdf.com.br\/portal\/wp-content\/uploads\/2025\/09\/WhatsApp-Image-2025-08-30-at-13.35.31-768x576.jpeg 768w, https:\/\/sindicomdf.com.br\/portal\/wp-content\/uploads\/2025\/09\/WhatsApp-Image-2025-08-30-at-13.35.31-1536x1152.jpeg 1536w, https:\/\/sindicomdf.com.br\/portal\/wp-content\/uploads\/2025\/09\/WhatsApp-Image-2025-08-30-at-13.35.31-45x35.jpeg 45w, https:\/\/sindicomdf.com.br\/portal\/wp-content\/uploads\/2025\/09\/WhatsApp-Image-2025-08-30-at-13.35.31.jpeg 1600w\" sizes=\"auto, (max-width: 300px) 100vw, 300px\" \/><\/a>\n\t\t\t<\/dt><\/dl><dl class='gallery-item'>\n\t\t\t<dt class='gallery-icon landscape'>\n\t\t\t\t<a href='https:\/\/sindicomdf.com.br\/portal\/wp-content\/uploads\/2025\/09\/WhatsApp-Image-2025-08-29-at-10.41.35.jpeg'><img loading=\"lazy\" decoding=\"async\" width=\"300\" height=\"225\" src=\"https:\/\/sindicomdf.com.br\/portal\/wp-content\/uploads\/2025\/09\/WhatsApp-Image-2025-08-29-at-10.41.35-300x225.jpeg\" class=\"attachment-medium size-medium\" alt=\"\" srcset=\"https:\/\/sindicomdf.com.br\/portal\/wp-content\/uploads\/2025\/09\/WhatsApp-Image-2025-08-29-at-10.41.35-300x225.jpeg 300w, https:\/\/sindicomdf.com.br\/portal\/wp-content\/uploads\/2025\/09\/WhatsApp-Image-2025-08-29-at-10.41.35-1024x768.jpeg 1024w, https:\/\/sindicomdf.com.br\/portal\/wp-content\/uploads\/2025\/09\/WhatsApp-Image-2025-08-29-at-10.41.35-768x576.jpeg 768w, https:\/\/sindicomdf.com.br\/portal\/wp-content\/uploads\/2025\/09\/WhatsApp-Image-2025-08-29-at-10.41.35-45x35.jpeg 45w, https:\/\/sindicomdf.com.br\/portal\/wp-content\/uploads\/2025\/09\/WhatsApp-Image-2025-08-29-at-10.41.35.jpeg 1280w\" sizes=\"auto, (max-width: 300px) 100vw, 300px\" \/><\/a>\n\t\t\t<\/dt><\/dl><dl class='gallery-item'>\n\t\t\t<dt class='gallery-icon landscape'>\n\t\t\t\t<a href='https:\/\/sindicomdf.com.br\/portal\/wp-content\/uploads\/2025\/09\/WhatsApp-Image-2025-08-30-at-13.35.35.jpeg'><img loading=\"lazy\" decoding=\"async\" width=\"300\" height=\"225\" src=\"https:\/\/sindicomdf.com.br\/portal\/wp-content\/uploads\/2025\/09\/WhatsApp-Image-2025-08-30-at-13.35.35-300x225.jpeg\" class=\"attachment-medium size-medium\" alt=\"\" srcset=\"https:\/\/sindicomdf.com.br\/portal\/wp-content\/uploads\/2025\/09\/WhatsApp-Image-2025-08-30-at-13.35.35-300x225.jpeg 300w, https:\/\/sindicomdf.com.br\/portal\/wp-content\/uploads\/2025\/09\/WhatsApp-Image-2025-08-30-at-13.35.35-1024x768.jpeg 1024w, https:\/\/sindicomdf.com.br\/portal\/wp-content\/uploads\/2025\/09\/WhatsApp-Image-2025-08-30-at-13.35.35-768x576.jpeg 768w, https:\/\/sindicomdf.com.br\/portal\/wp-content\/uploads\/2025\/09\/WhatsApp-Image-2025-08-30-at-13.35.35-1536x1152.jpeg 1536w, https:\/\/sindicomdf.com.br\/portal\/wp-content\/uploads\/2025\/09\/WhatsApp-Image-2025-08-30-at-13.35.35-45x35.jpeg 45w, https:\/\/sindicomdf.com.br\/portal\/wp-content\/uploads\/2025\/09\/WhatsApp-Image-2025-08-30-at-13.35.35.jpeg 1600w\" sizes=\"auto, (max-width: 300px) 100vw, 300px\" \/><\/a>\n\t\t\t<\/dt><\/dl><dl class='gallery-item'>\n\t\t\t<dt class='gallery-icon portrait'>\n\t\t\t\t<a href='https:\/\/sindicomdf.com.br\/portal\/wp-content\/uploads\/2025\/09\/WhatsApp-Image-2025-08-28-at-17.15.15.jpeg'><img loading=\"lazy\" decoding=\"async\" width=\"225\" height=\"300\" src=\"https:\/\/sindicomdf.com.br\/portal\/wp-content\/uploads\/2025\/09\/WhatsApp-Image-2025-08-28-at-17.15.15-225x300.jpeg\" class=\"attachment-medium size-medium\" alt=\"\" srcset=\"https:\/\/sindicomdf.com.br\/portal\/wp-content\/uploads\/2025\/09\/WhatsApp-Image-2025-08-28-at-17.15.15-225x300.jpeg 225w, https:\/\/sindicomdf.com.br\/portal\/wp-content\/uploads\/2025\/09\/WhatsApp-Image-2025-08-28-at-17.15.15-768x1024.jpeg 768w, https:\/\/sindicomdf.com.br\/portal\/wp-content\/uploads\/2025\/09\/WhatsApp-Image-2025-08-28-at-17.15.15-1152x1536.jpeg 1152w, https:\/\/sindicomdf.com.br\/portal\/wp-content\/uploads\/2025\/09\/WhatsApp-Image-2025-08-28-at-17.15.15.jpeg 1200w\" sizes=\"auto, (max-width: 225px) 100vw, 225px\" \/><\/a>\n\t\t\t<\/dt><\/dl><dl class='gallery-item'>\n\t\t\t<dt class='gallery-icon portrait'>\n\t\t\t\t<a href='https:\/\/sindicomdf.com.br\/portal\/wp-content\/uploads\/2025\/09\/WhatsApp-Image-2025-08-29-at-11.19.12.jpeg'><img loading=\"lazy\" decoding=\"async\" width=\"226\" height=\"300\" src=\"https:\/\/sindicomdf.com.br\/portal\/wp-content\/uploads\/2025\/09\/WhatsApp-Image-2025-08-29-at-11.19.12-226x300.jpeg\" class=\"attachment-medium size-medium\" alt=\"\" srcset=\"https:\/\/sindicomdf.com.br\/portal\/wp-content\/uploads\/2025\/09\/WhatsApp-Image-2025-08-29-at-11.19.12-226x300.jpeg 226w, https:\/\/sindicomdf.com.br\/portal\/wp-content\/uploads\/2025\/09\/WhatsApp-Image-2025-08-29-at-11.19.12-771x1024.jpeg 771w, https:\/\/sindicomdf.com.br\/portal\/wp-content\/uploads\/2025\/09\/WhatsApp-Image-2025-08-29-at-11.19.12-768x1021.jpeg 768w, https:\/\/sindicomdf.com.br\/portal\/wp-content\/uploads\/2025\/09\/WhatsApp-Image-2025-08-29-at-11.19.12-1156x1536.jpeg 1156w, https:\/\/sindicomdf.com.br\/portal\/wp-content\/uploads\/2025\/09\/WhatsApp-Image-2025-08-29-at-11.19.12.jpeg 1204w\" sizes=\"auto, (max-width: 226px) 100vw, 226px\" \/><\/a>\n\t\t\t<\/dt><\/dl><br style=\"clear: both\" \/><dl class='gallery-item'>\n\t\t\t<dt class='gallery-icon landscape'>\n\t\t\t\t<a href='https:\/\/sindicomdf.com.br\/portal\/wp-content\/uploads\/2025\/09\/WhatsApp-Image-2025-08-30-at-10.35.13.jpeg'><img loading=\"lazy\" decoding=\"async\" width=\"300\" height=\"291\" src=\"https:\/\/sindicomdf.com.br\/portal\/wp-content\/uploads\/2025\/09\/WhatsApp-Image-2025-08-30-at-10.35.13-300x291.jpeg\" class=\"attachment-medium size-medium\" alt=\"\" srcset=\"https:\/\/sindicomdf.com.br\/portal\/wp-content\/uploads\/2025\/09\/WhatsApp-Image-2025-08-30-at-10.35.13-300x291.jpeg 300w, https:\/\/sindicomdf.com.br\/portal\/wp-content\/uploads\/2025\/09\/WhatsApp-Image-2025-08-30-at-10.35.13-1024x993.jpeg 1024w, https:\/\/sindicomdf.com.br\/portal\/wp-content\/uploads\/2025\/09\/WhatsApp-Image-2025-08-30-at-10.35.13-768x744.jpeg 768w, https:\/\/sindicomdf.com.br\/portal\/wp-content\/uploads\/2025\/09\/WhatsApp-Image-2025-08-30-at-10.35.13.jpeg 1500w\" sizes=\"auto, (max-width: 300px) 100vw, 300px\" \/><\/a>\n\t\t\t<\/dt><\/dl><dl class='gallery-item'>\n\t\t\t<dt class='gallery-icon landscape'>\n\t\t\t\t<a href='https:\/\/sindicomdf.com.br\/portal\/wp-content\/uploads\/2025\/09\/WhatsApp-Image-2025-08-30-at-09.54.16.jpeg'><img loading=\"lazy\" decoding=\"async\" width=\"300\" height=\"300\" src=\"https:\/\/sindicomdf.com.br\/portal\/wp-content\/uploads\/2025\/09\/WhatsApp-Image-2025-08-30-at-09.54.16-300x300.jpeg\" class=\"attachment-medium size-medium\" alt=\"\" srcset=\"https:\/\/sindicomdf.com.br\/portal\/wp-content\/uploads\/2025\/09\/WhatsApp-Image-2025-08-30-at-09.54.16-300x300.jpeg 300w, https:\/\/sindicomdf.com.br\/portal\/wp-content\/uploads\/2025\/09\/WhatsApp-Image-2025-08-30-at-09.54.16-1024x1024.jpeg 1024w, https:\/\/sindicomdf.com.br\/portal\/wp-content\/uploads\/2025\/09\/WhatsApp-Image-2025-08-30-at-09.54.16-150x150.jpeg 150w, https:\/\/sindicomdf.com.br\/portal\/wp-content\/uploads\/2025\/09\/WhatsApp-Image-2025-08-30-at-09.54.16-768x768.jpeg 768w, https:\/\/sindicomdf.com.br\/portal\/wp-content\/uploads\/2025\/09\/WhatsApp-Image-2025-08-30-at-09.54.16.jpeg 1528w\" sizes=\"auto, (max-width: 300px) 100vw, 300px\" \/><\/a>\n\t\t\t<\/dt><\/dl><dl class='gallery-item'>\n\t\t\t<dt class='gallery-icon landscape'>\n\t\t\t\t<a href='https:\/\/sindicomdf.com.br\/portal\/wp-content\/uploads\/2025\/09\/WhatsApp-Image-2025-08-30-at-12.13.48.jpeg'><img loading=\"lazy\" decoding=\"async\" width=\"300\" height=\"169\" src=\"https:\/\/sindicomdf.com.br\/portal\/wp-content\/uploads\/2025\/09\/WhatsApp-Image-2025-08-30-at-12.13.48-300x169.jpeg\" class=\"attachment-medium size-medium\" alt=\"\" srcset=\"https:\/\/sindicomdf.com.br\/portal\/wp-content\/uploads\/2025\/09\/WhatsApp-Image-2025-08-30-at-12.13.48-300x169.jpeg 300w, https:\/\/sindicomdf.com.br\/portal\/wp-content\/uploads\/2025\/09\/WhatsApp-Image-2025-08-30-at-12.13.48-1024x576.jpeg 1024w, https:\/\/sindicomdf.com.br\/portal\/wp-content\/uploads\/2025\/09\/WhatsApp-Image-2025-08-30-at-12.13.48-768x432.jpeg 768w, https:\/\/sindicomdf.com.br\/portal\/wp-content\/uploads\/2025\/09\/WhatsApp-Image-2025-08-30-at-12.13.48-1536x864.jpeg 1536w, https:\/\/sindicomdf.com.br\/portal\/wp-content\/uploads\/2025\/09\/WhatsApp-Image-2025-08-30-at-12.13.48.jpeg 1600w\" sizes=\"auto, (max-width: 300px) 100vw, 300px\" \/><\/a>\n\t\t\t<\/dt><\/dl><dl class='gallery-item'>\n\t\t\t<dt class='gallery-icon landscape'>\n\t\t\t\t<a href='https:\/\/sindicomdf.com.br\/portal\/wp-content\/uploads\/2025\/09\/WhatsApp-Image-2025-08-30-at-09.46.46.jpeg'><img loading=\"lazy\" decoding=\"async\" width=\"300\" height=\"169\" src=\"https:\/\/sindicomdf.com.br\/portal\/wp-content\/uploads\/2025\/09\/WhatsApp-Image-2025-08-30-at-09.46.46-300x169.jpeg\" class=\"attachment-medium size-medium\" alt=\"\" srcset=\"https:\/\/sindicomdf.com.br\/portal\/wp-content\/uploads\/2025\/09\/WhatsApp-Image-2025-08-30-at-09.46.46-300x169.jpeg 300w, https:\/\/sindicomdf.com.br\/portal\/wp-content\/uploads\/2025\/09\/WhatsApp-Image-2025-08-30-at-09.46.46-1024x576.jpeg 1024w, https:\/\/sindicomdf.com.br\/portal\/wp-content\/uploads\/2025\/09\/WhatsApp-Image-2025-08-30-at-09.46.46-768x432.jpeg 768w, https:\/\/sindicomdf.com.br\/portal\/wp-content\/uploads\/2025\/09\/WhatsApp-Image-2025-08-30-at-09.46.46-1536x864.jpeg 1536w, https:\/\/sindicomdf.com.br\/portal\/wp-content\/uploads\/2025\/09\/WhatsApp-Image-2025-08-30-at-09.46.46.jpeg 1600w\" sizes=\"auto, (max-width: 300px) 100vw, 300px\" \/><\/a>\n\t\t\t<\/dt><\/dl>\n\t\t\t<br style='clear: both' \/>\n\t\t<\/div>\n\n","protected":false},"excerpt":{"rendered":"<p>O Sindicato dos Comerci\u00e1rios do Distrito Federal (Sindicom-DF) participou ativamente da 17\u00aa Plen\u00e1ria Distrital da CUT-DF, realizada no Teatro dos Banc\u00e1rios de Bras\u00edlia entre os dias 28 e 30 de agosto. O encontro, que marcou tamb\u00e9m a celebra\u00e7\u00e3o dos 42 anos da Central \u00danica dos Trabalhadores (CUT), reuniu lideran\u00e7as sindicais, movimentos sociais, parlamentares e militantes [&hellip;]<\/p>\n","protected":false},"author":3,"featured_media":11881,"comment_status":"open","ping_status":"open","sticky":false,"template":"","format":"standard","meta":{"_bbp_topic_count":0,"_bbp_reply_count":0,"_bbp_total_topic_count":0,"_bbp_total_reply_count":0,"_bbp_voice_count":0,"_bbp_anonymous_reply_count":0,"_bbp_topic_count_hidden":0,"_bbp_reply_count_hidden":0,"_bbp_forum_subforum_count":0,"footnotes":""},"categories":[48,8],"tags":[],"class_list":{"0":"post-11856","1":"post","2":"type-post","3":"status-publish","4":"format-standard","5":"has-post-thumbnail","7":"category-eventos","8":"category-galeria-de-fotos"},"yoast_head":"<!-- This site is optimized with the Yoast SEO plugin v23.7 - https:\/\/yoast.com\/wordpress\/plugins\/seo\/ -->\n<title>Comerci\u00e1rios do DF participam da 17\u00aa Plen\u00e1ria Distrital da CUT-DF - SINDICOM<\/title>\n<meta name=\"robots\" content=\"index, follow, max-snippet:-1, max-image-preview:large, max-video-preview:-1\" \/>\n<link rel=\"canonical\" href=\"https:\/\/sindicomdf.com.br\/portal\/comerciarios-do-df-participam-da-17a-plenaria-distrital-da-cut-df\/\" \/>\n<meta property=\"og:locale\" content=\"pt_BR\" \/>\n<meta property=\"og:type\" content=\"article\" \/>\n<meta property=\"og:title\" content=\"Comerci\u00e1rios do DF participam da 17\u00aa Plen\u00e1ria Distrital da CUT-DF - SINDICOM\" \/>\n<meta property=\"og:description\" content=\"O Sindicato dos Comerci\u00e1rios do Distrito Federal (Sindicom-DF) participou ativamente da 17\u00aa Plen\u00e1ria Distrital da CUT-DF, realizada no Teatro dos Banc\u00e1rios de Bras\u00edlia entre os dias 28 e 30 de agosto. O encontro, que marcou tamb\u00e9m a celebra\u00e7\u00e3o dos 42 anos da Central \u00danica dos Trabalhadores (CUT), reuniu lideran\u00e7as sindicais, movimentos sociais, parlamentares e militantes [&hellip;]\" \/>\n<meta property=\"og:url\" content=\"https:\/\/sindicomdf.com.br\/portal\/comerciarios-do-df-participam-da-17a-plenaria-distrital-da-cut-df\/\" \/>\n<meta property=\"og:site_name\" content=\"SINDICOM\" \/>\n<meta property=\"article:published_time\" content=\"2025-09-02T14:45:36+00:00\" \/>\n<meta property=\"article:modified_time\" content=\"2025-09-02T16:50:31+00:00\" \/>\n<meta property=\"og:image\" content=\"https:\/\/sindicomdf.com.br\/portal\/wp-content\/uploads\/2025\/09\/WhatsApp-Image-2025-08-31-at-09.09.51.jpeg\" \/>\n\t<meta property=\"og:image:width\" content=\"1280\" \/>\n\t<meta property=\"og:image:height\" content=\"960\" \/>\n\t<meta property=\"og:image:type\" content=\"image\/jpeg\" \/>\n<meta name=\"author\" content=\"Imprensa\" \/>\n<meta name=\"twitter:card\" content=\"summary_large_image\" \/>\n<meta name=\"twitter:label1\" content=\"Escrito por\" \/>\n\t<meta name=\"twitter:data1\" content=\"Imprensa\" \/>\n\t<meta name=\"twitter:label2\" content=\"Est. tempo de leitura\" \/>\n\t<meta name=\"twitter:data2\" content=\"2 minutos\" \/>\n<script type=\"application\/ld+json\" class=\"yoast-schema-graph\">{\"@context\":\"https:\/\/schema.org\",\"@graph\":[{\"@type\":\"WebPage\",\"@id\":\"https:\/\/sindicomdf.com.br\/portal\/comerciarios-do-df-participam-da-17a-plenaria-distrital-da-cut-df\/\",\"url\":\"https:\/\/sindicomdf.com.br\/portal\/comerciarios-do-df-participam-da-17a-plenaria-distrital-da-cut-df\/\",\"name\":\"Comerci\u00e1rios do DF participam da 17\u00aa Plen\u00e1ria Distrital da CUT-DF - SINDICOM\",\"isPartOf\":{\"@id\":\"https:\/\/sindicomdf.com.br\/portal\/#website\"},\"primaryImageOfPage\":{\"@id\":\"https:\/\/sindicomdf.com.br\/portal\/comerciarios-do-df-participam-da-17a-plenaria-distrital-da-cut-df\/#primaryimage\"},\"image\":{\"@id\":\"https:\/\/sindicomdf.com.br\/portal\/comerciarios-do-df-participam-da-17a-plenaria-distrital-da-cut-df\/#primaryimage\"},\"thumbnailUrl\":\"https:\/\/sindicomdf.com.br\/portal\/wp-content\/uploads\/2025\/09\/WhatsApp-Image-2025-08-31-at-09.09.51.jpeg\",\"datePublished\":\"2025-09-02T14:45:36+00:00\",\"dateModified\":\"2025-09-02T16:50:31+00:00\",\"author\":{\"@id\":\"https:\/\/sindicomdf.com.br\/portal\/#\/schema\/person\/09372242e78b757907e33fe5db53d205\"},\"breadcrumb\":{\"@id\":\"https:\/\/sindicomdf.com.br\/portal\/comerciarios-do-df-participam-da-17a-plenaria-distrital-da-cut-df\/#breadcrumb\"},\"inLanguage\":\"pt-BR\",\"potentialAction\":[{\"@type\":\"ReadAction\",\"target\":[\"https:\/\/sindicomdf.com.br\/portal\/comerciarios-do-df-participam-da-17a-plenaria-distrital-da-cut-df\/\"]}]},{\"@type\":\"ImageObject\",\"inLanguage\":\"pt-BR\",\"@id\":\"https:\/\/sindicomdf.com.br\/portal\/comerciarios-do-df-participam-da-17a-plenaria-distrital-da-cut-df\/#primaryimage\",\"url\":\"https:\/\/sindicomdf.com.br\/portal\/wp-content\/uploads\/2025\/09\/WhatsApp-Image-2025-08-31-at-09.09.51.jpeg\",\"contentUrl\":\"https:\/\/sindicomdf.com.br\/portal\/wp-content\/uploads\/2025\/09\/WhatsApp-Image-2025-08-31-at-09.09.51.jpeg\",\"width\":1280,\"height\":960},{\"@type\":\"BreadcrumbList\",\"@id\":\"https:\/\/sindicomdf.com.br\/portal\/comerciarios-do-df-participam-da-17a-plenaria-distrital-da-cut-df\/#breadcrumb\",\"itemListElement\":[{\"@type\":\"ListItem\",\"position\":1,\"name\":\"In\u00edcio\",\"item\":\"https:\/\/sindicomdf.com.br\/portal\/\"},{\"@type\":\"ListItem\",\"position\":2,\"name\":\"Comerci\u00e1rios do DF participam da 17\u00aa Plen\u00e1ria Distrital da CUT-DF\"}]},{\"@type\":\"WebSite\",\"@id\":\"https:\/\/sindicomdf.com.br\/portal\/#website\",\"url\":\"https:\/\/sindicomdf.com.br\/portal\/\",\"name\":\"SINDICOM\",\"description\":\"Sindicato dos Empregados no Com\u00e9rcio do DF\",\"potentialAction\":[{\"@type\":\"SearchAction\",\"target\":{\"@type\":\"EntryPoint\",\"urlTemplate\":\"https:\/\/sindicomdf.com.br\/portal\/?s={search_term_string}\"},\"query-input\":{\"@type\":\"PropertyValueSpecification\",\"valueRequired\":true,\"valueName\":\"search_term_string\"}}],\"inLanguage\":\"pt-BR\"},{\"@type\":\"Person\",\"@id\":\"https:\/\/sindicomdf.com.br\/portal\/#\/schema\/person\/09372242e78b757907e33fe5db53d205\",\"name\":\"Imprensa\",\"image\":{\"@type\":\"ImageObject\",\"inLanguage\":\"pt-BR\",\"@id\":\"https:\/\/sindicomdf.com.br\/portal\/#\/schema\/person\/image\/\",\"url\":\"https:\/\/secure.gravatar.com\/avatar\/060ac8086a7131ef4b79f847ca8f7acd57811aa2a477aca1d2a09b88754dd9de?s=96&d=mm&r=g\",\"contentUrl\":\"https:\/\/secure.gravatar.com\/avatar\/060ac8086a7131ef4b79f847ca8f7acd57811aa2a477aca1d2a09b88754dd9de?s=96&d=mm&r=g\",\"caption\":\"Imprensa\"},\"url\":\"https:\/\/sindicomdf.com.br\/portal\/author\/imprensa\/\"}]}<\/script>\n<!-- \/ Yoast SEO plugin. -->","yoast_head_json":{"title":"Comerci\u00e1rios do DF participam da 17\u00aa Plen\u00e1ria Distrital da CUT-DF - SINDICOM","robots":{"index":"index","follow":"follow","max-snippet":"max-snippet:-1","max-image-preview":"max-image-preview:large","max-video-preview":"max-video-preview:-1"},"canonical":"https:\/\/sindicomdf.com.br\/portal\/comerciarios-do-df-participam-da-17a-plenaria-distrital-da-cut-df\/","og_locale":"pt_BR","og_type":"article","og_title":"Comerci\u00e1rios do DF participam da 17\u00aa Plen\u00e1ria Distrital da CUT-DF - SINDICOM","og_description":"O Sindicato dos Comerci\u00e1rios do Distrito Federal (Sindicom-DF) participou ativamente da 17\u00aa Plen\u00e1ria Distrital da CUT-DF, realizada no Teatro dos Banc\u00e1rios de Bras\u00edlia entre os dias 28 e 30 de agosto. O encontro, que marcou tamb\u00e9m a celebra\u00e7\u00e3o dos 42 anos da Central \u00danica dos Trabalhadores (CUT), reuniu lideran\u00e7as sindicais, movimentos sociais, parlamentares e militantes [&hellip;]","og_url":"https:\/\/sindicomdf.com.br\/portal\/comerciarios-do-df-participam-da-17a-plenaria-distrital-da-cut-df\/","og_site_name":"SINDICOM","article_published_time":"2025-09-02T14:45:36+00:00","article_modified_time":"2025-09-02T16:50:31+00:00","og_image":[{"width":1280,"height":960,"url":"https:\/\/sindicomdf.com.br\/portal\/wp-content\/uploads\/2025\/09\/WhatsApp-Image-2025-08-31-at-09.09.51.jpeg","type":"image\/jpeg"}],"author":"Imprensa","twitter_card":"summary_large_image","twitter_misc":{"Escrito por":"Imprensa","Est. tempo de leitura":"2 minutos"},"schema":{"@context":"https:\/\/schema.org","@graph":[{"@type":"WebPage","@id":"https:\/\/sindicomdf.com.br\/portal\/comerciarios-do-df-participam-da-17a-plenaria-distrital-da-cut-df\/","url":"https:\/\/sindicomdf.com.br\/portal\/comerciarios-do-df-participam-da-17a-plenaria-distrital-da-cut-df\/","name":"Comerci\u00e1rios do DF participam da 17\u00aa Plen\u00e1ria Distrital da CUT-DF - SINDICOM","isPartOf":{"@id":"https:\/\/sindicomdf.com.br\/portal\/#website"},"primaryImageOfPage":{"@id":"https:\/\/sindicomdf.com.br\/portal\/comerciarios-do-df-participam-da-17a-plenaria-distrital-da-cut-df\/#primaryimage"},"image":{"@id":"https:\/\/sindicomdf.com.br\/portal\/comerciarios-do-df-participam-da-17a-plenaria-distrital-da-cut-df\/#primaryimage"},"thumbnailUrl":"https:\/\/sindicomdf.com.br\/portal\/wp-content\/uploads\/2025\/09\/WhatsApp-Image-2025-08-31-at-09.09.51.jpeg","datePublished":"2025-09-02T14:45:36+00:00","dateModified":"2025-09-02T16:50:31+00:00","author":{"@id":"https:\/\/sindicomdf.com.br\/portal\/#\/schema\/person\/09372242e78b757907e33fe5db53d205"},"breadcrumb":{"@id":"https:\/\/sindicomdf.com.br\/portal\/comerciarios-do-df-participam-da-17a-plenaria-distrital-da-cut-df\/#breadcrumb"},"inLanguage":"pt-BR","potentialAction":[{"@type":"ReadAction","target":["https:\/\/sindicomdf.com.br\/portal\/comerciarios-do-df-participam-da-17a-plenaria-distrital-da-cut-df\/"]}]},{"@type":"ImageObject","inLanguage":"pt-BR","@id":"https:\/\/sindicomdf.com.br\/portal\/comerciarios-do-df-participam-da-17a-plenaria-distrital-da-cut-df\/#primaryimage","url":"https:\/\/sindicomdf.com.br\/portal\/wp-content\/uploads\/2025\/09\/WhatsApp-Image-2025-08-31-at-09.09.51.jpeg","contentUrl":"https:\/\/sindicomdf.com.br\/portal\/wp-content\/uploads\/2025\/09\/WhatsApp-Image-2025-08-31-at-09.09.51.jpeg","width":1280,"height":960},{"@type":"BreadcrumbList","@id":"https:\/\/sindicomdf.com.br\/portal\/comerciarios-do-df-participam-da-17a-plenaria-distrital-da-cut-df\/#breadcrumb","itemListElement":[{"@type":"ListItem","position":1,"name":"In\u00edcio","item":"https:\/\/sindicomdf.com.br\/portal\/"},{"@type":"ListItem","position":2,"name":"Comerci\u00e1rios do DF participam da 17\u00aa Plen\u00e1ria Distrital da CUT-DF"}]},{"@type":"WebSite","@id":"https:\/\/sindicomdf.com.br\/portal\/#website","url":"https:\/\/sindicomdf.com.br\/portal\/","name":"SINDICOM","description":"Sindicato dos Empregados no Com\u00e9rcio do DF","potentialAction":[{"@type":"SearchAction","target":{"@type":"EntryPoint","urlTemplate":"https:\/\/sindicomdf.com.br\/portal\/?s={search_term_string}"},"query-input":{"@type":"PropertyValueSpecification","valueRequired":true,"valueName":"search_term_string"}}],"inLanguage":"pt-BR"},{"@type":"Person","@id":"https:\/\/sindicomdf.com.br\/portal\/#\/schema\/person\/09372242e78b757907e33fe5db53d205","name":"Imprensa","image":{"@type":"ImageObject","inLanguage":"pt-BR","@id":"https:\/\/sindicomdf.com.br\/portal\/#\/schema\/person\/image\/","url":"https:\/\/secure.gravatar.com\/avatar\/060ac8086a7131ef4b79f847ca8f7acd57811aa2a477aca1d2a09b88754dd9de?s=96&d=mm&r=g","contentUrl":"https:\/\/secure.gravatar.com\/avatar\/060ac8086a7131ef4b79f847ca8f7acd57811aa2a477aca1d2a09b88754dd9de?s=96&d=mm&r=g","caption":"Imprensa"},"url":"https:\/\/sindicomdf.com.br\/portal\/author\/imprensa\/"}]}},"_links":{"self":[{"href":"https:\/\/sindicomdf.com.br\/portal\/wp-json\/wp\/v2\/posts\/11856","targetHints":{"allow":["GET"]}}],"collection":[{"href":"https:\/\/sindicomdf.com.br\/portal\/wp-json\/wp\/v2\/posts"}],"about":[{"href":"https:\/\/sindicomdf.com.br\/portal\/wp-json\/wp\/v2\/types\/post"}],"author":[{"embeddable":true,"href":"https:\/\/sindicomdf.com.br\/portal\/wp-json\/wp\/v2\/users\/3"}],"replies":[{"embeddable":true,"href":"https:\/\/sindicomdf.com.br\/portal\/wp-json\/wp\/v2\/comments?post=11856"}],"version-history":[{"count":5,"href":"https:\/\/sindicomdf.com.br\/portal\/wp-json\/wp\/v2\/posts\/11856\/revisions"}],"predecessor-version":[{"id":11901,"href":"https:\/\/sindicomdf.com.br\/portal\/wp-json\/wp\/v2\/posts\/11856\/revisions\/11901"}],"wp:featuredmedia":[{"embeddable":true,"href":"https:\/\/sindicomdf.com.br\/portal\/wp-json\/wp\/v2\/media\/11881"}],"wp:attachment":[{"href":"https:\/\/sindicomdf.com.br\/portal\/wp-json\/wp\/v2\/media?parent=11856"}],"wp:term":[{"taxonomy":"category","embeddable":true,"href":"https:\/\/sindicomdf.com.br\/portal\/wp-json\/wp\/v2\/categories?post=11856"},{"taxonomy":"post_tag","embeddable":true,"href":"https:\/\/sindicomdf.com.br\/portal\/wp-json\/wp\/v2\/tags?post=11856"}],"curies":[{"name":"wp","href":"https:\/\/api.w.org\/{rel}","templated":true}]}}