{"id":11328,"date":"2025-02-07T11:36:32","date_gmt":"2025-02-07T11:36:32","guid":{"rendered":"https:\/\/sindicomdf.com.br\/portal\/?p=11328"},"modified":"2025-02-12T11:38:50","modified_gmt":"2025-02-12T11:38:50","slug":"fevereiro-lilas-e-laranja-sindicom-df-reforca-seu-compromisso-com-a-saude-e-bem-estar-dos-trabalhadores","status":"publish","type":"post","link":"https:\/\/sindicomdf.com.br\/portal\/fevereiro-lilas-e-laranja-sindicom-df-reforca-seu-compromisso-com-a-saude-e-bem-estar-dos-trabalhadores\/","title":{"rendered":"Fevereiro Lil\u00e1s e Laranja | Sindicom-DF refor\u00e7a seu compromisso com a sa\u00fade e bem-estar dos trabalhadores"},"content":{"rendered":"<p>O Sindicom-DF reafirma seu compromisso com a sa\u00fade e qualidade de vida de seus sindicalizados neste Fevereiro Lil\u00e1s e Laranja, m\u00eas dedicado \u00e0 conscientiza\u00e7\u00e3o sobre o L\u00fapus, Alzheimer e a leucemia.<\/p>\n<p>A campanha alerta para a import\u00e2ncia do diagn\u00f3stico precoce e do tratamento adequado dessas doen\u00e7as, que afetam milhares de pessoas e impactam diretamente a rotina de muitas fam\u00edlias trabalhadoras. O Sindicom-DF acredita que informa\u00e7\u00e3o e preven\u00e7\u00e3o s\u00e3o essenciais para garantir mais sa\u00fade e qualidade de vida, por isso, apoia iniciativas que promovam o bem-estar da categoria.<\/p>\n<p>Cuidar da sa\u00fade \u00e9 um direito! Se puder, fa\u00e7a exames preventivos e esteja atento aos sinais do seu corpo. O Sindicom-DF segue ao lado dos trabalhadores na luta por melhores condi\u00e7\u00f5es de vida e acesso \u00e0 sa\u00fade de qualidade.<\/p>\n","protected":false},"excerpt":{"rendered":"<p>O Sindicom-DF reafirma seu compromisso com a sa\u00fade e qualidade de vida de seus sindicalizados neste Fevereiro Lil\u00e1s e Laranja, m\u00eas dedicado \u00e0 conscientiza\u00e7\u00e3o sobre o L\u00fapus, Alzheimer e a leucemia. A campanha alerta para a import\u00e2ncia do diagn\u00f3stico precoce e do tratamento adequado dessas doen\u00e7as, que afetam milhares de pessoas e impactam diretamente a [&hellip;]<\/p>\n","protected":false},"author":3,"featured_media":11329,"comment_status":"open","ping_status":"open","sticky":false,"template":"","format":"standard","meta":{"_bbp_topic_count":0,"_bbp_reply_count":0,"_bbp_total_topic_count":0,"_bbp_total_reply_count":0,"_bbp_voice_count":0,"_bbp_anonymous_reply_count":0,"_bbp_topic_count_hidden":0,"_bbp_reply_count_hidden":0,"_bbp_forum_subforum_count":0,"footnotes":""},"categories":[4],"tags":[],"class_list":{"0":"post-11328","1":"post","2":"type-post","3":"status-publish","4":"format-standard","5":"has-post-thumbnail","7":"category-saude"},"yoast_head":"<!-- This site is optimized with the Yoast SEO plugin v23.7 - https:\/\/yoast.com\/wordpress\/plugins\/seo\/ -->\n<title>Fevereiro Lil\u00e1s e Laranja | Sindicom-DF refor\u00e7a seu compromisso com a sa\u00fade e bem-estar dos trabalhadores - SINDICOM<\/title>\n<meta name=\"robots\" content=\"index, follow, max-snippet:-1, max-image-preview:large, max-video-preview:-1\" \/>\n<link rel=\"canonical\" href=\"https:\/\/sindicomdf.com.br\/portal\/fevereiro-lilas-e-laranja-sindicom-df-reforca-seu-compromisso-com-a-saude-e-bem-estar-dos-trabalhadores\/\" \/>\n<meta property=\"og:locale\" content=\"pt_BR\" \/>\n<meta property=\"og:type\" content=\"article\" \/>\n<meta property=\"og:title\" content=\"Fevereiro Lil\u00e1s e Laranja | Sindicom-DF refor\u00e7a seu compromisso com a sa\u00fade e bem-estar dos trabalhadores - SINDICOM\" \/>\n<meta property=\"og:description\" content=\"O Sindicom-DF reafirma seu compromisso com a sa\u00fade e qualidade de vida de seus sindicalizados neste Fevereiro Lil\u00e1s e Laranja, m\u00eas dedicado \u00e0 conscientiza\u00e7\u00e3o sobre o L\u00fapus, Alzheimer e a leucemia. A campanha alerta para a import\u00e2ncia do diagn\u00f3stico precoce e do tratamento adequado dessas doen\u00e7as, que afetam milhares de pessoas e impactam diretamente a [&hellip;]\" \/>\n<meta property=\"og:url\" content=\"https:\/\/sindicomdf.com.br\/portal\/fevereiro-lilas-e-laranja-sindicom-df-reforca-seu-compromisso-com-a-saude-e-bem-estar-dos-trabalhadores\/\" \/>\n<meta property=\"og:site_name\" content=\"SINDICOM\" \/>\n<meta property=\"article:published_time\" content=\"2025-02-07T11:36:32+00:00\" \/>\n<meta property=\"article:modified_time\" content=\"2025-02-12T11:38:50+00:00\" \/>\n<meta property=\"og:image\" content=\"https:\/\/sindicomdf.com.br\/portal\/wp-content\/uploads\/2025\/02\/WhatsApp-Image-2025-02-05-at-17.00.27.jpeg\" \/>\n\t<meta property=\"og:image:width\" content=\"692\" \/>\n\t<meta property=\"og:image:height\" content=\"692\" \/>\n\t<meta property=\"og:image:type\" content=\"image\/jpeg\" \/>\n<meta name=\"author\" content=\"Imprensa\" \/>\n<meta name=\"twitter:card\" content=\"summary_large_image\" \/>\n<meta name=\"twitter:label1\" content=\"Escrito por\" \/>\n\t<meta name=\"twitter:data1\" content=\"Imprensa\" \/>\n\t<meta name=\"twitter:label2\" content=\"Est. tempo de leitura\" \/>\n\t<meta name=\"twitter:data2\" content=\"1 minuto\" \/>\n<script type=\"application\/ld+json\" class=\"yoast-schema-graph\">{\"@context\":\"https:\/\/schema.org\",\"@graph\":[{\"@type\":\"WebPage\",\"@id\":\"https:\/\/sindicomdf.com.br\/portal\/fevereiro-lilas-e-laranja-sindicom-df-reforca-seu-compromisso-com-a-saude-e-bem-estar-dos-trabalhadores\/\",\"url\":\"https:\/\/sindicomdf.com.br\/portal\/fevereiro-lilas-e-laranja-sindicom-df-reforca-seu-compromisso-com-a-saude-e-bem-estar-dos-trabalhadores\/\",\"name\":\"Fevereiro Lil\u00e1s e Laranja | Sindicom-DF refor\u00e7a seu compromisso com a sa\u00fade e bem-estar dos trabalhadores - SINDICOM\",\"isPartOf\":{\"@id\":\"https:\/\/sindicomdf.com.br\/portal\/#website\"},\"primaryImageOfPage\":{\"@id\":\"https:\/\/sindicomdf.com.br\/portal\/fevereiro-lilas-e-laranja-sindicom-df-reforca-seu-compromisso-com-a-saude-e-bem-estar-dos-trabalhadores\/#primaryimage\"},\"image\":{\"@id\":\"https:\/\/sindicomdf.com.br\/portal\/fevereiro-lilas-e-laranja-sindicom-df-reforca-seu-compromisso-com-a-saude-e-bem-estar-dos-trabalhadores\/#primaryimage\"},\"thumbnailUrl\":\"https:\/\/sindicomdf.com.br\/portal\/wp-content\/uploads\/2025\/02\/WhatsApp-Image-2025-02-05-at-17.00.27.jpeg\",\"datePublished\":\"2025-02-07T11:36:32+00:00\",\"dateModified\":\"2025-02-12T11:38:50+00:00\",\"author\":{\"@id\":\"https:\/\/sindicomdf.com.br\/portal\/#\/schema\/person\/09372242e78b757907e33fe5db53d205\"},\"breadcrumb\":{\"@id\":\"https:\/\/sindicomdf.com.br\/portal\/fevereiro-lilas-e-laranja-sindicom-df-reforca-seu-compromisso-com-a-saude-e-bem-estar-dos-trabalhadores\/#breadcrumb\"},\"inLanguage\":\"pt-BR\",\"potentialAction\":[{\"@type\":\"ReadAction\",\"target\":[\"https:\/\/sindicomdf.com.br\/portal\/fevereiro-lilas-e-laranja-sindicom-df-reforca-seu-compromisso-com-a-saude-e-bem-estar-dos-trabalhadores\/\"]}]},{\"@type\":\"ImageObject\",\"inLanguage\":\"pt-BR\",\"@id\":\"https:\/\/sindicomdf.com.br\/portal\/fevereiro-lilas-e-laranja-sindicom-df-reforca-seu-compromisso-com-a-saude-e-bem-estar-dos-trabalhadores\/#primaryimage\",\"url\":\"https:\/\/sindicomdf.com.br\/portal\/wp-content\/uploads\/2025\/02\/WhatsApp-Image-2025-02-05-at-17.00.27.jpeg\",\"contentUrl\":\"https:\/\/sindicomdf.com.br\/portal\/wp-content\/uploads\/2025\/02\/WhatsApp-Image-2025-02-05-at-17.00.27.jpeg\",\"width\":692,\"height\":692},{\"@type\":\"BreadcrumbList\",\"@id\":\"https:\/\/sindicomdf.com.br\/portal\/fevereiro-lilas-e-laranja-sindicom-df-reforca-seu-compromisso-com-a-saude-e-bem-estar-dos-trabalhadores\/#breadcrumb\",\"itemListElement\":[{\"@type\":\"ListItem\",\"position\":1,\"name\":\"In\u00edcio\",\"item\":\"https:\/\/sindicomdf.com.br\/portal\/\"},{\"@type\":\"ListItem\",\"position\":2,\"name\":\"Fevereiro Lil\u00e1s e Laranja | Sindicom-DF refor\u00e7a seu compromisso com a sa\u00fade e bem-estar dos trabalhadores\"}]},{\"@type\":\"WebSite\",\"@id\":\"https:\/\/sindicomdf.com.br\/portal\/#website\",\"url\":\"https:\/\/sindicomdf.com.br\/portal\/\",\"name\":\"SINDICOM\",\"description\":\"Sindicato dos Empregados no Com\u00e9rcio do DF\",\"potentialAction\":[{\"@type\":\"SearchAction\",\"target\":{\"@type\":\"EntryPoint\",\"urlTemplate\":\"https:\/\/sindicomdf.com.br\/portal\/?s={search_term_string}\"},\"query-input\":{\"@type\":\"PropertyValueSpecification\",\"valueRequired\":true,\"valueName\":\"search_term_string\"}}],\"inLanguage\":\"pt-BR\"},{\"@type\":\"Person\",\"@id\":\"https:\/\/sindicomdf.com.br\/portal\/#\/schema\/person\/09372242e78b757907e33fe5db53d205\",\"name\":\"Imprensa\",\"image\":{\"@type\":\"ImageObject\",\"inLanguage\":\"pt-BR\",\"@id\":\"https:\/\/sindicomdf.com.br\/portal\/#\/schema\/person\/image\/\",\"url\":\"https:\/\/secure.gravatar.com\/avatar\/060ac8086a7131ef4b79f847ca8f7acd57811aa2a477aca1d2a09b88754dd9de?s=96&d=mm&r=g\",\"contentUrl\":\"https:\/\/secure.gravatar.com\/avatar\/060ac8086a7131ef4b79f847ca8f7acd57811aa2a477aca1d2a09b88754dd9de?s=96&d=mm&r=g\",\"caption\":\"Imprensa\"},\"url\":\"https:\/\/sindicomdf.com.br\/portal\/author\/imprensa\/\"}]}<\/script>\n<!-- \/ Yoast SEO plugin. -->","yoast_head_json":{"title":"Fevereiro Lil\u00e1s e Laranja | Sindicom-DF refor\u00e7a seu compromisso com a sa\u00fade e bem-estar dos trabalhadores - SINDICOM","robots":{"index":"index","follow":"follow","max-snippet":"max-snippet:-1","max-image-preview":"max-image-preview:large","max-video-preview":"max-video-preview:-1"},"canonical":"https:\/\/sindicomdf.com.br\/portal\/fevereiro-lilas-e-laranja-sindicom-df-reforca-seu-compromisso-com-a-saude-e-bem-estar-dos-trabalhadores\/","og_locale":"pt_BR","og_type":"article","og_title":"Fevereiro Lil\u00e1s e Laranja | Sindicom-DF refor\u00e7a seu compromisso com a sa\u00fade e bem-estar dos trabalhadores - SINDICOM","og_description":"O Sindicom-DF reafirma seu compromisso com a sa\u00fade e qualidade de vida de seus sindicalizados neste Fevereiro Lil\u00e1s e Laranja, m\u00eas dedicado \u00e0 conscientiza\u00e7\u00e3o sobre o L\u00fapus, Alzheimer e a leucemia. A campanha alerta para a import\u00e2ncia do diagn\u00f3stico precoce e do tratamento adequado dessas doen\u00e7as, que afetam milhares de pessoas e impactam diretamente a [&hellip;]","og_url":"https:\/\/sindicomdf.com.br\/portal\/fevereiro-lilas-e-laranja-sindicom-df-reforca-seu-compromisso-com-a-saude-e-bem-estar-dos-trabalhadores\/","og_site_name":"SINDICOM","article_published_time":"2025-02-07T11:36:32+00:00","article_modified_time":"2025-02-12T11:38:50+00:00","og_image":[{"width":692,"height":692,"url":"https:\/\/sindicomdf.com.br\/portal\/wp-content\/uploads\/2025\/02\/WhatsApp-Image-2025-02-05-at-17.00.27.jpeg","type":"image\/jpeg"}],"author":"Imprensa","twitter_card":"summary_large_image","twitter_misc":{"Escrito por":"Imprensa","Est. tempo de leitura":"1 minuto"},"schema":{"@context":"https:\/\/schema.org","@graph":[{"@type":"WebPage","@id":"https:\/\/sindicomdf.com.br\/portal\/fevereiro-lilas-e-laranja-sindicom-df-reforca-seu-compromisso-com-a-saude-e-bem-estar-dos-trabalhadores\/","url":"https:\/\/sindicomdf.com.br\/portal\/fevereiro-lilas-e-laranja-sindicom-df-reforca-seu-compromisso-com-a-saude-e-bem-estar-dos-trabalhadores\/","name":"Fevereiro Lil\u00e1s e Laranja | Sindicom-DF refor\u00e7a seu compromisso com a sa\u00fade e bem-estar dos trabalhadores - SINDICOM","isPartOf":{"@id":"https:\/\/sindicomdf.com.br\/portal\/#website"},"primaryImageOfPage":{"@id":"https:\/\/sindicomdf.com.br\/portal\/fevereiro-lilas-e-laranja-sindicom-df-reforca-seu-compromisso-com-a-saude-e-bem-estar-dos-trabalhadores\/#primaryimage"},"image":{"@id":"https:\/\/sindicomdf.com.br\/portal\/fevereiro-lilas-e-laranja-sindicom-df-reforca-seu-compromisso-com-a-saude-e-bem-estar-dos-trabalhadores\/#primaryimage"},"thumbnailUrl":"https:\/\/sindicomdf.com.br\/portal\/wp-content\/uploads\/2025\/02\/WhatsApp-Image-2025-02-05-at-17.00.27.jpeg","datePublished":"2025-02-07T11:36:32+00:00","dateModified":"2025-02-12T11:38:50+00:00","author":{"@id":"https:\/\/sindicomdf.com.br\/portal\/#\/schema\/person\/09372242e78b757907e33fe5db53d205"},"breadcrumb":{"@id":"https:\/\/sindicomdf.com.br\/portal\/fevereiro-lilas-e-laranja-sindicom-df-reforca-seu-compromisso-com-a-saude-e-bem-estar-dos-trabalhadores\/#breadcrumb"},"inLanguage":"pt-BR","potentialAction":[{"@type":"ReadAction","target":["https:\/\/sindicomdf.com.br\/portal\/fevereiro-lilas-e-laranja-sindicom-df-reforca-seu-compromisso-com-a-saude-e-bem-estar-dos-trabalhadores\/"]}]},{"@type":"ImageObject","inLanguage":"pt-BR","@id":"https:\/\/sindicomdf.com.br\/portal\/fevereiro-lilas-e-laranja-sindicom-df-reforca-seu-compromisso-com-a-saude-e-bem-estar-dos-trabalhadores\/#primaryimage","url":"https:\/\/sindicomdf.com.br\/portal\/wp-content\/uploads\/2025\/02\/WhatsApp-Image-2025-02-05-at-17.00.27.jpeg","contentUrl":"https:\/\/sindicomdf.com.br\/portal\/wp-content\/uploads\/2025\/02\/WhatsApp-Image-2025-02-05-at-17.00.27.jpeg","width":692,"height":692},{"@type":"BreadcrumbList","@id":"https:\/\/sindicomdf.com.br\/portal\/fevereiro-lilas-e-laranja-sindicom-df-reforca-seu-compromisso-com-a-saude-e-bem-estar-dos-trabalhadores\/#breadcrumb","itemListElement":[{"@type":"ListItem","position":1,"name":"In\u00edcio","item":"https:\/\/sindicomdf.com.br\/portal\/"},{"@type":"ListItem","position":2,"name":"Fevereiro Lil\u00e1s e Laranja | Sindicom-DF refor\u00e7a seu compromisso com a sa\u00fade e bem-estar dos trabalhadores"}]},{"@type":"WebSite","@id":"https:\/\/sindicomdf.com.br\/portal\/#website","url":"https:\/\/sindicomdf.com.br\/portal\/","name":"SINDICOM","description":"Sindicato dos Empregados no Com\u00e9rcio do DF","potentialAction":[{"@type":"SearchAction","target":{"@type":"EntryPoint","urlTemplate":"https:\/\/sindicomdf.com.br\/portal\/?s={search_term_string}"},"query-input":{"@type":"PropertyValueSpecification","valueRequired":true,"valueName":"search_term_string"}}],"inLanguage":"pt-BR"},{"@type":"Person","@id":"https:\/\/sindicomdf.com.br\/portal\/#\/schema\/person\/09372242e78b757907e33fe5db53d205","name":"Imprensa","image":{"@type":"ImageObject","inLanguage":"pt-BR","@id":"https:\/\/sindicomdf.com.br\/portal\/#\/schema\/person\/image\/","url":"https:\/\/secure.gravatar.com\/avatar\/060ac8086a7131ef4b79f847ca8f7acd57811aa2a477aca1d2a09b88754dd9de?s=96&d=mm&r=g","contentUrl":"https:\/\/secure.gravatar.com\/avatar\/060ac8086a7131ef4b79f847ca8f7acd57811aa2a477aca1d2a09b88754dd9de?s=96&d=mm&r=g","caption":"Imprensa"},"url":"https:\/\/sindicomdf.com.br\/portal\/author\/imprensa\/"}]}},"_links":{"self":[{"href":"https:\/\/sindicomdf.com.br\/portal\/wp-json\/wp\/v2\/posts\/11328","targetHints":{"allow":["GET"]}}],"collection":[{"href":"https:\/\/sindicomdf.com.br\/portal\/wp-json\/wp\/v2\/posts"}],"about":[{"href":"https:\/\/sindicomdf.com.br\/portal\/wp-json\/wp\/v2\/types\/post"}],"author":[{"embeddable":true,"href":"https:\/\/sindicomdf.com.br\/portal\/wp-json\/wp\/v2\/users\/3"}],"replies":[{"embeddable":true,"href":"https:\/\/sindicomdf.com.br\/portal\/wp-json\/wp\/v2\/comments?post=11328"}],"version-history":[{"count":1,"href":"https:\/\/sindicomdf.com.br\/portal\/wp-json\/wp\/v2\/posts\/11328\/revisions"}],"predecessor-version":[{"id":11330,"href":"https:\/\/sindicomdf.com.br\/portal\/wp-json\/wp\/v2\/posts\/11328\/revisions\/11330"}],"wp:featuredmedia":[{"embeddable":true,"href":"https:\/\/sindicomdf.com.br\/portal\/wp-json\/wp\/v2\/media\/11329"}],"wp:attachment":[{"href":"https:\/\/sindicomdf.com.br\/portal\/wp-json\/wp\/v2\/media?parent=11328"}],"wp:term":[{"taxonomy":"category","embeddable":true,"href":"https:\/\/sindicomdf.com.br\/portal\/wp-json\/wp\/v2\/categories?post=11328"},{"taxonomy":"post_tag","embeddable":true,"href":"https:\/\/sindicomdf.com.br\/portal\/wp-json\/wp\/v2\/tags?post=11328"}],"curies":[{"name":"wp","href":"https:\/\/api.w.org\/{rel}","templated":true}]}}