{"id":11306,"date":"2025-02-05T11:39:14","date_gmt":"2025-02-05T11:39:14","guid":{"rendered":"https:\/\/sindicomdf.com.br\/portal\/?p=11306"},"modified":"2025-02-12T11:39:44","modified_gmt":"2025-02-12T11:39:44","slug":"sindicom-df-se-solidariza-com-trabalhadores-da-limpeza-publica","status":"publish","type":"post","link":"https:\/\/sindicomdf.com.br\/portal\/sindicom-df-se-solidariza-com-trabalhadores-da-limpeza-publica\/","title":{"rendered":"Comerci\u00e1rios se solidarizam com trabalhadores da limpeza p\u00fablica"},"content":{"rendered":"<p>O Sindicom-DF manifesta total apoio aos trabalhadores da limpeza p\u00fablica do Distrito Federal, que prestam servi\u00e7o para a empresa Noresa e est\u00e3o em greve desde segunda-feira (3). A paralisa\u00e7\u00e3o ocorre devido ao n\u00e3o pagamento do 13\u00ba sal\u00e1rio, do ticket alimenta\u00e7\u00e3o de dezembro e do retroativo do reajuste salarial. Al\u00e9m disso, os trabalhadores denunciam a demiss\u00e3o injusta por\u00a0 reivindicarem seus direitos.<\/p>\n<p>A Noresa tamb\u00e9m acumula outras irregularidades graves, como falta de dep\u00f3sito do FGTS, aus\u00eancia de CIPA, n\u00e3o fornecimento de EPIs, atraso no plano de sa\u00fade e uso de caminh\u00f5es sucateados, colocando em risco a seguran\u00e7a dos trabalhadores.<\/p>\n<p>Para a secret\u00e1ria-geral do Sindicom-DF, Geralda Godinho, essa situa\u00e7\u00e3o \u00e9 inaceit\u00e1vel e precisa ser resolvida com urg\u00eancia. <strong>&#8220;Os trabalhadores da limpeza p\u00fablica realizam um servi\u00e7o essencial para a popula\u00e7\u00e3o e n\u00e3o podem ser tratados com descaso. A Noresa tem a obriga\u00e7\u00e3o de cumprir a Conven\u00e7\u00e3o Coletiva e respeitar os direitos da categoria. O Sindicom-DF seguir\u00e1 firme na luta ao lado desses trabalhadores at\u00e9 que a empresa cumpra com suas obriga\u00e7\u00f5es&#8221;, finalizou.<\/strong><\/p>\n<p><a href=\"https:\/\/sindicomdf.com.br\/portal\/wp-content\/uploads\/2025\/02\/img2.jpeg\"><img loading=\"lazy\" decoding=\"async\" class=\"aligncenter wp-image-11307\" src=\"https:\/\/sindicomdf.com.br\/portal\/wp-content\/uploads\/2025\/02\/img2.jpeg\" alt=\"\" width=\"700\" height=\"323\" srcset=\"https:\/\/sindicomdf.com.br\/portal\/wp-content\/uploads\/2025\/02\/img2.jpeg 1280w, https:\/\/sindicomdf.com.br\/portal\/wp-content\/uploads\/2025\/02\/img2-300x139.jpeg 300w, https:\/\/sindicomdf.com.br\/portal\/wp-content\/uploads\/2025\/02\/img2-1024x473.jpeg 1024w, https:\/\/sindicomdf.com.br\/portal\/wp-content\/uploads\/2025\/02\/img2-768x355.jpeg 768w\" sizes=\"auto, (max-width: 700px) 100vw, 700px\" \/><\/a><\/p>\n","protected":false},"excerpt":{"rendered":"<p>O Sindicom-DF manifesta total apoio aos trabalhadores da limpeza p\u00fablica do Distrito Federal, que prestam servi\u00e7o para a empresa Noresa e est\u00e3o em greve desde segunda-feira (3). A paralisa\u00e7\u00e3o ocorre devido ao n\u00e3o pagamento do 13\u00ba sal\u00e1rio, do ticket alimenta\u00e7\u00e3o de dezembro e do retroativo do reajuste salarial. Al\u00e9m disso, os trabalhadores denunciam a demiss\u00e3o [&hellip;]<\/p>\n","protected":false},"author":3,"featured_media":11308,"comment_status":"open","ping_status":"open","sticky":false,"template":"","format":"standard","meta":{"_bbp_topic_count":0,"_bbp_reply_count":0,"_bbp_total_topic_count":0,"_bbp_total_reply_count":0,"_bbp_voice_count":0,"_bbp_anonymous_reply_count":0,"_bbp_topic_count_hidden":0,"_bbp_reply_count_hidden":0,"_bbp_forum_subforum_count":0,"footnotes":""},"categories":[87],"tags":[],"class_list":{"0":"post-11306","1":"post","2":"type-post","3":"status-publish","4":"format-standard","5":"has-post-thumbnail","7":"category-unidade"},"yoast_head":"<!-- This site is optimized with the Yoast SEO plugin v23.7 - https:\/\/yoast.com\/wordpress\/plugins\/seo\/ -->\n<title>Comerci\u00e1rios se solidarizam com trabalhadores da limpeza p\u00fablica - SINDICOM<\/title>\n<meta name=\"robots\" content=\"index, follow, max-snippet:-1, max-image-preview:large, max-video-preview:-1\" \/>\n<link rel=\"canonical\" href=\"https:\/\/sindicomdf.com.br\/portal\/sindicom-df-se-solidariza-com-trabalhadores-da-limpeza-publica\/\" \/>\n<meta property=\"og:locale\" content=\"pt_BR\" \/>\n<meta property=\"og:type\" content=\"article\" \/>\n<meta property=\"og:title\" content=\"Comerci\u00e1rios se solidarizam com trabalhadores da limpeza p\u00fablica - SINDICOM\" \/>\n<meta property=\"og:description\" content=\"O Sindicom-DF manifesta total apoio aos trabalhadores da limpeza p\u00fablica do Distrito Federal, que prestam servi\u00e7o para a empresa Noresa e est\u00e3o em greve desde segunda-feira (3). A paralisa\u00e7\u00e3o ocorre devido ao n\u00e3o pagamento do 13\u00ba sal\u00e1rio, do ticket alimenta\u00e7\u00e3o de dezembro e do retroativo do reajuste salarial. Al\u00e9m disso, os trabalhadores denunciam a demiss\u00e3o [&hellip;]\" \/>\n<meta property=\"og:url\" content=\"https:\/\/sindicomdf.com.br\/portal\/sindicom-df-se-solidariza-com-trabalhadores-da-limpeza-publica\/\" \/>\n<meta property=\"og:site_name\" content=\"SINDICOM\" \/>\n<meta property=\"article:published_time\" content=\"2025-02-05T11:39:14+00:00\" \/>\n<meta property=\"article:modified_time\" content=\"2025-02-12T11:39:44+00:00\" \/>\n<meta property=\"og:image\" content=\"https:\/\/sindicomdf.com.br\/portal\/wp-content\/uploads\/2025\/02\/img1.jpg\" \/>\n\t<meta property=\"og:image:width\" content=\"1600\" \/>\n\t<meta property=\"og:image:height\" content=\"1200\" \/>\n\t<meta property=\"og:image:type\" content=\"image\/jpeg\" \/>\n<meta name=\"author\" content=\"Imprensa\" \/>\n<meta name=\"twitter:card\" content=\"summary_large_image\" \/>\n<meta name=\"twitter:label1\" content=\"Escrito por\" \/>\n\t<meta name=\"twitter:data1\" content=\"Imprensa\" \/>\n\t<meta name=\"twitter:label2\" content=\"Est. tempo de leitura\" \/>\n\t<meta name=\"twitter:data2\" content=\"2 minutos\" \/>\n<script type=\"application\/ld+json\" class=\"yoast-schema-graph\">{\"@context\":\"https:\/\/schema.org\",\"@graph\":[{\"@type\":\"WebPage\",\"@id\":\"https:\/\/sindicomdf.com.br\/portal\/sindicom-df-se-solidariza-com-trabalhadores-da-limpeza-publica\/\",\"url\":\"https:\/\/sindicomdf.com.br\/portal\/sindicom-df-se-solidariza-com-trabalhadores-da-limpeza-publica\/\",\"name\":\"Comerci\u00e1rios se solidarizam com trabalhadores da limpeza p\u00fablica - SINDICOM\",\"isPartOf\":{\"@id\":\"https:\/\/sindicomdf.com.br\/portal\/#website\"},\"primaryImageOfPage\":{\"@id\":\"https:\/\/sindicomdf.com.br\/portal\/sindicom-df-se-solidariza-com-trabalhadores-da-limpeza-publica\/#primaryimage\"},\"image\":{\"@id\":\"https:\/\/sindicomdf.com.br\/portal\/sindicom-df-se-solidariza-com-trabalhadores-da-limpeza-publica\/#primaryimage\"},\"thumbnailUrl\":\"https:\/\/sindicomdf.com.br\/portal\/wp-content\/uploads\/2025\/02\/img1.jpg\",\"datePublished\":\"2025-02-05T11:39:14+00:00\",\"dateModified\":\"2025-02-12T11:39:44+00:00\",\"author\":{\"@id\":\"https:\/\/sindicomdf.com.br\/portal\/#\/schema\/person\/09372242e78b757907e33fe5db53d205\"},\"breadcrumb\":{\"@id\":\"https:\/\/sindicomdf.com.br\/portal\/sindicom-df-se-solidariza-com-trabalhadores-da-limpeza-publica\/#breadcrumb\"},\"inLanguage\":\"pt-BR\",\"potentialAction\":[{\"@type\":\"ReadAction\",\"target\":[\"https:\/\/sindicomdf.com.br\/portal\/sindicom-df-se-solidariza-com-trabalhadores-da-limpeza-publica\/\"]}]},{\"@type\":\"ImageObject\",\"inLanguage\":\"pt-BR\",\"@id\":\"https:\/\/sindicomdf.com.br\/portal\/sindicom-df-se-solidariza-com-trabalhadores-da-limpeza-publica\/#primaryimage\",\"url\":\"https:\/\/sindicomdf.com.br\/portal\/wp-content\/uploads\/2025\/02\/img1.jpg\",\"contentUrl\":\"https:\/\/sindicomdf.com.br\/portal\/wp-content\/uploads\/2025\/02\/img1.jpg\",\"width\":1600,\"height\":1200},{\"@type\":\"BreadcrumbList\",\"@id\":\"https:\/\/sindicomdf.com.br\/portal\/sindicom-df-se-solidariza-com-trabalhadores-da-limpeza-publica\/#breadcrumb\",\"itemListElement\":[{\"@type\":\"ListItem\",\"position\":1,\"name\":\"In\u00edcio\",\"item\":\"https:\/\/sindicomdf.com.br\/portal\/\"},{\"@type\":\"ListItem\",\"position\":2,\"name\":\"Comerci\u00e1rios se solidarizam com trabalhadores da limpeza p\u00fablica\"}]},{\"@type\":\"WebSite\",\"@id\":\"https:\/\/sindicomdf.com.br\/portal\/#website\",\"url\":\"https:\/\/sindicomdf.com.br\/portal\/\",\"name\":\"SINDICOM\",\"description\":\"Sindicato dos Empregados no Com\u00e9rcio do DF\",\"potentialAction\":[{\"@type\":\"SearchAction\",\"target\":{\"@type\":\"EntryPoint\",\"urlTemplate\":\"https:\/\/sindicomdf.com.br\/portal\/?s={search_term_string}\"},\"query-input\":{\"@type\":\"PropertyValueSpecification\",\"valueRequired\":true,\"valueName\":\"search_term_string\"}}],\"inLanguage\":\"pt-BR\"},{\"@type\":\"Person\",\"@id\":\"https:\/\/sindicomdf.com.br\/portal\/#\/schema\/person\/09372242e78b757907e33fe5db53d205\",\"name\":\"Imprensa\",\"image\":{\"@type\":\"ImageObject\",\"inLanguage\":\"pt-BR\",\"@id\":\"https:\/\/sindicomdf.com.br\/portal\/#\/schema\/person\/image\/\",\"url\":\"https:\/\/secure.gravatar.com\/avatar\/060ac8086a7131ef4b79f847ca8f7acd57811aa2a477aca1d2a09b88754dd9de?s=96&d=mm&r=g\",\"contentUrl\":\"https:\/\/secure.gravatar.com\/avatar\/060ac8086a7131ef4b79f847ca8f7acd57811aa2a477aca1d2a09b88754dd9de?s=96&d=mm&r=g\",\"caption\":\"Imprensa\"},\"url\":\"https:\/\/sindicomdf.com.br\/portal\/author\/imprensa\/\"}]}<\/script>\n<!-- \/ Yoast SEO plugin. -->","yoast_head_json":{"title":"Comerci\u00e1rios se solidarizam com trabalhadores da limpeza p\u00fablica - SINDICOM","robots":{"index":"index","follow":"follow","max-snippet":"max-snippet:-1","max-image-preview":"max-image-preview:large","max-video-preview":"max-video-preview:-1"},"canonical":"https:\/\/sindicomdf.com.br\/portal\/sindicom-df-se-solidariza-com-trabalhadores-da-limpeza-publica\/","og_locale":"pt_BR","og_type":"article","og_title":"Comerci\u00e1rios se solidarizam com trabalhadores da limpeza p\u00fablica - SINDICOM","og_description":"O Sindicom-DF manifesta total apoio aos trabalhadores da limpeza p\u00fablica do Distrito Federal, que prestam servi\u00e7o para a empresa Noresa e est\u00e3o em greve desde segunda-feira (3). A paralisa\u00e7\u00e3o ocorre devido ao n\u00e3o pagamento do 13\u00ba sal\u00e1rio, do ticket alimenta\u00e7\u00e3o de dezembro e do retroativo do reajuste salarial. Al\u00e9m disso, os trabalhadores denunciam a demiss\u00e3o [&hellip;]","og_url":"https:\/\/sindicomdf.com.br\/portal\/sindicom-df-se-solidariza-com-trabalhadores-da-limpeza-publica\/","og_site_name":"SINDICOM","article_published_time":"2025-02-05T11:39:14+00:00","article_modified_time":"2025-02-12T11:39:44+00:00","og_image":[{"width":1600,"height":1200,"url":"https:\/\/sindicomdf.com.br\/portal\/wp-content\/uploads\/2025\/02\/img1.jpg","type":"image\/jpeg"}],"author":"Imprensa","twitter_card":"summary_large_image","twitter_misc":{"Escrito por":"Imprensa","Est. tempo de leitura":"2 minutos"},"schema":{"@context":"https:\/\/schema.org","@graph":[{"@type":"WebPage","@id":"https:\/\/sindicomdf.com.br\/portal\/sindicom-df-se-solidariza-com-trabalhadores-da-limpeza-publica\/","url":"https:\/\/sindicomdf.com.br\/portal\/sindicom-df-se-solidariza-com-trabalhadores-da-limpeza-publica\/","name":"Comerci\u00e1rios se solidarizam com trabalhadores da limpeza p\u00fablica - SINDICOM","isPartOf":{"@id":"https:\/\/sindicomdf.com.br\/portal\/#website"},"primaryImageOfPage":{"@id":"https:\/\/sindicomdf.com.br\/portal\/sindicom-df-se-solidariza-com-trabalhadores-da-limpeza-publica\/#primaryimage"},"image":{"@id":"https:\/\/sindicomdf.com.br\/portal\/sindicom-df-se-solidariza-com-trabalhadores-da-limpeza-publica\/#primaryimage"},"thumbnailUrl":"https:\/\/sindicomdf.com.br\/portal\/wp-content\/uploads\/2025\/02\/img1.jpg","datePublished":"2025-02-05T11:39:14+00:00","dateModified":"2025-02-12T11:39:44+00:00","author":{"@id":"https:\/\/sindicomdf.com.br\/portal\/#\/schema\/person\/09372242e78b757907e33fe5db53d205"},"breadcrumb":{"@id":"https:\/\/sindicomdf.com.br\/portal\/sindicom-df-se-solidariza-com-trabalhadores-da-limpeza-publica\/#breadcrumb"},"inLanguage":"pt-BR","potentialAction":[{"@type":"ReadAction","target":["https:\/\/sindicomdf.com.br\/portal\/sindicom-df-se-solidariza-com-trabalhadores-da-limpeza-publica\/"]}]},{"@type":"ImageObject","inLanguage":"pt-BR","@id":"https:\/\/sindicomdf.com.br\/portal\/sindicom-df-se-solidariza-com-trabalhadores-da-limpeza-publica\/#primaryimage","url":"https:\/\/sindicomdf.com.br\/portal\/wp-content\/uploads\/2025\/02\/img1.jpg","contentUrl":"https:\/\/sindicomdf.com.br\/portal\/wp-content\/uploads\/2025\/02\/img1.jpg","width":1600,"height":1200},{"@type":"BreadcrumbList","@id":"https:\/\/sindicomdf.com.br\/portal\/sindicom-df-se-solidariza-com-trabalhadores-da-limpeza-publica\/#breadcrumb","itemListElement":[{"@type":"ListItem","position":1,"name":"In\u00edcio","item":"https:\/\/sindicomdf.com.br\/portal\/"},{"@type":"ListItem","position":2,"name":"Comerci\u00e1rios se solidarizam com trabalhadores da limpeza p\u00fablica"}]},{"@type":"WebSite","@id":"https:\/\/sindicomdf.com.br\/portal\/#website","url":"https:\/\/sindicomdf.com.br\/portal\/","name":"SINDICOM","description":"Sindicato dos Empregados no Com\u00e9rcio do DF","potentialAction":[{"@type":"SearchAction","target":{"@type":"EntryPoint","urlTemplate":"https:\/\/sindicomdf.com.br\/portal\/?s={search_term_string}"},"query-input":{"@type":"PropertyValueSpecification","valueRequired":true,"valueName":"search_term_string"}}],"inLanguage":"pt-BR"},{"@type":"Person","@id":"https:\/\/sindicomdf.com.br\/portal\/#\/schema\/person\/09372242e78b757907e33fe5db53d205","name":"Imprensa","image":{"@type":"ImageObject","inLanguage":"pt-BR","@id":"https:\/\/sindicomdf.com.br\/portal\/#\/schema\/person\/image\/","url":"https:\/\/secure.gravatar.com\/avatar\/060ac8086a7131ef4b79f847ca8f7acd57811aa2a477aca1d2a09b88754dd9de?s=96&d=mm&r=g","contentUrl":"https:\/\/secure.gravatar.com\/avatar\/060ac8086a7131ef4b79f847ca8f7acd57811aa2a477aca1d2a09b88754dd9de?s=96&d=mm&r=g","caption":"Imprensa"},"url":"https:\/\/sindicomdf.com.br\/portal\/author\/imprensa\/"}]}},"_links":{"self":[{"href":"https:\/\/sindicomdf.com.br\/portal\/wp-json\/wp\/v2\/posts\/11306","targetHints":{"allow":["GET"]}}],"collection":[{"href":"https:\/\/sindicomdf.com.br\/portal\/wp-json\/wp\/v2\/posts"}],"about":[{"href":"https:\/\/sindicomdf.com.br\/portal\/wp-json\/wp\/v2\/types\/post"}],"author":[{"embeddable":true,"href":"https:\/\/sindicomdf.com.br\/portal\/wp-json\/wp\/v2\/users\/3"}],"replies":[{"embeddable":true,"href":"https:\/\/sindicomdf.com.br\/portal\/wp-json\/wp\/v2\/comments?post=11306"}],"version-history":[{"count":3,"href":"https:\/\/sindicomdf.com.br\/portal\/wp-json\/wp\/v2\/posts\/11306\/revisions"}],"predecessor-version":[{"id":11331,"href":"https:\/\/sindicomdf.com.br\/portal\/wp-json\/wp\/v2\/posts\/11306\/revisions\/11331"}],"wp:featuredmedia":[{"embeddable":true,"href":"https:\/\/sindicomdf.com.br\/portal\/wp-json\/wp\/v2\/media\/11308"}],"wp:attachment":[{"href":"https:\/\/sindicomdf.com.br\/portal\/wp-json\/wp\/v2\/media?parent=11306"}],"wp:term":[{"taxonomy":"category","embeddable":true,"href":"https:\/\/sindicomdf.com.br\/portal\/wp-json\/wp\/v2\/categories?post=11306"},{"taxonomy":"post_tag","embeddable":true,"href":"https:\/\/sindicomdf.com.br\/portal\/wp-json\/wp\/v2\/tags?post=11306"}],"curies":[{"name":"wp","href":"https:\/\/api.w.org\/{rel}","templated":true}]}}