{"id":11190,"date":"2024-11-17T20:49:16","date_gmt":"2024-11-17T20:49:16","guid":{"rendered":"https:\/\/sindicomdf.com.br\/portal\/?p=11190"},"modified":"2024-11-19T16:55:03","modified_gmt":"2024-11-19T16:55:03","slug":"sindicom-df-realiza-assembleia-geral-para-a-construcao-da-pauta-da-campanha-salarial-2025","status":"publish","type":"post","link":"https:\/\/sindicomdf.com.br\/portal\/sindicom-df-realiza-assembleia-geral-para-a-construcao-da-pauta-da-campanha-salarial-2025\/","title":{"rendered":"Sindicom-DF realiza assembleia geral para a constru\u00e7\u00e3o da pauta da campanha salarial 2025"},"content":{"rendered":"<p>Nesse domingo (17), o Sindicom-DF promoveu a assembleia geral da campanha salarial dos trabalhadores e trabalhadoras em concession\u00e1rias, locadoras, cons\u00f3rcios e distribuidores de ve\u00edculos do DF. A categoria aprovou a pauta de reivindica\u00e7\u00f5es, que agora ser\u00e1 levada para negocia\u00e7\u00e3o com os representantes patronais. \u270a\ud83d\udcdc<\/p>\n<blockquote class=\"instagram-media\" style=\"background: #FFF; border: 0; border-radius: 3px; box-shadow: 0 0 1px 0 rgba(0,0,0,0.5),0 1px 10px 0 rgba(0,0,0,0.15); margin: 1px; max-width: 540px; min-width: 326px; padding: 0; width: calc(100% - 2px);\" data-instgrm-captioned=\"\" data-instgrm-permalink=\"https:\/\/www.instagram.com\/reel\/DCffLj_uEuz\/?utm_source=ig_embed&amp;utm_campaign=loading\" data-instgrm-version=\"14\">\n<div style=\"padding: 16px;\">\n<p>&nbsp;<\/p>\n<div style=\"display: flex; flex-direction: row; align-items: center;\">\n<div style=\"background-color: #f4f4f4; border-radius: 50%; flex-grow: 0; height: 40px; margin-right: 14px; width: 40px;\"><\/div>\n<div style=\"display: flex; flex-direction: column; flex-grow: 1; justify-content: center;\">\n<div style=\"background-color: #f4f4f4; border-radius: 4px; flex-grow: 0; height: 14px; margin-bottom: 6px; width: 100px;\"><\/div>\n<div style=\"background-color: #f4f4f4; border-radius: 4px; flex-grow: 0; height: 14px; width: 60px;\"><\/div>\n<\/div>\n<\/div>\n<div style=\"padding: 19% 0;\"><\/div>\n<div style=\"display: block; height: 50px; margin: 0 auto 12px; width: 50px;\"><\/div>\n<div style=\"padding-top: 8px;\">\n<div style=\"color: #3897f0; font-family: Arial,sans-serif; font-size: 14px; font-style: normal; font-weight: 550; line-height: 18px;\">Ver essa foto no Instagram<\/div>\n<\/div>\n<div style=\"padding: 12.5% 0;\"><\/div>\n<div style=\"display: flex; flex-direction: row; margin-bottom: 14px; align-items: center;\">\n<div>\n<div style=\"background-color: #f4f4f4; border-radius: 50%; height: 12.5px; width: 12.5px; transform: translateX(0px) translateY(7px);\"><\/div>\n<div style=\"background-color: #f4f4f4; height: 12.5px; transform: rotate(-45deg) translateX(3px) translateY(1px); width: 12.5px; flex-grow: 0; margin-right: 14px; margin-left: 2px;\"><\/div>\n<div style=\"background-color: #f4f4f4; border-radius: 50%; height: 12.5px; width: 12.5px; transform: translateX(9px) translateY(-18px);\"><\/div>\n<\/div>\n<div style=\"margin-left: 8px;\">\n<div style=\"background-color: #f4f4f4; border-radius: 50%; flex-grow: 0; height: 20px; width: 20px;\"><\/div>\n<div style=\"width: 0; height: 0; border-top: 2px solid transparent; border-left: 6px solid #f4f4f4; border-bottom: 2px solid transparent; transform: translateX(16px) translateY(-4px) rotate(30deg);\"><\/div>\n<\/div>\n<div style=\"margin-left: auto;\">\n<div style=\"width: 0px; border-top: 8px solid #F4F4F4; border-right: 8px solid transparent; transform: translateY(16px);\"><\/div>\n<div style=\"background-color: #f4f4f4; flex-grow: 0; height: 12px; width: 16px; transform: translateY(-4px);\"><\/div>\n<div style=\"width: 0; height: 0; border-top: 8px solid #F4F4F4; border-left: 8px solid transparent; transform: translateY(-4px) translateX(8px);\"><\/div>\n<\/div>\n<\/div>\n<div style=\"display: flex; flex-direction: column; flex-grow: 1; justify-content: center; margin-bottom: 24px;\">\n<div style=\"background-color: #f4f4f4; border-radius: 4px; flex-grow: 0; height: 14px; margin-bottom: 6px; width: 224px;\"><\/div>\n<div style=\"background-color: #f4f4f4; border-radius: 4px; flex-grow: 0; height: 14px; width: 144px;\"><\/div>\n<\/div>\n<p>&nbsp;<\/p>\n<p style=\"color: #c9c8cd; font-family: Arial,sans-serif; font-size: 14px; line-height: 17px; margin-bottom: 0; margin-top: 8px; overflow: hidden; padding: 8px 0 7px; text-align: center; text-overflow: ellipsis; white-space: nowrap;\"><a style=\"color: #c9c8cd; font-family: Arial,sans-serif; font-size: 14px; font-style: normal; font-weight: normal; line-height: 17px; text-decoration: none;\" href=\"https:\/\/www.instagram.com\/reel\/DCffLj_uEuz\/?utm_source=ig_embed&amp;utm_campaign=loading\" target=\"_blank\" rel=\"noopener\">Uma publica\u00e7\u00e3o compartilhada por Sindicom DF (@sindicomdf)<\/a><\/center><\/p>\n<\/div>\n<\/blockquote>\n<p><script async src=\"\/\/www.instagram.com\/embed.js\"><\/script><\/p>\n","protected":false},"excerpt":{"rendered":"<p>Nesse domingo (17), o Sindicom-DF promoveu a assembleia geral da campanha salarial dos trabalhadores e trabalhadoras em concession\u00e1rias, locadoras, cons\u00f3rcios e distribuidores de ve\u00edculos do DF. A categoria aprovou a pauta de reivindica\u00e7\u00f5es, que agora ser\u00e1 levada para negocia\u00e7\u00e3o com os representantes patronais. \u270a\ud83d\udcdc &nbsp; Ver essa foto no Instagram &nbsp; Uma publica\u00e7\u00e3o compartilhada por [&hellip;]<\/p>\n","protected":false},"author":3,"featured_media":11191,"comment_status":"open","ping_status":"open","sticky":false,"template":"","format":"standard","meta":{"_bbp_topic_count":0,"_bbp_reply_count":0,"_bbp_total_topic_count":0,"_bbp_total_reply_count":0,"_bbp_voice_count":0,"_bbp_anonymous_reply_count":0,"_bbp_topic_count_hidden":0,"_bbp_reply_count_hidden":0,"_bbp_forum_subforum_count":0,"footnotes":""},"categories":[56],"tags":[],"class_list":{"0":"post-11190","1":"post","2":"type-post","3":"status-publish","4":"format-standard","5":"has-post-thumbnail","7":"category-assembleia"},"yoast_head":"<!-- This site is optimized with the Yoast SEO plugin v23.7 - https:\/\/yoast.com\/wordpress\/plugins\/seo\/ -->\n<title>Sindicom-DF realiza assembleia geral para a constru\u00e7\u00e3o da pauta da campanha salarial 2025 - SINDICOM<\/title>\n<meta name=\"robots\" content=\"index, follow, max-snippet:-1, max-image-preview:large, max-video-preview:-1\" \/>\n<link rel=\"canonical\" href=\"https:\/\/sindicomdf.com.br\/portal\/sindicom-df-realiza-assembleia-geral-para-a-construcao-da-pauta-da-campanha-salarial-2025\/\" \/>\n<meta property=\"og:locale\" content=\"pt_BR\" \/>\n<meta property=\"og:type\" content=\"article\" \/>\n<meta property=\"og:title\" content=\"Sindicom-DF realiza assembleia geral para a constru\u00e7\u00e3o da pauta da campanha salarial 2025 - SINDICOM\" \/>\n<meta property=\"og:description\" content=\"Nesse domingo (17), o Sindicom-DF promoveu a assembleia geral da campanha salarial dos trabalhadores e trabalhadoras em concession\u00e1rias, locadoras, cons\u00f3rcios e distribuidores de ve\u00edculos do DF. A categoria aprovou a pauta de reivindica\u00e7\u00f5es, que agora ser\u00e1 levada para negocia\u00e7\u00e3o com os representantes patronais. \u270a\ud83d\udcdc &nbsp; Ver essa foto no Instagram &nbsp; Uma publica\u00e7\u00e3o compartilhada por [&hellip;]\" \/>\n<meta property=\"og:url\" content=\"https:\/\/sindicomdf.com.br\/portal\/sindicom-df-realiza-assembleia-geral-para-a-construcao-da-pauta-da-campanha-salarial-2025\/\" \/>\n<meta property=\"og:site_name\" content=\"SINDICOM\" \/>\n<meta property=\"article:published_time\" content=\"2024-11-17T20:49:16+00:00\" \/>\n<meta property=\"article:modified_time\" content=\"2024-11-19T16:55:03+00:00\" \/>\n<meta property=\"og:image\" content=\"https:\/\/sindicomdf.com.br\/portal\/wp-content\/uploads\/2024\/11\/img54.jpg\" \/>\n\t<meta property=\"og:image:width\" content=\"700\" \/>\n\t<meta property=\"og:image:height\" content=\"464\" \/>\n\t<meta property=\"og:image:type\" content=\"image\/jpeg\" \/>\n<meta name=\"author\" content=\"Imprensa\" \/>\n<meta name=\"twitter:card\" content=\"summary_large_image\" \/>\n<meta name=\"twitter:label1\" content=\"Escrito por\" \/>\n\t<meta name=\"twitter:data1\" content=\"Imprensa\" \/>\n\t<meta name=\"twitter:label2\" content=\"Est. tempo de leitura\" \/>\n\t<meta name=\"twitter:data2\" content=\"1 minuto\" \/>\n<script type=\"application\/ld+json\" class=\"yoast-schema-graph\">{\"@context\":\"https:\/\/schema.org\",\"@graph\":[{\"@type\":\"WebPage\",\"@id\":\"https:\/\/sindicomdf.com.br\/portal\/sindicom-df-realiza-assembleia-geral-para-a-construcao-da-pauta-da-campanha-salarial-2025\/\",\"url\":\"https:\/\/sindicomdf.com.br\/portal\/sindicom-df-realiza-assembleia-geral-para-a-construcao-da-pauta-da-campanha-salarial-2025\/\",\"name\":\"Sindicom-DF realiza assembleia geral para a constru\u00e7\u00e3o da pauta da campanha salarial 2025 - SINDICOM\",\"isPartOf\":{\"@id\":\"https:\/\/sindicomdf.com.br\/portal\/#website\"},\"primaryImageOfPage\":{\"@id\":\"https:\/\/sindicomdf.com.br\/portal\/sindicom-df-realiza-assembleia-geral-para-a-construcao-da-pauta-da-campanha-salarial-2025\/#primaryimage\"},\"image\":{\"@id\":\"https:\/\/sindicomdf.com.br\/portal\/sindicom-df-realiza-assembleia-geral-para-a-construcao-da-pauta-da-campanha-salarial-2025\/#primaryimage\"},\"thumbnailUrl\":\"https:\/\/sindicomdf.com.br\/portal\/wp-content\/uploads\/2024\/11\/img54.jpg\",\"datePublished\":\"2024-11-17T20:49:16+00:00\",\"dateModified\":\"2024-11-19T16:55:03+00:00\",\"author\":{\"@id\":\"https:\/\/sindicomdf.com.br\/portal\/#\/schema\/person\/09372242e78b757907e33fe5db53d205\"},\"breadcrumb\":{\"@id\":\"https:\/\/sindicomdf.com.br\/portal\/sindicom-df-realiza-assembleia-geral-para-a-construcao-da-pauta-da-campanha-salarial-2025\/#breadcrumb\"},\"inLanguage\":\"pt-BR\",\"potentialAction\":[{\"@type\":\"ReadAction\",\"target\":[\"https:\/\/sindicomdf.com.br\/portal\/sindicom-df-realiza-assembleia-geral-para-a-construcao-da-pauta-da-campanha-salarial-2025\/\"]}]},{\"@type\":\"ImageObject\",\"inLanguage\":\"pt-BR\",\"@id\":\"https:\/\/sindicomdf.com.br\/portal\/sindicom-df-realiza-assembleia-geral-para-a-construcao-da-pauta-da-campanha-salarial-2025\/#primaryimage\",\"url\":\"https:\/\/sindicomdf.com.br\/portal\/wp-content\/uploads\/2024\/11\/img54.jpg\",\"contentUrl\":\"https:\/\/sindicomdf.com.br\/portal\/wp-content\/uploads\/2024\/11\/img54.jpg\",\"width\":700,\"height\":464},{\"@type\":\"BreadcrumbList\",\"@id\":\"https:\/\/sindicomdf.com.br\/portal\/sindicom-df-realiza-assembleia-geral-para-a-construcao-da-pauta-da-campanha-salarial-2025\/#breadcrumb\",\"itemListElement\":[{\"@type\":\"ListItem\",\"position\":1,\"name\":\"In\u00edcio\",\"item\":\"https:\/\/sindicomdf.com.br\/portal\/\"},{\"@type\":\"ListItem\",\"position\":2,\"name\":\"Sindicom-DF realiza assembleia geral para a constru\u00e7\u00e3o da pauta da campanha salarial 2025\"}]},{\"@type\":\"WebSite\",\"@id\":\"https:\/\/sindicomdf.com.br\/portal\/#website\",\"url\":\"https:\/\/sindicomdf.com.br\/portal\/\",\"name\":\"SINDICOM\",\"description\":\"Sindicato dos Empregados no Com\u00e9rcio do DF\",\"potentialAction\":[{\"@type\":\"SearchAction\",\"target\":{\"@type\":\"EntryPoint\",\"urlTemplate\":\"https:\/\/sindicomdf.com.br\/portal\/?s={search_term_string}\"},\"query-input\":{\"@type\":\"PropertyValueSpecification\",\"valueRequired\":true,\"valueName\":\"search_term_string\"}}],\"inLanguage\":\"pt-BR\"},{\"@type\":\"Person\",\"@id\":\"https:\/\/sindicomdf.com.br\/portal\/#\/schema\/person\/09372242e78b757907e33fe5db53d205\",\"name\":\"Imprensa\",\"image\":{\"@type\":\"ImageObject\",\"inLanguage\":\"pt-BR\",\"@id\":\"https:\/\/sindicomdf.com.br\/portal\/#\/schema\/person\/image\/\",\"url\":\"https:\/\/secure.gravatar.com\/avatar\/060ac8086a7131ef4b79f847ca8f7acd57811aa2a477aca1d2a09b88754dd9de?s=96&d=mm&r=g\",\"contentUrl\":\"https:\/\/secure.gravatar.com\/avatar\/060ac8086a7131ef4b79f847ca8f7acd57811aa2a477aca1d2a09b88754dd9de?s=96&d=mm&r=g\",\"caption\":\"Imprensa\"},\"url\":\"https:\/\/sindicomdf.com.br\/portal\/author\/imprensa\/\"}]}<\/script>\n<!-- \/ Yoast SEO plugin. -->","yoast_head_json":{"title":"Sindicom-DF realiza assembleia geral para a constru\u00e7\u00e3o da pauta da campanha salarial 2025 - SINDICOM","robots":{"index":"index","follow":"follow","max-snippet":"max-snippet:-1","max-image-preview":"max-image-preview:large","max-video-preview":"max-video-preview:-1"},"canonical":"https:\/\/sindicomdf.com.br\/portal\/sindicom-df-realiza-assembleia-geral-para-a-construcao-da-pauta-da-campanha-salarial-2025\/","og_locale":"pt_BR","og_type":"article","og_title":"Sindicom-DF realiza assembleia geral para a constru\u00e7\u00e3o da pauta da campanha salarial 2025 - SINDICOM","og_description":"Nesse domingo (17), o Sindicom-DF promoveu a assembleia geral da campanha salarial dos trabalhadores e trabalhadoras em concession\u00e1rias, locadoras, cons\u00f3rcios e distribuidores de ve\u00edculos do DF. A categoria aprovou a pauta de reivindica\u00e7\u00f5es, que agora ser\u00e1 levada para negocia\u00e7\u00e3o com os representantes patronais. \u270a\ud83d\udcdc &nbsp; Ver essa foto no Instagram &nbsp; Uma publica\u00e7\u00e3o compartilhada por [&hellip;]","og_url":"https:\/\/sindicomdf.com.br\/portal\/sindicom-df-realiza-assembleia-geral-para-a-construcao-da-pauta-da-campanha-salarial-2025\/","og_site_name":"SINDICOM","article_published_time":"2024-11-17T20:49:16+00:00","article_modified_time":"2024-11-19T16:55:03+00:00","og_image":[{"width":700,"height":464,"url":"https:\/\/sindicomdf.com.br\/portal\/wp-content\/uploads\/2024\/11\/img54.jpg","type":"image\/jpeg"}],"author":"Imprensa","twitter_card":"summary_large_image","twitter_misc":{"Escrito por":"Imprensa","Est. tempo de leitura":"1 minuto"},"schema":{"@context":"https:\/\/schema.org","@graph":[{"@type":"WebPage","@id":"https:\/\/sindicomdf.com.br\/portal\/sindicom-df-realiza-assembleia-geral-para-a-construcao-da-pauta-da-campanha-salarial-2025\/","url":"https:\/\/sindicomdf.com.br\/portal\/sindicom-df-realiza-assembleia-geral-para-a-construcao-da-pauta-da-campanha-salarial-2025\/","name":"Sindicom-DF realiza assembleia geral para a constru\u00e7\u00e3o da pauta da campanha salarial 2025 - SINDICOM","isPartOf":{"@id":"https:\/\/sindicomdf.com.br\/portal\/#website"},"primaryImageOfPage":{"@id":"https:\/\/sindicomdf.com.br\/portal\/sindicom-df-realiza-assembleia-geral-para-a-construcao-da-pauta-da-campanha-salarial-2025\/#primaryimage"},"image":{"@id":"https:\/\/sindicomdf.com.br\/portal\/sindicom-df-realiza-assembleia-geral-para-a-construcao-da-pauta-da-campanha-salarial-2025\/#primaryimage"},"thumbnailUrl":"https:\/\/sindicomdf.com.br\/portal\/wp-content\/uploads\/2024\/11\/img54.jpg","datePublished":"2024-11-17T20:49:16+00:00","dateModified":"2024-11-19T16:55:03+00:00","author":{"@id":"https:\/\/sindicomdf.com.br\/portal\/#\/schema\/person\/09372242e78b757907e33fe5db53d205"},"breadcrumb":{"@id":"https:\/\/sindicomdf.com.br\/portal\/sindicom-df-realiza-assembleia-geral-para-a-construcao-da-pauta-da-campanha-salarial-2025\/#breadcrumb"},"inLanguage":"pt-BR","potentialAction":[{"@type":"ReadAction","target":["https:\/\/sindicomdf.com.br\/portal\/sindicom-df-realiza-assembleia-geral-para-a-construcao-da-pauta-da-campanha-salarial-2025\/"]}]},{"@type":"ImageObject","inLanguage":"pt-BR","@id":"https:\/\/sindicomdf.com.br\/portal\/sindicom-df-realiza-assembleia-geral-para-a-construcao-da-pauta-da-campanha-salarial-2025\/#primaryimage","url":"https:\/\/sindicomdf.com.br\/portal\/wp-content\/uploads\/2024\/11\/img54.jpg","contentUrl":"https:\/\/sindicomdf.com.br\/portal\/wp-content\/uploads\/2024\/11\/img54.jpg","width":700,"height":464},{"@type":"BreadcrumbList","@id":"https:\/\/sindicomdf.com.br\/portal\/sindicom-df-realiza-assembleia-geral-para-a-construcao-da-pauta-da-campanha-salarial-2025\/#breadcrumb","itemListElement":[{"@type":"ListItem","position":1,"name":"In\u00edcio","item":"https:\/\/sindicomdf.com.br\/portal\/"},{"@type":"ListItem","position":2,"name":"Sindicom-DF realiza assembleia geral para a constru\u00e7\u00e3o da pauta da campanha salarial 2025"}]},{"@type":"WebSite","@id":"https:\/\/sindicomdf.com.br\/portal\/#website","url":"https:\/\/sindicomdf.com.br\/portal\/","name":"SINDICOM","description":"Sindicato dos Empregados no Com\u00e9rcio do DF","potentialAction":[{"@type":"SearchAction","target":{"@type":"EntryPoint","urlTemplate":"https:\/\/sindicomdf.com.br\/portal\/?s={search_term_string}"},"query-input":{"@type":"PropertyValueSpecification","valueRequired":true,"valueName":"search_term_string"}}],"inLanguage":"pt-BR"},{"@type":"Person","@id":"https:\/\/sindicomdf.com.br\/portal\/#\/schema\/person\/09372242e78b757907e33fe5db53d205","name":"Imprensa","image":{"@type":"ImageObject","inLanguage":"pt-BR","@id":"https:\/\/sindicomdf.com.br\/portal\/#\/schema\/person\/image\/","url":"https:\/\/secure.gravatar.com\/avatar\/060ac8086a7131ef4b79f847ca8f7acd57811aa2a477aca1d2a09b88754dd9de?s=96&d=mm&r=g","contentUrl":"https:\/\/secure.gravatar.com\/avatar\/060ac8086a7131ef4b79f847ca8f7acd57811aa2a477aca1d2a09b88754dd9de?s=96&d=mm&r=g","caption":"Imprensa"},"url":"https:\/\/sindicomdf.com.br\/portal\/author\/imprensa\/"}]}},"_links":{"self":[{"href":"https:\/\/sindicomdf.com.br\/portal\/wp-json\/wp\/v2\/posts\/11190","targetHints":{"allow":["GET"]}}],"collection":[{"href":"https:\/\/sindicomdf.com.br\/portal\/wp-json\/wp\/v2\/posts"}],"about":[{"href":"https:\/\/sindicomdf.com.br\/portal\/wp-json\/wp\/v2\/types\/post"}],"author":[{"embeddable":true,"href":"https:\/\/sindicomdf.com.br\/portal\/wp-json\/wp\/v2\/users\/3"}],"replies":[{"embeddable":true,"href":"https:\/\/sindicomdf.com.br\/portal\/wp-json\/wp\/v2\/comments?post=11190"}],"version-history":[{"count":3,"href":"https:\/\/sindicomdf.com.br\/portal\/wp-json\/wp\/v2\/posts\/11190\/revisions"}],"predecessor-version":[{"id":11194,"href":"https:\/\/sindicomdf.com.br\/portal\/wp-json\/wp\/v2\/posts\/11190\/revisions\/11194"}],"wp:featuredmedia":[{"embeddable":true,"href":"https:\/\/sindicomdf.com.br\/portal\/wp-json\/wp\/v2\/media\/11191"}],"wp:attachment":[{"href":"https:\/\/sindicomdf.com.br\/portal\/wp-json\/wp\/v2\/media?parent=11190"}],"wp:term":[{"taxonomy":"category","embeddable":true,"href":"https:\/\/sindicomdf.com.br\/portal\/wp-json\/wp\/v2\/categories?post=11190"},{"taxonomy":"post_tag","embeddable":true,"href":"https:\/\/sindicomdf.com.br\/portal\/wp-json\/wp\/v2\/tags?post=11190"}],"curies":[{"name":"wp","href":"https:\/\/api.w.org\/{rel}","templated":true}]}}